{"id":22615,"date":"2024-10-31T07:09:06","date_gmt":"2024-10-31T11:39:06","guid":{"rendered":"https:\/\/esviafm.com\/?p=22615"},"modified":"2024-10-31T07:09:06","modified_gmt":"2024-10-31T11:39:06","slug":"venezuela-convoca-a-encargado-de-negocios-de-brasil-y-repudia-injerencia-de-amorim","status":"publish","type":"post","link":"https:\/\/esviafm.com\/index.php\/venezuela-convoca-a-encargado-de-negocios-de-brasil-y-repudia-injerencia-de-amorim\/","title":{"rendered":"Venezuela convoca a encargado de negocios de Brasil y repudia injerencia de Amorim"},"content":{"rendered":"<p>La Canciller\u00eda de la Rep\u00fablica convoc\u00f3 al encargado de negocios de Brasil para manifestarle su m\u00e1s firme y contundente rechazo a las constantes declaraciones injerencistas y groseras de parte de voceros del Gobierno de ese pa\u00eds, espec\u00edficamente las de\u00a0<a href=\"https:\/\/ultimasnoticias.com.ve\/noticias\/politica\/jorge-rodriguez-amorim-mas-enviado-de-eeuu-que-de-lula\/\">Celso Amorim<\/a>.<\/p>\n<p>Mediante un comunicado, el Ministerio para las Relaciones Exteriores fija su posici\u00f3n respecto al comportamiento de algunos representantes de la pol\u00edtica exterior del vecino pa\u00eds respecto a Venezuela, muy especialmente de parte del asesor especial en asuntos exteriores, Celso Amorim, al cual califican de \u201cmensajero del imperialismo norteamericano\u201d, quien a juicio de la Canciller\u00eda venezolana se ha dedicado a entorpecer las relaciones entre ambas naciones.<\/p>\n<p>Asimismo, se le se\u00f1ala de mantener comportamientos que atentan contra la unidad y solidaridad latinoamericana, evidenciado a trav\u00e9s del veto de Brasil contra Venezuela en la Cumbre Brics en Kaz\u00e1n.<\/p>\n<p>Por \u00faltimo, en el texto se afirma que tambi\u00e9n se ha llamado a consultas \u201cde manera inmediata\u201d al embajador de Venezuela en Brasil, Manuel Vadell.<\/p>\n<p>El Ministerio del Poder Popular para Relaciones Exteriores de la Rep\u00fablica Bolivariana de Venezuela ha convocado, el d\u00eda de hoy, al Encargado de Negocios de la Rep\u00fablica Federativa del Brasil, a los fines de manifestar su m\u00e1s firme rechazo a las recurrentes declaraciones injerencistas y groseras de voceros autorizados por el Gobierno brasile\u00f1o, en particular a las ofrecidas por el Asesor Especial en Asuntos Exteriores, Celso Amorim, quien comport\u00e1ndose m\u00e1s como un mensajero del imperialismo norteamericano, se ha dedicado de manera impertinente a emitir juicios de valor sobre procesos que solo le corresponden a los venezolanos, las venezolanas y a sus instituciones democr\u00e1ticas, lo cual constituye una agresi\u00f3n constante, que mina las relaciones pol\u00edticas y diplom\u00e1ticas entre los Estados, amenazando los lazos que nos unen a ambos pa\u00edses.<\/p>\n<p>De la misma manera, se le ha manifestado el total repudio a la actitud anti latinoamericana, en contra de los principios fundamentales de la integraci\u00f3n regional, expresados en la Comunidad de Estados Latinoamericanos y Caribe\u00f1os (CELAC), as\u00ed como en la larga historia de unidad en nuestra regi\u00f3n, consumada en el veto aplicado por Brasil en la Cumbre BRICS en Kaz\u00e1n, con el cual se excluy\u00f3 a Venezuela de la lista de invitados a miembros asociados de dicha organizaci\u00f3n.<\/p>\n<p>As\u00ed mismo, denunciamos el comportamiento irracional de los diplom\u00e1ticos brasile\u00f1os, quienes, contraviniendo la aprobaci\u00f3n del resto de miembros de los BRICS, asumieron una pol\u00edtica de bloqueo, similar a la pol\u00edtica de Medidas Coercitivas Unilaterales y de castigo colectivo a todo el pueblo venezolano.<\/p>\n<p>Se le expres\u00f3 que Venezuela se reserva, en el marco de su pol\u00edtica exterior, las acciones necesarias en respuesta a dicha actitud, que compromete la colaboraci\u00f3n y trabajo conjunto que hasta ahora se hab\u00eda desarrollado en todos los espacios multilaterales.<\/p>\n<p>Finalmente, se informa a la comunidad nacional e internacional que, siguiendo instrucciones del Presidente Nicol\u00e1s Maduro Moros, se ha decidido convocar a consultas, de manera inmediata, al Embajador Manuel Vadell, quien ejerce nuestra representaci\u00f3n en Brasilia.<\/p>\n<p>Caracas, 30 de octubre de 2024<\/p>\n<div class=\"pvc_clear\"><\/div>\n<p id=\"pvc_stats_22615\" class=\"pvc_stats all  \" data-element-id=\"22615\" style=\"\"><i class=\"pvc-stats-icon large\" aria-hidden=\"true\"><svg xmlns=\"http:\/\/www.w3.org\/2000\/svg\" version=\"1.0\" viewBox=\"0 0 502 315\" preserveAspectRatio=\"xMidYMid meet\"><g transform=\"translate(0,332) scale(0.1,-0.1)\" fill=\"\" stroke=\"none\"><path d=\"M2394 3279 l-29 -30 -3 -207 c-2 -182 0 -211 15 -242 39 -76 157 -76 196 0 15 31 17 60 15 243 l-3 209 -33 29 c-26 23 -41 29 -80 29 -41 0 -53 -5 -78 -31z\"\/><path d=\"M3085 3251 c-45 -19 -58 -50 -96 -229 -47 -217 -49 -260 -13 -295 52 -53 146 -42 177 20 16 31 87 366 87 410 0 70 -86 122 -155 94z\"\/><path d=\"M1751 3234 c-13 -9 -29 -31 -37 -50 -12 -29 -10 -49 21 -204 19 -94 39 -189 45 -210 14 -50 54 -80 110 -80 34 0 48 6 76 34 21 21 34 44 34 59 0 14 -18 113 -40 219 -37 178 -43 195 -70 221 -36 32 -101 37 -139 11z\"\/><path d=\"M1163 3073 c-36 -7 -73 -59 -73 -102 0 -56 133 -378 171 -413 34 -32 83 -37 129 -13 70 36 67 87 -16 290 -86 209 -89 214 -129 231 -35 14 -42 15 -82 7z\"\/><path d=\"M3689 3066 c-15 -9 -33 -30 -42 -48 -48 -103 -147 -355 -147 -375 0 -98 131 -148 192 -74 13 15 57 108 97 206 80 196 84 226 37 273 -30 30 -99 39 -137 18z\"\/><path d=\"M583 2784 c-38 -19 -67 -74 -58 -113 9 -42 211 -354 242 -373 16 -10 45 -18 66 -18 51 0 107 52 107 100 0 39 -1 41 -124 234 -80 126 -108 162 -133 173 -41 17 -61 16 -100 -3z\"\/><path d=\"M4250 2784 c-14 -9 -74 -91 -133 -183 -95 -150 -107 -173 -107 -213 0 -55 33 -94 87 -104 67 -13 90 8 211 198 130 202 137 225 78 284 -27 27 -42 34 -72 34 -22 0 -50 -8 -64 -16z\"\/><path d=\"M2275 2693 c-553 -48 -1095 -270 -1585 -649 -135 -104 -459 -423 -483 -476 -23 -49 -22 -139 2 -186 73 -142 361 -457 571 -626 285 -228 642 -407 990 -497 242 -63 336 -73 660 -74 310 0 370 5 595 52 535 111 1045 392 1455 803 122 121 250 273 275 326 19 41 19 137 0 174 -41 79 -309 363 -465 492 -447 370 -946 591 -1479 653 -113 14 -422 18 -536 8z m395 -428 c171 -34 330 -124 456 -258 112 -119 167 -219 211 -378 27 -96 24 -300 -5 -401 -72 -255 -236 -447 -474 -557 -132 -62 -201 -76 -368 -76 -167 0 -236 14 -368 76 -213 98 -373 271 -451 485 -162 444 86 934 547 1084 153 49 292 57 452 25z m909 -232 c222 -123 408 -262 593 -441 76 -74 138 -139 138 -144 0 -16 -233 -242 -330 -319 -155 -123 -309 -223 -461 -299 l-81 -41 32 46 c18 26 49 83 70 128 143 306 141 649 -6 957 -25 52 -61 116 -79 142 l-34 47 45 -20 c26 -10 76 -36 113 -56z m-2057 25 c-40 -58 -105 -190 -130 -263 -110 -324 -59 -707 132 -981 25 -35 42 -64 37 -64 -19 0 -241 119 -326 174 -188 122 -406 314 -532 468 l-58 71 108 103 c185 178 428 349 672 473 66 33 121 60 123 61 2 0 -10 -19 -26 -42z\"\/><path d=\"M2375 1950 c-198 -44 -350 -190 -395 -379 -18 -76 -8 -221 19 -290 114 -284 457 -406 731 -260 98 52 188 154 231 260 27 69 37 214 19 290 -38 163 -166 304 -326 360 -67 23 -215 33 -279 19z\"\/><\/g><\/svg><\/i> <img decoding=\"async\" width=\"16\" height=\"16\" alt=\"Loading\" src=\"https:\/\/esviafm.com\/wp-content\/plugins\/page-views-count\/ajax-loader-2x.gif\" border=0 \/><\/p>\n<div class=\"pvc_clear\"><\/div>\n","protected":false},"excerpt":{"rendered":"<p>La Canciller\u00eda de la Rep\u00fablica convoc\u00f3 al encargado de negocios de Brasil para manifestarle su m\u00e1s firme y contundente rechazo a las constantes declaraciones injerencistas y groseras de parte de voceros del Gobierno de ese pa\u00eds, espec\u00edficamente las de\u00a0Celso Amorim. Mediante un comunicado, el Ministerio para las Relaciones Exteriores fija su posici\u00f3n respecto al comportamiento [&hellip;]<\/p>\n<div class=\"pvc_clear\"><\/div>\n<p id=\"pvc_stats_22615\" class=\"pvc_stats all  \" data-element-id=\"22615\" style=\"\"><i class=\"pvc-stats-icon large\" aria-hidden=\"true\"><svg xmlns=\"http:\/\/www.w3.org\/2000\/svg\" version=\"1.0\" viewBox=\"0 0 502 315\" preserveAspectRatio=\"xMidYMid meet\"><g transform=\"translate(0,332) scale(0.1,-0.1)\" fill=\"\" stroke=\"none\"><path d=\"M2394 3279 l-29 -30 -3 -207 c-2 -182 0 -211 15 -242 39 -76 157 -76 196 0 15 31 17 60 15 243 l-3 209 -33 29 c-26 23 -41 29 -80 29 -41 0 -53 -5 -78 -31z\"\/><path d=\"M3085 3251 c-45 -19 -58 -50 -96 -229 -47 -217 -49 -260 -13 -295 52 -53 146 -42 177 20 16 31 87 366 87 410 0 70 -86 122 -155 94z\"\/><path d=\"M1751 3234 c-13 -9 -29 -31 -37 -50 -12 -29 -10 -49 21 -204 19 -94 39 -189 45 -210 14 -50 54 -80 110 -80 34 0 48 6 76 34 21 21 34 44 34 59 0 14 -18 113 -40 219 -37 178 -43 195 -70 221 -36 32 -101 37 -139 11z\"\/><path d=\"M1163 3073 c-36 -7 -73 -59 -73 -102 0 -56 133 -378 171 -413 34 -32 83 -37 129 -13 70 36 67 87 -16 290 -86 209 -89 214 -129 231 -35 14 -42 15 -82 7z\"\/><path d=\"M3689 3066 c-15 -9 -33 -30 -42 -48 -48 -103 -147 -355 -147 -375 0 -98 131 -148 192 -74 13 15 57 108 97 206 80 196 84 226 37 273 -30 30 -99 39 -137 18z\"\/><path d=\"M583 2784 c-38 -19 -67 -74 -58 -113 9 -42 211 -354 242 -373 16 -10 45 -18 66 -18 51 0 107 52 107 100 0 39 -1 41 -124 234 -80 126 -108 162 -133 173 -41 17 -61 16 -100 -3z\"\/><path d=\"M4250 2784 c-14 -9 -74 -91 -133 -183 -95 -150 -107 -173 -107 -213 0 -55 33 -94 87 -104 67 -13 90 8 211 198 130 202 137 225 78 284 -27 27 -42 34 -72 34 -22 0 -50 -8 -64 -16z\"\/><path d=\"M2275 2693 c-553 -48 -1095 -270 -1585 -649 -135 -104 -459 -423 -483 -476 -23 -49 -22 -139 2 -186 73 -142 361 -457 571 -626 285 -228 642 -407 990 -497 242 -63 336 -73 660 -74 310 0 370 5 595 52 535 111 1045 392 1455 803 122 121 250 273 275 326 19 41 19 137 0 174 -41 79 -309 363 -465 492 -447 370 -946 591 -1479 653 -113 14 -422 18 -536 8z m395 -428 c171 -34 330 -124 456 -258 112 -119 167 -219 211 -378 27 -96 24 -300 -5 -401 -72 -255 -236 -447 -474 -557 -132 -62 -201 -76 -368 -76 -167 0 -236 14 -368 76 -213 98 -373 271 -451 485 -162 444 86 934 547 1084 153 49 292 57 452 25z m909 -232 c222 -123 408 -262 593 -441 76 -74 138 -139 138 -144 0 -16 -233 -242 -330 -319 -155 -123 -309 -223 -461 -299 l-81 -41 32 46 c18 26 49 83 70 128 143 306 141 649 -6 957 -25 52 -61 116 -79 142 l-34 47 45 -20 c26 -10 76 -36 113 -56z m-2057 25 c-40 -58 -105 -190 -130 -263 -110 -324 -59 -707 132 -981 25 -35 42 -64 37 -64 -19 0 -241 119 -326 174 -188 122 -406 314 -532 468 l-58 71 108 103 c185 178 428 349 672 473 66 33 121 60 123 61 2 0 -10 -19 -26 -42z\"\/><path d=\"M2375 1950 c-198 -44 -350 -190 -395 -379 -18 -76 -8 -221 19 -290 114 -284 457 -406 731 -260 98 52 188 154 231 260 27 69 37 214 19 290 -38 163 -166 304 -326 360 -67 23 -215 33 -279 19z\"\/><\/g><\/svg><\/i> <img decoding=\"async\" width=\"16\" height=\"16\" alt=\"Loading\" src=\"https:\/\/esviafm.com\/wp-content\/plugins\/page-views-count\/ajax-loader-2x.gif\" border=0 \/><\/p>\n<div class=\"pvc_clear\"><\/div>\n","protected":false},"author":1,"featured_media":0,"comment_status":"open","ping_status":"open","sticky":false,"template":"","format":"standard","meta":{"_et_pb_use_builder":"","_et_pb_old_content":"","_et_gb_content_width":"","footnotes":""},"categories":[25],"tags":[],"class_list":["post-22615","post","type-post","status-publish","format-standard","hentry","category-nacionales"],"_links":{"self":[{"href":"https:\/\/esviafm.com\/index.php\/wp-json\/wp\/v2\/posts\/22615","targetHints":{"allow":["GET"]}}],"collection":[{"href":"https:\/\/esviafm.com\/index.php\/wp-json\/wp\/v2\/posts"}],"about":[{"href":"https:\/\/esviafm.com\/index.php\/wp-json\/wp\/v2\/types\/post"}],"author":[{"embeddable":true,"href":"https:\/\/esviafm.com\/index.php\/wp-json\/wp\/v2\/users\/1"}],"replies":[{"embeddable":true,"href":"https:\/\/esviafm.com\/index.php\/wp-json\/wp\/v2\/comments?post=22615"}],"version-history":[{"count":1,"href":"https:\/\/esviafm.com\/index.php\/wp-json\/wp\/v2\/posts\/22615\/revisions"}],"predecessor-version":[{"id":22617,"href":"https:\/\/esviafm.com\/index.php\/wp-json\/wp\/v2\/posts\/22615\/revisions\/22617"}],"wp:attachment":[{"href":"https:\/\/esviafm.com\/index.php\/wp-json\/wp\/v2\/media?parent=22615"}],"wp:term":[{"taxonomy":"category","embeddable":true,"href":"https:\/\/esviafm.com\/index.php\/wp-json\/wp\/v2\/categories?post=22615"},{"taxonomy":"post_tag","embeddable":true,"href":"https:\/\/esviafm.com\/index.php\/wp-json\/wp\/v2\/tags?post=22615"}],"curies":[{"name":"wp","href":"https:\/\/api.w.org\/{rel}","templated":true}]}}