{"id":22452,"date":"2024-10-28T06:48:38","date_gmt":"2024-10-28T11:18:38","guid":{"rendered":"https:\/\/esviafm.com\/?p=22452"},"modified":"2024-10-28T06:48:38","modified_gmt":"2024-10-28T11:18:38","slug":"capriles-sobre-la-situacion-politica-este-juego-no-lo-tranco-maria-corina-machado-lo-tranco-maduro","status":"publish","type":"post","link":"https:\/\/esviafm.com\/index.php\/capriles-sobre-la-situacion-politica-este-juego-no-lo-tranco-maria-corina-machado-lo-tranco-maduro\/","title":{"rendered":"Capriles sobre la situaci\u00f3n pol\u00edtica: Este juego no lo tranc\u00f3 Mar\u00eda Corina Machado, lo tranc\u00f3 Maduro"},"content":{"rendered":"<p>Henrique Capriles, dirigente pol\u00edtico, inst\u00f3 a establecer una estrategia s\u00f3lida de cara a los escenarios del 10 de enero.<\/p>\n<p>\u00abHay claramente una persona que tiene reconocimiento dentro de la oposici\u00f3n en la que yo milito que es Mar\u00eda Corina Machado y despu\u00e9s hay un candidato que elegimos que no ha sido reconocido por la institucionalidad, por el CNE\u00bb, declar\u00f3 Capriles durante una entrevista para Tal Cual.<\/p>\n<p>En este sentido, en relaci\u00f3n a los resultados electorales del pasado 28 de julio, se\u00f1al\u00f3: \u00abLa verdad es una sola:\u00a0<strong>el 28 de julio fuimos millones de venezolanos que elegimos a Edmundo Gonz\u00e1lez Urrutia,\u00a0<\/strong>quien es otro de los protagonistas\u00bb de la oposici\u00f3n venezolana, dijo.<\/p>\n<h1 class=\"wp-block-heading\">Panorama rumbo al 10 de enero<\/h1>\n<div class=\"td-a-rec td-a-rec-id-content_inline_mob \">\n<ins class=\"adsbygoogle\" data-ad-client=\"ca-pub-7690825590694655\" data-ad-slot=\"8804882026\" data-ad-format=\"auto\" data-adsbygoogle-status=\"done\" data-ad-status=\"unfilled\"><\/p>\n<div id=\"aswift_0_host\"><iframe id=\"aswift_0\" tabindex=\"0\" title=\"Advertisement\" src=\"https:\/\/googleads.g.doubleclick.net\/pagead\/ads?client=ca-pub-7690825590694655&amp;output=html&amp;h=280&amp;slotname=8804882026&amp;adk=1108666775&amp;adf=3319679844&amp;pi=t.ma~as.8804882026&amp;w=1200&amp;abgtt=11&amp;fwrn=4&amp;fwrnh=100&amp;lmt=1730070760&amp;rafmt=1&amp;format=1200x280&amp;url=https%3A%2F%2Fwww.elimpulso.com%2F2024%2F10%2F27%2Fcapriles-sobre-la-situacion-politica-este-juego-no-lo-tranco-maria-corina-machado-lo-tranco-maduro-27oct%2F&amp;fwr=0&amp;rpe=1&amp;resp_fmts=3&amp;wgl=1&amp;uach=WyJXaW5kb3dzIiwiMC4xLjAiLCJ4ODYiLCIiLCIxMDkuMC41NDE0LjEyMCIsbnVsbCwwLG51bGwsIjY0IixbWyJOb3RfQSBCcmFuZCIsIjk5LjAuMC4wIl0sWyJHb29nbGUgQ2hyb21lIiwiMTA5LjAuNTQxNC4xMjAiXSxbIkNocm9taXVtIiwiMTA5LjAuNTQxNC4xMjAiXV0sMF0.&amp;dt=1730114229752&amp;bpp=14&amp;bdt=1197&amp;idt=503&amp;shv=r20241023&amp;mjsv=m202410220101&amp;ptt=9&amp;saldr=aa&amp;abxe=1&amp;cookie=ID%3Daa1959937779abe1%3AT%3D1727865776%3ART%3D1729857095%3AS%3DALNI_Mbz16p4syrgZNRXs2Y4czGG86jKPA&amp;gpic=UID%3D00000a53c690627e%3AT%3D1727865776%3ART%3D1729857095%3AS%3DALNI_MYOqlQz-SAhWG5ozBqrLOqO-HDOVQ&amp;eo_id_str=ID%3D887f308739af9655%3AT%3D1727865776%3ART%3D1729857095%3AS%3DAA-AfjbPLaGEJTjoQ16hLHlI052s&amp;correlator=3074543807199&amp;frm=20&amp;pv=2&amp;u_tz=-240&amp;u_his=8&amp;u_h=768&amp;u_w=1366&amp;u_ah=728&amp;u_aw=1366&amp;u_cd=24&amp;u_sd=1&amp;dmc=4&amp;adx=75&amp;ady=1408&amp;biw=1349&amp;bih=600&amp;scr_x=0&amp;scr_y=0&amp;eid=31084128%2C95344190%2C95345270%2C95345280%2C95344978%2C95345689%2C95345788%2C95345963&amp;oid=2&amp;pvsid=790115760136761&amp;tmod=1962598467&amp;uas=0&amp;nvt=1&amp;ref=https%3A%2F%2Fwww.google.com%2F&amp;fc=896&amp;brdim=0%2C0%2C0%2C0%2C1366%2C0%2C1366%2C728%2C1366%2C600&amp;vis=1&amp;rsz=%7C%7CEebr%7C&amp;abl=CS&amp;pfx=0&amp;fu=128&amp;bc=31&amp;bz=1&amp;psd=W251bGwsbnVsbCxudWxsLDNd&amp;ifi=1&amp;uci=a!1&amp;btvi=1&amp;fsb=1&amp;dtd=598\" name=\"aswift_0\" width=\"1200\" height=\"0\" frameborder=\"0\" marginwidth=\"0\" marginheight=\"0\" scrolling=\"no\" sandbox=\"allow-forms allow-popups allow-popups-to-escape-sandbox allow-same-origin allow-scripts allow-top-navigation-by-user-activation\" data-google-container-id=\"a!1\" aria-label=\"Advertisement\" data-load-complete=\"true\" data-google-query-id=\"COrMmOH5sIkDFc7z4wcdynciyA\" data-mce-fragment=\"1\"><\/iframe><\/div>\n<p><\/ins><\/div>\n<p>El exgobernador de Miranda considera que es importante que la oposici\u00f3n venezolana se enfoque en el 10 de enero, fecha en que est\u00e1 prevista la juramentaci\u00f3n del nuevo periodo presidencial.<\/p>\n<p>\u00abCreo que\u00a0<strong>hay que entrarle al 10 de enero.<\/strong>\u00a0\u00bfQu\u00e9 pasa si el 10 de enero Edmundo no est\u00e1 en Caracas para juramentarse ante una Asamblea Nacional que dirige Jorge Rodr\u00edguez?\u00a0\u00a0<strong>\u00bfTenemos la intenci\u00f3n de discutir los escenarios<\/strong>\u00a0o estamos sencillamente en el voluntarismo que no se puede escuchar nada distinto a que s\u00ed o s\u00ed?\u00bb, resalta.<\/p>\n<p>\u00abLos s\u00ed o s\u00ed no han sido buenos en el pasado. Y lo peor que nos pudiera pasar es que se termine juramentando Edmundo Gonz\u00e1lez como un presidente en el exilio. \u00bfDe qu\u00e9 nos sirve eso? Los simbolismos no dejan de ser eso.\u00a0<strong>Los venezolanos lo que necesitamos es realismo<\/strong>: fuimos a unas elecciones, el gobierno se las rob\u00f3, entonces c\u00f3mo enfrentamos ese robo\u00bb, plantea a la dirigencia opositora.<\/p>\n<p>\u00abPensar que la comunidad internacional nos va a resolver el problema, creo que es no querer entrarle a lo que pas\u00f3 en el 2019, cuando pa\u00edses, gobiernos, apoyaron a Guaid\u00f3 y al\u00a0gobierno interino. \u00bfY en qu\u00e9 qued\u00f3 eso?\u00bb, a\u00f1ade.<\/p>\n<p>Capriles manifiesta que desde el exilio, pueden generarse respaldos importantes a la causa de lucha opositora.<\/p>\n<p>\u00abLa comunidad internacional puede generar presi\u00f3n, acompa\u00f1amiento, mediaci\u00f3n, di\u00e1logo y diplomacia para tratar de abrir un proceso de negociaci\u00f3n\u00bb, asevera.<\/p>\n<h1 class=\"wp-block-heading\">\u00abEl gobierno pensaba que pod\u00eda derrotar a Edmundo\u00bb<\/h1>\n<p>Durante la entrevista a Tal Cual, Capriles afirma que la soluci\u00f3n a la crisis pol\u00edtica en Venezuela est\u00e1 en una negociaci\u00f3n.<\/p>\n<p>Asegura que el \u00abescenario ideal\u00bb hubiera sido antes del 28 de julio, \u00abpero no se dio\u00bb, indica.<\/p>\n<p>\u00abEl gobierno no tuvo la voluntad, creo que pensaba que no se iba a ver un cambio. Pero, nosotros est\u00e1bamos seguros de que el cambio llegar\u00eda con Edmundo Gonz\u00e1lez como consecuencia de la inhabilitaci\u00f3n de Mar\u00eda Corina Machado. El pa\u00eds entendi\u00f3 que, no pudiendo Mar\u00eda Corina, votamos por Edmundo\u00bb.<\/p>\n<p>\u00abHasta el \u00faltimo d\u00eda, el gobierno pensaba que pod\u00eda derrotar a Edmundo, es decir,\u00a0<strong>el cambio les explot\u00f3 en sus caras<\/strong>\u00a0y en vez de reconocer y respetar la soberan\u00eda popular, se roban la elecci\u00f3n\u00bb, declar\u00f3.<\/p>\n<h1 class=\"wp-block-heading\">\u00abLa negociaci\u00f3n pasa por frenar esta guerra\u00bb<\/h1>\n<p>El tambien excandidato presidencial, considera que \u00abla negociaci\u00f3n pasa por frenar esta guerra\u00bb, en referencia a la situaci\u00f3n pol\u00edtica agravada tras las elecciones del 28 de julio.<\/p>\n<p>\u00abA los venezolanos no nos gusta la guerra. El 28 de julio fue una demostraci\u00f3n de que no creemos en guerra, no queremos que este pa\u00eds siga la polarizaci\u00f3n existencial. Ya son muchos a\u00f1os: ellos est\u00e1n y nosotros estamos. \u00bfEs posible llegar a alg\u00fan tipo de acuerdos? La negociaci\u00f3n no significa una transacci\u00f3n, no es oscura\u00bb.<\/p>\n<p>\u00abLa negociaci\u00f3n no son negocios ni de negociar los privilegios, ni prebendas. Es c\u00f3mo resolvemos la crisis pol\u00edtica del pa\u00eds que permita resolver la crisis econ\u00f3mica y social. Adem\u00e1s, le diste un zarpazo a lo que es la base y columna de nuestra Constituci\u00f3n y es que la soberan\u00eda reside en el pueblo y es intransferible: cada venezolano tiene un voto. El gobierno le dio un palo a todo eso y es muy grave porque este no es el tiempo de las dictaduras, es el tiempo de las democracias\u00bb, acot\u00f3.<\/p>\n<h1 class=\"wp-block-heading\">Llamado a la negociaci\u00f3n<\/h1>\n<p>Capriles destac\u00f3 la necesidad de \u00abrevivir la negociaci\u00f3n\u00bb, expresando que \u00abqued\u00f3 claro que ninguna parte se va a rendir\u00bb.<\/p>\n<p>\u00abLa negociaci\u00f3n implica que las partes se sientan a conversar para encontrar una soluci\u00f3n que sea mala para ambos o buena para ambos porque si hay una parte que se siente victoriosa, la negociaci\u00f3n fue un fracaso\u00bb, resalt\u00f3.<\/p>\n<p>El dirigente pol\u00edtico considera que la comunidad internacional puede jugar un papel fundamental en eventuales conversaciones entre la oposici\u00f3n y el oficialismo, aunque reconoce que \u00abel gobierno no da ninguna se\u00f1al,\u00a0<strong>est\u00e1 m\u00e1s bien en una puja interna, entre grupos del gobierno,<\/strong>\u00a0compitiendo a ver qui\u00e9n es m\u00e1s radical\u00bb.<\/p>\n<p><strong>\u201cHay un juego trancado, pero, no lo trancamos nosotros,<\/strong>\u00a0lo tranc\u00f3 Maduro. No lo tranc\u00f3 Mar\u00eda Corina\u201d, sentenci\u00f3.<\/p>\n<h1 class=\"wp-block-heading\">Mensaje a la dirigencia opositora<\/h1>\n<p>Al consult\u00e1rsele sobre las condiciones de eventuales conversaciones con el Gobierno, definidas por la oposici\u00f3n que pasan por el reconocimiento a Edmundo Gonz\u00e1lez, Capriles respondi\u00f3: \u00abLo primero es empezar a hablar y cada parte llevar\u00e1 su planteamiento, su posici\u00f3n. Tu sabes que yo no estoy en los extremos, estoy en el centro y eso no significa no tener posiciones. El centro es para combatir los extremos, hasta ahora no he visto el primer extremo que gobierne bien, que promueva libertades\u00bb.<\/p>\n<p>\u00bfHay gente dentro del gobierno que tenga una posici\u00f3n pro negociaci\u00f3n? S\u00ed la hay. \u00bfEn este momento tienen alg\u00fan peso? Pareciera que todos est\u00e1n afanosamente en ver qui\u00e9n es m\u00e1s radical\u00bb, comenta.<\/p>\n<p>En este sentido, envi\u00f3 un mensaje a la dirigencia opositora: \u201cYo le digo a mis compa\u00f1eros de oposici\u00f3n, no podemos caer en lo mismo. Si tenemos en frente a un gobierno autoritario, no podemos caer en lo mismo. Y disentir y tener diversidad de pensamiento, no te hace ni colaborador del r\u00e9gimen ni te hace cobarde, todo lo contrario, hay que ser valiente para decir lo que piensas y defenderlo con argumentos, no con consignas y por eso hay gente que no le gusta que no repito las consignas\u00bb.<\/p>\n<p>\u00abL<strong>as consignas no son una estrategia<\/strong>\u00a0y no estoy diciendo que hay que hacer p\u00fablica la estrategia. \u00bfPero, hay una estrategia?\u201d, cuestiona Capriles.<\/p>\n<h1 class=\"wp-block-heading\">Posici\u00f3n ante llamado a di\u00e1logo del gobierno<\/h1>\n<p>\u00abYo creo que esa es una puesta en escena de Jorge Rodr\u00edguez. \u00bfCu\u00e1ntos votos y cu\u00e1nto apoyo tienen las personas de los sectores que est\u00e1n ah\u00ed sentados? 2%. No estoy diciendo que no tengan derecho, yo respeto las minor\u00edas. Pero, no puedes ignorar a la mayor\u00eda de la oposici\u00f3n que, adem\u00e1s, hoy es la mayor\u00eda del pa\u00eds\u00bb, opina Capriles sobre el proceso de di\u00e1logo promovido por el oficialismo.<\/p>\n<p>\u00abSi tienes inter\u00e9s en escuchar otras opiniones, no es una puesta en escena. El gobierno sabe que ganamos las elecciones\u00bb, sentenci\u00f3.<\/p>\n<p>Sobre venideros comicios en el pa\u00eds, dej\u00f3 claro que \u00abllevar al liderazgo de los partidos arrodillados a un proceso electoral, no es una democracia\u00bb.<\/p>\n<p>\u00abAl final, la decisi\u00f3n la tiene que tomar el gobierno: quiere que esto sea Nicaragua o quiere que sea una democracia. \u00bfQuieren seguir el camino de Rusia? Algunos tienen la idea de una China latinoamericana, Venezuela no lo es\u00bb, indica.<\/p>\n<h1 class=\"wp-block-heading\">\u00abLa situaci\u00f3n econ\u00f3mica del pa\u00eds cada d\u00eda es peor\u00bb<\/h1>\n<p>En el panorama econ\u00f3mico, Capriles destac\u00f3 que debe hablarse tambi\u00e9n de los problemas de los venezolanos.<\/p>\n<p>Manifiesta que la situaci\u00f3n econ\u00f3mica y social del pa\u00eds se agrava cada d\u00eda. \u00abSalarios en 130 bol\u00edvares y los aguinaldos fraccionados llegan a 7 d\u00f3lares en un pa\u00eds donde el consumo est\u00e1 dolarizado\u00bb.<\/p>\n<p>\u201cHemos estado en mucha mec\u00e1nica pol\u00edtica, en que Espa\u00f1a, en que si aqu\u00ed o all\u00e1. Pero, no podemos olvidar que somos millones de venezolanos los que quedamos en este pa\u00eds y la crisis econ\u00f3mica y social nos golpea. No hay 28 millones de enchufados\u201d, expresa.<\/p>\n<div class=\"widget_text awac-wrapper\">\n<div class=\"widget_text awac widget custom_html-13\">\n<div class=\"textwidget custom-html-widget\"><\/div>\n<\/div>\n<\/div>\n<div class=\"awac-wrapper\">\n<div class=\"awac widget text-32\">\n<div class=\"textwidget\"><\/div>\n<\/div>\n<\/div>\n<div class=\"pvc_clear\"><\/div>\n<p id=\"pvc_stats_22452\" class=\"pvc_stats all  \" data-element-id=\"22452\" style=\"\"><i class=\"pvc-stats-icon large\" aria-hidden=\"true\"><svg xmlns=\"http:\/\/www.w3.org\/2000\/svg\" version=\"1.0\" viewBox=\"0 0 502 315\" preserveAspectRatio=\"xMidYMid meet\"><g transform=\"translate(0,332) scale(0.1,-0.1)\" fill=\"\" stroke=\"none\"><path d=\"M2394 3279 l-29 -30 -3 -207 c-2 -182 0 -211 15 -242 39 -76 157 -76 196 0 15 31 17 60 15 243 l-3 209 -33 29 c-26 23 -41 29 -80 29 -41 0 -53 -5 -78 -31z\"\/><path d=\"M3085 3251 c-45 -19 -58 -50 -96 -229 -47 -217 -49 -260 -13 -295 52 -53 146 -42 177 20 16 31 87 366 87 410 0 70 -86 122 -155 94z\"\/><path d=\"M1751 3234 c-13 -9 -29 -31 -37 -50 -12 -29 -10 -49 21 -204 19 -94 39 -189 45 -210 14 -50 54 -80 110 -80 34 0 48 6 76 34 21 21 34 44 34 59 0 14 -18 113 -40 219 -37 178 -43 195 -70 221 -36 32 -101 37 -139 11z\"\/><path d=\"M1163 3073 c-36 -7 -73 -59 -73 -102 0 -56 133 -378 171 -413 34 -32 83 -37 129 -13 70 36 67 87 -16 290 -86 209 -89 214 -129 231 -35 14 -42 15 -82 7z\"\/><path d=\"M3689 3066 c-15 -9 -33 -30 -42 -48 -48 -103 -147 -355 -147 -375 0 -98 131 -148 192 -74 13 15 57 108 97 206 80 196 84 226 37 273 -30 30 -99 39 -137 18z\"\/><path d=\"M583 2784 c-38 -19 -67 -74 -58 -113 9 -42 211 -354 242 -373 16 -10 45 -18 66 -18 51 0 107 52 107 100 0 39 -1 41 -124 234 -80 126 -108 162 -133 173 -41 17 -61 16 -100 -3z\"\/><path d=\"M4250 2784 c-14 -9 -74 -91 -133 -183 -95 -150 -107 -173 -107 -213 0 -55 33 -94 87 -104 67 -13 90 8 211 198 130 202 137 225 78 284 -27 27 -42 34 -72 34 -22 0 -50 -8 -64 -16z\"\/><path d=\"M2275 2693 c-553 -48 -1095 -270 -1585 -649 -135 -104 -459 -423 -483 -476 -23 -49 -22 -139 2 -186 73 -142 361 -457 571 -626 285 -228 642 -407 990 -497 242 -63 336 -73 660 -74 310 0 370 5 595 52 535 111 1045 392 1455 803 122 121 250 273 275 326 19 41 19 137 0 174 -41 79 -309 363 -465 492 -447 370 -946 591 -1479 653 -113 14 -422 18 -536 8z m395 -428 c171 -34 330 -124 456 -258 112 -119 167 -219 211 -378 27 -96 24 -300 -5 -401 -72 -255 -236 -447 -474 -557 -132 -62 -201 -76 -368 -76 -167 0 -236 14 -368 76 -213 98 -373 271 -451 485 -162 444 86 934 547 1084 153 49 292 57 452 25z m909 -232 c222 -123 408 -262 593 -441 76 -74 138 -139 138 -144 0 -16 -233 -242 -330 -319 -155 -123 -309 -223 -461 -299 l-81 -41 32 46 c18 26 49 83 70 128 143 306 141 649 -6 957 -25 52 -61 116 -79 142 l-34 47 45 -20 c26 -10 76 -36 113 -56z m-2057 25 c-40 -58 -105 -190 -130 -263 -110 -324 -59 -707 132 -981 25 -35 42 -64 37 -64 -19 0 -241 119 -326 174 -188 122 -406 314 -532 468 l-58 71 108 103 c185 178 428 349 672 473 66 33 121 60 123 61 2 0 -10 -19 -26 -42z\"\/><path d=\"M2375 1950 c-198 -44 -350 -190 -395 -379 -18 -76 -8 -221 19 -290 114 -284 457 -406 731 -260 98 52 188 154 231 260 27 69 37 214 19 290 -38 163 -166 304 -326 360 -67 23 -215 33 -279 19z\"\/><\/g><\/svg><\/i> <img decoding=\"async\" width=\"16\" height=\"16\" alt=\"Loading\" src=\"https:\/\/esviafm.com\/wp-content\/plugins\/page-views-count\/ajax-loader-2x.gif\" border=0 \/><\/p>\n<div class=\"pvc_clear\"><\/div>\n","protected":false},"excerpt":{"rendered":"<p>Henrique Capriles, dirigente pol\u00edtico, inst\u00f3 a establecer una estrategia s\u00f3lida de cara a los escenarios del 10 de enero. \u00abHay claramente una persona que tiene reconocimiento dentro de la oposici\u00f3n en la que yo milito que es Mar\u00eda Corina Machado y despu\u00e9s hay un candidato que elegimos que no ha sido reconocido por la institucionalidad, [&hellip;]<\/p>\n<div class=\"pvc_clear\"><\/div>\n<p id=\"pvc_stats_22452\" class=\"pvc_stats all  \" data-element-id=\"22452\" style=\"\"><i class=\"pvc-stats-icon large\" aria-hidden=\"true\"><svg xmlns=\"http:\/\/www.w3.org\/2000\/svg\" version=\"1.0\" viewBox=\"0 0 502 315\" preserveAspectRatio=\"xMidYMid meet\"><g transform=\"translate(0,332) scale(0.1,-0.1)\" fill=\"\" stroke=\"none\"><path d=\"M2394 3279 l-29 -30 -3 -207 c-2 -182 0 -211 15 -242 39 -76 157 -76 196 0 15 31 17 60 15 243 l-3 209 -33 29 c-26 23 -41 29 -80 29 -41 0 -53 -5 -78 -31z\"\/><path d=\"M3085 3251 c-45 -19 -58 -50 -96 -229 -47 -217 -49 -260 -13 -295 52 -53 146 -42 177 20 16 31 87 366 87 410 0 70 -86 122 -155 94z\"\/><path d=\"M1751 3234 c-13 -9 -29 -31 -37 -50 -12 -29 -10 -49 21 -204 19 -94 39 -189 45 -210 14 -50 54 -80 110 -80 34 0 48 6 76 34 21 21 34 44 34 59 0 14 -18 113 -40 219 -37 178 -43 195 -70 221 -36 32 -101 37 -139 11z\"\/><path d=\"M1163 3073 c-36 -7 -73 -59 -73 -102 0 -56 133 -378 171 -413 34 -32 83 -37 129 -13 70 36 67 87 -16 290 -86 209 -89 214 -129 231 -35 14 -42 15 -82 7z\"\/><path d=\"M3689 3066 c-15 -9 -33 -30 -42 -48 -48 -103 -147 -355 -147 -375 0 -98 131 -148 192 -74 13 15 57 108 97 206 80 196 84 226 37 273 -30 30 -99 39 -137 18z\"\/><path d=\"M583 2784 c-38 -19 -67 -74 -58 -113 9 -42 211 -354 242 -373 16 -10 45 -18 66 -18 51 0 107 52 107 100 0 39 -1 41 -124 234 -80 126 -108 162 -133 173 -41 17 -61 16 -100 -3z\"\/><path d=\"M4250 2784 c-14 -9 -74 -91 -133 -183 -95 -150 -107 -173 -107 -213 0 -55 33 -94 87 -104 67 -13 90 8 211 198 130 202 137 225 78 284 -27 27 -42 34 -72 34 -22 0 -50 -8 -64 -16z\"\/><path d=\"M2275 2693 c-553 -48 -1095 -270 -1585 -649 -135 -104 -459 -423 -483 -476 -23 -49 -22 -139 2 -186 73 -142 361 -457 571 -626 285 -228 642 -407 990 -497 242 -63 336 -73 660 -74 310 0 370 5 595 52 535 111 1045 392 1455 803 122 121 250 273 275 326 19 41 19 137 0 174 -41 79 -309 363 -465 492 -447 370 -946 591 -1479 653 -113 14 -422 18 -536 8z m395 -428 c171 -34 330 -124 456 -258 112 -119 167 -219 211 -378 27 -96 24 -300 -5 -401 -72 -255 -236 -447 -474 -557 -132 -62 -201 -76 -368 -76 -167 0 -236 14 -368 76 -213 98 -373 271 -451 485 -162 444 86 934 547 1084 153 49 292 57 452 25z m909 -232 c222 -123 408 -262 593 -441 76 -74 138 -139 138 -144 0 -16 -233 -242 -330 -319 -155 -123 -309 -223 -461 -299 l-81 -41 32 46 c18 26 49 83 70 128 143 306 141 649 -6 957 -25 52 -61 116 -79 142 l-34 47 45 -20 c26 -10 76 -36 113 -56z m-2057 25 c-40 -58 -105 -190 -130 -263 -110 -324 -59 -707 132 -981 25 -35 42 -64 37 -64 -19 0 -241 119 -326 174 -188 122 -406 314 -532 468 l-58 71 108 103 c185 178 428 349 672 473 66 33 121 60 123 61 2 0 -10 -19 -26 -42z\"\/><path d=\"M2375 1950 c-198 -44 -350 -190 -395 -379 -18 -76 -8 -221 19 -290 114 -284 457 -406 731 -260 98 52 188 154 231 260 27 69 37 214 19 290 -38 163 -166 304 -326 360 -67 23 -215 33 -279 19z\"\/><\/g><\/svg><\/i> <img decoding=\"async\" width=\"16\" height=\"16\" alt=\"Loading\" src=\"https:\/\/esviafm.com\/wp-content\/plugins\/page-views-count\/ajax-loader-2x.gif\" border=0 \/><\/p>\n<div class=\"pvc_clear\"><\/div>\n","protected":false},"author":1,"featured_media":0,"comment_status":"open","ping_status":"open","sticky":false,"template":"","format":"standard","meta":{"_et_pb_use_builder":"","_et_pb_old_content":"","_et_gb_content_width":"","footnotes":""},"categories":[25],"tags":[],"class_list":["post-22452","post","type-post","status-publish","format-standard","hentry","category-nacionales"],"_links":{"self":[{"href":"https:\/\/esviafm.com\/index.php\/wp-json\/wp\/v2\/posts\/22452","targetHints":{"allow":["GET"]}}],"collection":[{"href":"https:\/\/esviafm.com\/index.php\/wp-json\/wp\/v2\/posts"}],"about":[{"href":"https:\/\/esviafm.com\/index.php\/wp-json\/wp\/v2\/types\/post"}],"author":[{"embeddable":true,"href":"https:\/\/esviafm.com\/index.php\/wp-json\/wp\/v2\/users\/1"}],"replies":[{"embeddable":true,"href":"https:\/\/esviafm.com\/index.php\/wp-json\/wp\/v2\/comments?post=22452"}],"version-history":[{"count":1,"href":"https:\/\/esviafm.com\/index.php\/wp-json\/wp\/v2\/posts\/22452\/revisions"}],"predecessor-version":[{"id":22454,"href":"https:\/\/esviafm.com\/index.php\/wp-json\/wp\/v2\/posts\/22452\/revisions\/22454"}],"wp:attachment":[{"href":"https:\/\/esviafm.com\/index.php\/wp-json\/wp\/v2\/media?parent=22452"}],"wp:term":[{"taxonomy":"category","embeddable":true,"href":"https:\/\/esviafm.com\/index.php\/wp-json\/wp\/v2\/categories?post=22452"},{"taxonomy":"post_tag","embeddable":true,"href":"https:\/\/esviafm.com\/index.php\/wp-json\/wp\/v2\/tags?post=22452"}],"curies":[{"name":"wp","href":"https:\/\/api.w.org\/{rel}","templated":true}]}}