{"id":21311,"date":"2024-10-03T07:53:30","date_gmt":"2024-10-03T12:23:30","guid":{"rendered":"https:\/\/esviafm.com\/?p=21311"},"modified":"2024-10-03T07:53:30","modified_gmt":"2024-10-03T12:23:30","slug":"17-y-18-de-octubre-san-cristobal-sera-la-capital-empresarial-de-venezuela","status":"publish","type":"post","link":"https:\/\/esviafm.com\/index.php\/17-y-18-de-octubre-san-cristobal-sera-la-capital-empresarial-de-venezuela\/","title":{"rendered":"17 y 18 de octubre: San Crist\u00f3bal ser\u00e1 la capital empresarial de Venezuela"},"content":{"rendered":"<p>El cr\u00e9dito, el financiamiento, la conectividad y la integraci\u00f3n son algunos de los temas que ser\u00e1n considerados en el marzo de la LXXX Asamblea Anual de\u00a0<a href=\"https:\/\/www.elimpulso.com\/2024\/09\/23\/polesel-insta-a-restaurar-la-confianza-para-atraer-inversiones-y-estimular-el-crecimiento-economico-23sep\/\">Fedecam\u00e1ras\u00a0<\/a>a celebrarse en\u00a0<strong>San Crist\u00f3bal<\/strong>, entre el 17 y 18 de octubre, bajo el lema \u00ab<strong>Institucionalidad, Integraci\u00f3n y Desarrollo<\/strong>\u00ab, en el Hotel Tam\u00e1 del\u00a0<strong>estado T\u00e1chira<\/strong>.<\/p>\n<p>Cualquier empresario en Venezuela que quiera seguir desarroll\u00e1ndose, que quiera seguir mejorando su negocio, lo invitamos a la LXXX\u00a0<strong>Asamblea Anual de Fedecamaras<\/strong>, a realizarse en San Crist\u00f3bal, estado T\u00e1chira, entre el 17 y 18 de octubre,\u00a0 donde no se celebrada desde hace 50, afirma, Ad\u00e1n Celis Michelena, presidente de la organizaci\u00f3n gremial.<\/p>\n<p>Revela que este es el magno evento de los empresarios venezolanos, donde estos se re\u00fanen y expresan las posibilidades que tienen de mejorar sus negocios y tambi\u00e9n tener la posibilidad de exponer sus problemas en cada uno de sus\u00a0<strong>sectores y regiones.<\/strong><\/p>\n<p>\u201cPor lo tanto le hacemos una invitaci\u00f3n, muy fraternal a todos y cada uno de nuestros empresarios para que nos acompa\u00f1en en este encuentro maravilloso, que se constituye en la celebraci\u00f3n del \u201c<strong>orgullo de ser empresario<\/strong>\u201d.<\/p>\n<div class=\"google-auto-placed ap_container\"><ins class=\"adsbygoogle adsbygoogle-noablate\" data-ad-format=\"auto\" data-ad-client=\"ca-pub-7690825590694655\" data-adsbygoogle-status=\"done\" data-ad-status=\"unfilled\"><\/p>\n<div id=\"aswift_4_host\"><iframe id=\"aswift_4\" tabindex=\"0\" title=\"Advertisement\" src=\"https:\/\/googleads.g.doubleclick.net\/pagead\/ads?gdpr=0&amp;us_privacy=1---&amp;gpp_sid=-1&amp;client=ca-pub-7690825590694655&amp;output=html&amp;h=280&amp;adk=1202060795&amp;adf=1748698929&amp;w=765&amp;abgtt=6&amp;fwrn=4&amp;fwrnh=100&amp;lmt=1727905558&amp;num_ads=1&amp;rafmt=1&amp;armr=3&amp;sem=mc&amp;pwprc=4512835788&amp;ad_type=text_image&amp;format=765x280&amp;url=https%3A%2F%2Fwww.elimpulso.com%2F2024%2F10%2F02%2F17-y-18-de-octubre-san-cristobal-sera-la-capital-empresarial-de-venezuela-2oct%2F&amp;fwr=0&amp;pra=3&amp;rh=191&amp;rw=764&amp;rpe=1&amp;resp_fmts=3&amp;wgl=1&amp;fa=27&amp;uach=WyJXaW5kb3dzIiwiMTAuMC4wIiwieDg2IiwiIiwiMTI5LjAuNjY2OC43MiIsbnVsbCwwLG51bGwsIjY0IixbWyJHb29nbGUgQ2hyb21lIiwiMTI5LjAuNjY2OC43MiJdLFsiTm90PUE_QnJhbmQiLCI4LjAuMC4wIl0sWyJDaHJvbWl1bSIsIjEyOS4wLjY2NjguNzIiXV0sMF0.&amp;dt=1727958003187&amp;bpp=7&amp;bdt=2561&amp;idt=7&amp;shv=r20241001&amp;mjsv=m202409250101&amp;ptt=9&amp;saldr=aa&amp;abxe=1&amp;cookie=ID%3D5cbf05c4edc88cfd%3AT%3D1726743684%3ART%3D1727952382%3AS%3DALNI_MZ7yYR3L6L7Mth26yAo2nEf_I7C1g&amp;gpic=UID%3D00000a5188f9e391%3AT%3D1726743684%3ART%3D1727952382%3AS%3DALNI_Mbs8_TawpzmiipOiKIpE59SFoiHQg&amp;eo_id_str=ID%3Dc9dae7cc7928f3d2%3AT%3D1726743684%3ART%3D1727952382%3AS%3DAA-AfjYWKUJYT1gf_0vXWGTc2GlG&amp;prev_fmts=0x0%2C765x192%2C300x250&amp;nras=2&amp;correlator=4294411854940&amp;frm=20&amp;pv=1&amp;u_tz=-240&amp;u_his=2&amp;u_h=768&amp;u_w=1366&amp;u_ah=728&amp;u_aw=1366&amp;u_cd=24&amp;u_sd=1&amp;dmc=8&amp;adx=131&amp;ady=1649&amp;biw=1349&amp;bih=607&amp;scr_x=0&amp;scr_y=0&amp;eid=44759876%2C44759927%2C44759842%2C44795922%2C95332923%2C95341937%2C95343328&amp;oid=2&amp;pvsid=112822818460156&amp;tmod=272971180&amp;uas=0&amp;nvt=1&amp;ref=https%3A%2F%2Fwww-elimpulso-com.webpkgcache.com%2F&amp;fc=1408&amp;brdim=0%2C0%2C0%2C0%2C1366%2C0%2C1366%2C728%2C1366%2C607&amp;vis=1&amp;rsz=%7C%7Cs%7C&amp;abl=NS&amp;fu=128&amp;bc=31&amp;bz=1&amp;td=1&amp;tdf=2&amp;psd=W251bGwsbnVsbCxudWxsLDNd&amp;nt=1&amp;ifi=10&amp;uci=a!a&amp;btvi=3&amp;fsb=1&amp;dtd=53\" name=\"aswift_4\" width=\"765\" height=\"0\" frameborder=\"0\" marginwidth=\"0\" marginheight=\"0\" scrolling=\"no\" sandbox=\"allow-forms allow-popups allow-popups-to-escape-sandbox allow-same-origin allow-scripts allow-top-navigation-by-user-activation\" data-google-container-id=\"a!a\" aria-label=\"Advertisement\" data-google-query-id=\"CMHB6peZ8ogDFUgqswAdX-UqTg\" data-load-complete=\"true\" data-mce-fragment=\"1\"><\/iframe><\/div>\n<p><\/ins><\/div>\n<p>Asegura que la tem\u00e1tica es de gran inter\u00e9s, se hablara de cr\u00e9dito, del tema del financiamiento, adem\u00e1s, ya que es en San Crist\u00f3bal, esta el tema de la frontera, del comercio\u00a0 fronterizo, de la integraci\u00f3n como elemento vital y fundamental para el desarrollo del pa\u00eds, tambi\u00e9n habr\u00e1 un panel con empresarios donde se pasara revista a las empresas<strong>\u00a0binacionales exitosas<\/strong>, cu\u00e1l es la f\u00f3rmula, agregando que por supuesto se hablara de la coyuntura pol\u00edtica y econ\u00f3mica de Venezuela, se entregar\u00e1n los reconocimientos a los empresarios que se han destacado a lo largo del a\u00f1o, los premio periodistas.<\/p>\n<p>\u00abPero al final del d\u00eda es el encuentro m\u00e1s importante de los empresarios para mandar un mensaje en el documento final, que sirve de referencia para decir cu\u00e1l es la opini\u00f3n, cual es el sentido y cu\u00e1l es esa visi\u00f3n y esas esperanzas que tiene el\u00a0<strong>empresario venezolano<\/strong>, para seguir aumentando, pata seguir creciendo, para seguir generando todos estos puestos de trabajo que requiere el pa\u00eds, por un lado, para evitar que otros venezolanos se sigan yendo y cerrar el tap\u00f3n del\u00a0<a href=\"https:\/\/www.elimpulso.com\/2024\/09\/29\/cerca-de-176-000-venezolanos-han-cruzado-el-darien-hacia-eeuu-este-ano-29sep\/\"><strong>Dari\u00e9n<\/strong>\u00a0<\/a>y esto solo se hace generando oportunidades y tambi\u00e9n buscar el rencuentro de la familia venezolana, tratando que puedan regresar, nuestros compatriotas que se fueron del pa\u00eds buscando nuevas oportunidades y le vamos a crear mejores\u00a0<strong>oportunidades en Venezuela<\/strong>\u00a0para que retorne ese gran abrazo entre los venezolanos\u00bb<\/p>\n<div class=\"google-auto-placed ap_container\"><ins class=\"adsbygoogle adsbygoogle-noablate\" data-ad-format=\"auto\" data-ad-client=\"ca-pub-7690825590694655\" data-adsbygoogle-status=\"done\" data-ad-status=\"unfilled\"><\/p>\n<div id=\"aswift_5_host\"><iframe id=\"aswift_5\" tabindex=\"0\" title=\"Advertisement\" src=\"https:\/\/googleads.g.doubleclick.net\/pagead\/ads?gdpr=0&amp;us_privacy=1---&amp;gpp_sid=-1&amp;client=ca-pub-7690825590694655&amp;output=html&amp;h=280&amp;adk=1202060795&amp;adf=4191060690&amp;w=765&amp;abgtt=6&amp;fwrn=4&amp;fwrnh=100&amp;lmt=1727905558&amp;num_ads=1&amp;rafmt=1&amp;armr=3&amp;sem=mc&amp;pwprc=4512835788&amp;ad_type=text_image&amp;format=765x280&amp;url=https%3A%2F%2Fwww.elimpulso.com%2F2024%2F10%2F02%2F17-y-18-de-octubre-san-cristobal-sera-la-capital-empresarial-de-venezuela-2oct%2F&amp;fwr=0&amp;pra=3&amp;rh=191&amp;rw=764&amp;rpe=1&amp;resp_fmts=3&amp;wgl=1&amp;fa=27&amp;uach=WyJXaW5kb3dzIiwiMTAuMC4wIiwieDg2IiwiIiwiMTI5LjAuNjY2OC43MiIsbnVsbCwwLG51bGwsIjY0IixbWyJHb29nbGUgQ2hyb21lIiwiMTI5LjAuNjY2OC43MiJdLFsiTm90PUE_QnJhbmQiLCI4LjAuMC4wIl0sWyJDaHJvbWl1bSIsIjEyOS4wLjY2NjguNzIiXV0sMF0.&amp;dt=1727958003221&amp;bpp=3&amp;bdt=2594&amp;idt=3&amp;shv=r20241001&amp;mjsv=m202409250101&amp;ptt=9&amp;saldr=aa&amp;abxe=1&amp;cookie=ID%3D5cbf05c4edc88cfd%3AT%3D1726743684%3ART%3D1727958003%3AS%3DALNI_MZ7yYR3L6L7Mth26yAo2nEf_I7C1g&amp;gpic=UID%3D00000a5188f9e391%3AT%3D1726743684%3ART%3D1727958003%3AS%3DALNI_Mbs8_TawpzmiipOiKIpE59SFoiHQg&amp;eo_id_str=ID%3Dc9dae7cc7928f3d2%3AT%3D1726743684%3ART%3D1727958003%3AS%3DAA-AfjYWKUJYT1gf_0vXWGTc2GlG&amp;prev_fmts=0x0%2C765x192%2C300x250%2C765x280&amp;nras=3&amp;correlator=4294411854940&amp;frm=20&amp;pv=1&amp;u_tz=-240&amp;u_his=2&amp;u_h=768&amp;u_w=1366&amp;u_ah=728&amp;u_aw=1366&amp;u_cd=24&amp;u_sd=1&amp;dmc=8&amp;adx=131&amp;ady=2526&amp;biw=1349&amp;bih=607&amp;scr_x=0&amp;scr_y=0&amp;eid=44759876%2C44759927%2C44759842%2C44795922%2C95332923%2C95341937%2C95343328&amp;oid=2&amp;pvsid=112822818460156&amp;tmod=272971180&amp;uas=0&amp;nvt=1&amp;ref=https%3A%2F%2Fwww-elimpulso-com.webpkgcache.com%2F&amp;fc=1408&amp;brdim=0%2C0%2C0%2C0%2C1366%2C0%2C1366%2C728%2C1366%2C607&amp;vis=1&amp;rsz=%7C%7Cs%7C&amp;abl=NS&amp;fu=128&amp;bc=31&amp;bz=1&amp;td=1&amp;tdf=2&amp;psd=W251bGwsbnVsbCxudWxsLDNd&amp;nt=1&amp;ifi=11&amp;uci=a!b&amp;btvi=4&amp;fsb=1&amp;dtd=466\" name=\"aswift_5\" width=\"765\" height=\"0\" frameborder=\"0\" marginwidth=\"0\" marginheight=\"0\" scrolling=\"no\" sandbox=\"allow-forms allow-popups allow-popups-to-escape-sandbox allow-same-origin allow-scripts allow-top-navigation-by-user-activation\" data-google-container-id=\"a!b\" aria-label=\"Advertisement\" data-google-query-id=\"CMPih5iZ8ogDFQXN4wcdOGQgtw\" data-load-complete=\"true\" data-mce-fragment=\"1\"><\/iframe><\/div>\n<p><\/ins><\/div>\n<p>Consultado en torno a la problem\u00e1tica que se genera con la falta de conectividad,\u00a0<strong>Celis Michelena<\/strong>\u00a0se\u00f1ala que han estado planteando que se abran nuevamente los vuelos.<\/p>\n<p>\u201cLos problemas entre gobiernos, que se resuelven entre gobiernos, sin afectar a los ciudadanos, recortar las posibilidades de conexi\u00f3n a\u00e9rea por problemas pol\u00edticos , no es la soluci\u00f3n, porque al final estamos afectando, por un lado, aquellas importaciones o exportaciones por v\u00eda a\u00e9rea se ven obstaculizadas, y por lo tanto suben los costos de fletes y sufren los\u00a0<strong>precios al consumidor del pa\u00eds<\/strong>, necesitamos que hay muchas m\u00e1s conexiones, ni siquiera las de antes, sino que se multipliquen tambi\u00e9n para traer a los turistas que queremos en el pa\u00eds para reactivar\u00a0<strong>nuestras zonas tur\u00edsticas<\/strong>\u00a0y poder entonces permitir\u00a0 que todos y cada uno de\u00a0<strong>nuestros agentes<\/strong>, esos restaurantes, esas posadas y esos hoteles vuelvan a tener su capacidad utilizada llena y as\u00ed crear mejores condiciones para el pa\u00eds\u201d, asegur\u00f3 el l\u00edder empresarial.<\/p>\n<div class=\"pvc_clear\"><\/div>\n<p id=\"pvc_stats_21311\" class=\"pvc_stats all  \" data-element-id=\"21311\" style=\"\"><i class=\"pvc-stats-icon large\" aria-hidden=\"true\"><svg xmlns=\"http:\/\/www.w3.org\/2000\/svg\" version=\"1.0\" viewBox=\"0 0 502 315\" preserveAspectRatio=\"xMidYMid meet\"><g transform=\"translate(0,332) scale(0.1,-0.1)\" fill=\"\" stroke=\"none\"><path d=\"M2394 3279 l-29 -30 -3 -207 c-2 -182 0 -211 15 -242 39 -76 157 -76 196 0 15 31 17 60 15 243 l-3 209 -33 29 c-26 23 -41 29 -80 29 -41 0 -53 -5 -78 -31z\"\/><path d=\"M3085 3251 c-45 -19 -58 -50 -96 -229 -47 -217 -49 -260 -13 -295 52 -53 146 -42 177 20 16 31 87 366 87 410 0 70 -86 122 -155 94z\"\/><path d=\"M1751 3234 c-13 -9 -29 -31 -37 -50 -12 -29 -10 -49 21 -204 19 -94 39 -189 45 -210 14 -50 54 -80 110 -80 34 0 48 6 76 34 21 21 34 44 34 59 0 14 -18 113 -40 219 -37 178 -43 195 -70 221 -36 32 -101 37 -139 11z\"\/><path d=\"M1163 3073 c-36 -7 -73 -59 -73 -102 0 -56 133 -378 171 -413 34 -32 83 -37 129 -13 70 36 67 87 -16 290 -86 209 -89 214 -129 231 -35 14 -42 15 -82 7z\"\/><path d=\"M3689 3066 c-15 -9 -33 -30 -42 -48 -48 -103 -147 -355 -147 -375 0 -98 131 -148 192 -74 13 15 57 108 97 206 80 196 84 226 37 273 -30 30 -99 39 -137 18z\"\/><path d=\"M583 2784 c-38 -19 -67 -74 -58 -113 9 -42 211 -354 242 -373 16 -10 45 -18 66 -18 51 0 107 52 107 100 0 39 -1 41 -124 234 -80 126 -108 162 -133 173 -41 17 -61 16 -100 -3z\"\/><path d=\"M4250 2784 c-14 -9 -74 -91 -133 -183 -95 -150 -107 -173 -107 -213 0 -55 33 -94 87 -104 67 -13 90 8 211 198 130 202 137 225 78 284 -27 27 -42 34 -72 34 -22 0 -50 -8 -64 -16z\"\/><path d=\"M2275 2693 c-553 -48 -1095 -270 -1585 -649 -135 -104 -459 -423 -483 -476 -23 -49 -22 -139 2 -186 73 -142 361 -457 571 -626 285 -228 642 -407 990 -497 242 -63 336 -73 660 -74 310 0 370 5 595 52 535 111 1045 392 1455 803 122 121 250 273 275 326 19 41 19 137 0 174 -41 79 -309 363 -465 492 -447 370 -946 591 -1479 653 -113 14 -422 18 -536 8z m395 -428 c171 -34 330 -124 456 -258 112 -119 167 -219 211 -378 27 -96 24 -300 -5 -401 -72 -255 -236 -447 -474 -557 -132 -62 -201 -76 -368 -76 -167 0 -236 14 -368 76 -213 98 -373 271 -451 485 -162 444 86 934 547 1084 153 49 292 57 452 25z m909 -232 c222 -123 408 -262 593 -441 76 -74 138 -139 138 -144 0 -16 -233 -242 -330 -319 -155 -123 -309 -223 -461 -299 l-81 -41 32 46 c18 26 49 83 70 128 143 306 141 649 -6 957 -25 52 -61 116 -79 142 l-34 47 45 -20 c26 -10 76 -36 113 -56z m-2057 25 c-40 -58 -105 -190 -130 -263 -110 -324 -59 -707 132 -981 25 -35 42 -64 37 -64 -19 0 -241 119 -326 174 -188 122 -406 314 -532 468 l-58 71 108 103 c185 178 428 349 672 473 66 33 121 60 123 61 2 0 -10 -19 -26 -42z\"\/><path d=\"M2375 1950 c-198 -44 -350 -190 -395 -379 -18 -76 -8 -221 19 -290 114 -284 457 -406 731 -260 98 52 188 154 231 260 27 69 37 214 19 290 -38 163 -166 304 -326 360 -67 23 -215 33 -279 19z\"\/><\/g><\/svg><\/i> <img decoding=\"async\" width=\"16\" height=\"16\" alt=\"Loading\" src=\"https:\/\/esviafm.com\/wp-content\/plugins\/page-views-count\/ajax-loader-2x.gif\" border=0 \/><\/p>\n<div class=\"pvc_clear\"><\/div>\n","protected":false},"excerpt":{"rendered":"<p>El cr\u00e9dito, el financiamiento, la conectividad y la integraci\u00f3n son algunos de los temas que ser\u00e1n considerados en el marzo de la LXXX Asamblea Anual de\u00a0Fedecam\u00e1ras\u00a0a celebrarse en\u00a0San Crist\u00f3bal, entre el 17 y 18 de octubre, bajo el lema \u00abInstitucionalidad, Integraci\u00f3n y Desarrollo\u00ab, en el Hotel Tam\u00e1 del\u00a0estado T\u00e1chira. Cualquier empresario en Venezuela que quiera [&hellip;]<\/p>\n<div class=\"pvc_clear\"><\/div>\n<p id=\"pvc_stats_21311\" class=\"pvc_stats all  \" data-element-id=\"21311\" style=\"\"><i class=\"pvc-stats-icon large\" aria-hidden=\"true\"><svg xmlns=\"http:\/\/www.w3.org\/2000\/svg\" version=\"1.0\" viewBox=\"0 0 502 315\" preserveAspectRatio=\"xMidYMid meet\"><g transform=\"translate(0,332) scale(0.1,-0.1)\" fill=\"\" stroke=\"none\"><path d=\"M2394 3279 l-29 -30 -3 -207 c-2 -182 0 -211 15 -242 39 -76 157 -76 196 0 15 31 17 60 15 243 l-3 209 -33 29 c-26 23 -41 29 -80 29 -41 0 -53 -5 -78 -31z\"\/><path d=\"M3085 3251 c-45 -19 -58 -50 -96 -229 -47 -217 -49 -260 -13 -295 52 -53 146 -42 177 20 16 31 87 366 87 410 0 70 -86 122 -155 94z\"\/><path d=\"M1751 3234 c-13 -9 -29 -31 -37 -50 -12 -29 -10 -49 21 -204 19 -94 39 -189 45 -210 14 -50 54 -80 110 -80 34 0 48 6 76 34 21 21 34 44 34 59 0 14 -18 113 -40 219 -37 178 -43 195 -70 221 -36 32 -101 37 -139 11z\"\/><path d=\"M1163 3073 c-36 -7 -73 -59 -73 -102 0 -56 133 -378 171 -413 34 -32 83 -37 129 -13 70 36 67 87 -16 290 -86 209 -89 214 -129 231 -35 14 -42 15 -82 7z\"\/><path d=\"M3689 3066 c-15 -9 -33 -30 -42 -48 -48 -103 -147 -355 -147 -375 0 -98 131 -148 192 -74 13 15 57 108 97 206 80 196 84 226 37 273 -30 30 -99 39 -137 18z\"\/><path d=\"M583 2784 c-38 -19 -67 -74 -58 -113 9 -42 211 -354 242 -373 16 -10 45 -18 66 -18 51 0 107 52 107 100 0 39 -1 41 -124 234 -80 126 -108 162 -133 173 -41 17 -61 16 -100 -3z\"\/><path d=\"M4250 2784 c-14 -9 -74 -91 -133 -183 -95 -150 -107 -173 -107 -213 0 -55 33 -94 87 -104 67 -13 90 8 211 198 130 202 137 225 78 284 -27 27 -42 34 -72 34 -22 0 -50 -8 -64 -16z\"\/><path d=\"M2275 2693 c-553 -48 -1095 -270 -1585 -649 -135 -104 -459 -423 -483 -476 -23 -49 -22 -139 2 -186 73 -142 361 -457 571 -626 285 -228 642 -407 990 -497 242 -63 336 -73 660 -74 310 0 370 5 595 52 535 111 1045 392 1455 803 122 121 250 273 275 326 19 41 19 137 0 174 -41 79 -309 363 -465 492 -447 370 -946 591 -1479 653 -113 14 -422 18 -536 8z m395 -428 c171 -34 330 -124 456 -258 112 -119 167 -219 211 -378 27 -96 24 -300 -5 -401 -72 -255 -236 -447 -474 -557 -132 -62 -201 -76 -368 -76 -167 0 -236 14 -368 76 -213 98 -373 271 -451 485 -162 444 86 934 547 1084 153 49 292 57 452 25z m909 -232 c222 -123 408 -262 593 -441 76 -74 138 -139 138 -144 0 -16 -233 -242 -330 -319 -155 -123 -309 -223 -461 -299 l-81 -41 32 46 c18 26 49 83 70 128 143 306 141 649 -6 957 -25 52 -61 116 -79 142 l-34 47 45 -20 c26 -10 76 -36 113 -56z m-2057 25 c-40 -58 -105 -190 -130 -263 -110 -324 -59 -707 132 -981 25 -35 42 -64 37 -64 -19 0 -241 119 -326 174 -188 122 -406 314 -532 468 l-58 71 108 103 c185 178 428 349 672 473 66 33 121 60 123 61 2 0 -10 -19 -26 -42z\"\/><path d=\"M2375 1950 c-198 -44 -350 -190 -395 -379 -18 -76 -8 -221 19 -290 114 -284 457 -406 731 -260 98 52 188 154 231 260 27 69 37 214 19 290 -38 163 -166 304 -326 360 -67 23 -215 33 -279 19z\"\/><\/g><\/svg><\/i> <img decoding=\"async\" width=\"16\" height=\"16\" alt=\"Loading\" src=\"https:\/\/esviafm.com\/wp-content\/plugins\/page-views-count\/ajax-loader-2x.gif\" border=0 \/><\/p>\n<div class=\"pvc_clear\"><\/div>\n","protected":false},"author":1,"featured_media":0,"comment_status":"open","ping_status":"open","sticky":false,"template":"","format":"standard","meta":{"_et_pb_use_builder":"","_et_pb_old_content":"","_et_gb_content_width":"","footnotes":""},"categories":[19],"tags":[],"class_list":["post-21311","post","type-post","status-publish","format-standard","hentry","category-economia"],"_links":{"self":[{"href":"https:\/\/esviafm.com\/index.php\/wp-json\/wp\/v2\/posts\/21311","targetHints":{"allow":["GET"]}}],"collection":[{"href":"https:\/\/esviafm.com\/index.php\/wp-json\/wp\/v2\/posts"}],"about":[{"href":"https:\/\/esviafm.com\/index.php\/wp-json\/wp\/v2\/types\/post"}],"author":[{"embeddable":true,"href":"https:\/\/esviafm.com\/index.php\/wp-json\/wp\/v2\/users\/1"}],"replies":[{"embeddable":true,"href":"https:\/\/esviafm.com\/index.php\/wp-json\/wp\/v2\/comments?post=21311"}],"version-history":[{"count":1,"href":"https:\/\/esviafm.com\/index.php\/wp-json\/wp\/v2\/posts\/21311\/revisions"}],"predecessor-version":[{"id":21313,"href":"https:\/\/esviafm.com\/index.php\/wp-json\/wp\/v2\/posts\/21311\/revisions\/21313"}],"wp:attachment":[{"href":"https:\/\/esviafm.com\/index.php\/wp-json\/wp\/v2\/media?parent=21311"}],"wp:term":[{"taxonomy":"category","embeddable":true,"href":"https:\/\/esviafm.com\/index.php\/wp-json\/wp\/v2\/categories?post=21311"},{"taxonomy":"post_tag","embeddable":true,"href":"https:\/\/esviafm.com\/index.php\/wp-json\/wp\/v2\/tags?post=21311"}],"curies":[{"name":"wp","href":"https:\/\/api.w.org\/{rel}","templated":true}]}}