{"id":18546,"date":"2024-08-15T06:30:05","date_gmt":"2024-08-15T11:00:05","guid":{"rendered":"https:\/\/esviafm.com\/?p=18546"},"modified":"2024-08-15T06:30:05","modified_gmt":"2024-08-15T11:00:05","slug":"familiares-de-americo-de-grazia-denuncian-incomunicacion-y-vulneracion-del-derecho-a-la-defensa","status":"publish","type":"post","link":"https:\/\/esviafm.com\/index.php\/familiares-de-americo-de-grazia-denuncian-incomunicacion-y-vulneracion-del-derecho-a-la-defensa\/","title":{"rendered":"Familiares de Am\u00e9rico De Grazia denuncian incomunicaci\u00f3n y vulneraci\u00f3n del derecho a la defensa"},"content":{"rendered":"<p>Este 14 de agosto el dirigente pol\u00edtico y l\u00edder de la<strong>\u00a0agrupaci\u00f3n Guayana Libre, Am\u00e9rico De Grazia<\/strong>, cumple una semana de arresto arbitrario. Diferentes medios de comunicaci\u00f3n internacionales han rese\u00f1ado el caso, y la organizaci\u00f3n no gubernamental\u00a0<strong>Amnist\u00eda Internacional\u00a0<\/strong>ha solicitado su inmediata liberaci\u00f3n, as\u00ed como la de m\u00e1s de 50 l\u00edderes pol\u00edticos de oposici\u00f3n.<\/p>\n<p>En entrevista con\u00a0<strong>Correo del Caron\u00ed<\/strong>\u00a0Mar\u00eda De Grazia, hija del opositor, denunci\u00f3 que solo tienen conocimiento de que su padre est\u00e1 en El Helicoide, se\u00f1alado internacionalmente como centro de tortura, debido a la confirmaci\u00f3n \u201cde boca\u201d y, hasta la fecha, la familia no ha sido notificada formalmente ni ha podido comunicarse con \u00e9l.<\/p>\n<p>\u201cNuestra familia tuvo que ir centro de detenci\u00f3n por c<strong>entro de detenci\u00f3n<\/strong>\u00a0y en ninguno daban respuesta ni ayudaban a revisar en el resto de los centros, ya que entiendo que ellos tienen forma de chequear unos con otros. Llegamos al Helicoide que hab\u00edamos dejado como uno de los \u00faltimos, y cuando llegamos all\u00ed nos enteramos por una confirmaci\u00f3n \u00fanicamente verbal. No tenemos orden de captura ni sabemos qu\u00e9 cargos le est\u00e1n dando. No tenemos certezas m\u00e1s que esta confirmaci\u00f3n verbal que le dio un trabajador a nuestra familiar all\u00e1 en Caracas\u201d, manifest\u00f3 De Grazia.<\/p>\n<p>En contexto, el l\u00edder de la Guayana Libre se encontraba en Caracas, debido a que hab\u00eda sido amenazado por autoridades del municipio Piar, estado Bol\u00edvar. Seg\u00fan familiares, se dirigi\u00f3 a la capital para alejarse de las amenazas y activar mecanismos de protecci\u00f3n. Fue apresado luego de d<strong>enunciar el encarcelamiento del exalcalde del municipio Sifontes y militante de La Causa R, Carlos Chancellor.<\/strong><\/p>\n<p>\u201cNo hemos podido ni siquiera saber qu\u00e9 cargos est\u00e1 teniendo. Por ende, no podemos abrir un caso de defensa porque no sabemos de qu\u00e9 lo estamos defendiendo. Exigimos el derecho a la defensa privada, pero para tener defensa privada necesitamos saber cu\u00e1les son los cargos. Fuimos el s\u00e1bado pasado y tratamos de meterle comida y sus medicinas, ya que \u00e9l cumple un tratamiento de salud por una infecci\u00f3n en los pulmones que tiene; y sus vitaminas porque es operado del est\u00f3mago. Nos dijeron que se las iban a dar, pero eso es una confirmaci\u00f3n verbal. No tenemos certeza de que realmente le est\u00e9n entregando las cosas\u201d, explic\u00f3 la entrevistada.<\/p>\n<h2 class=\"wp-block-heading\"><strong>Organizaciones internacionales exigen libertad<\/strong><\/h2>\n<p>La organizaci\u00f3n Amnist\u00eda Internacional se pronunci\u00f3 la tarde de este martes para solicitar la liberaci\u00f3n de Am\u00e9rico De Grazia. A su vez, la abogada penalista y especialista en derechos humanos Tamara Suju inform\u00f3 a trav\u00e9s de redes sociales, que solicit\u00f3 a la Comisi\u00f3n Interamericana de Derechos Humanos activar la medida cautelar MC-259-16 de\u00a0<strong>Am\u00e9rico De Grazia<\/strong>, para instar al Estado venezolano a resguardar su vida.<\/p>\n<p>\u201cEstamos conectando tambi\u00e9n con el Gobierno italiano, ya que mi pap\u00e1 tiene doble nacionalidad para ver si ellos pueden tambi\u00e9n ayudarnos a alzar su voz en nombre de un ciudadano que est\u00e1 viviendo un secuestro arbitrario, como el que est\u00e1 viviendo mi pap\u00e1. Mi familia en\u00a0<strong>Venezuela<\/strong>\u00a0est\u00e1 bajo amenaza por parte del gobierno y est\u00e1n siendo perseguidos\u201d, a\u00f1adi\u00f3 De Grazia.<\/p>\n<p>Am\u00e9rico De Grazia es dirigente opositor oriundo de Upata, municipio Piar. Fue alcalde del municipio Piar y candidato a la Gobernaci\u00f3n del estado Bol\u00edvar en las regionales de 2021. Actualmente dirige la plataforma Guayana Libre dando su respaldo a la\u00a0<strong>Plataforma Unitaria Democr\u00e1tica.<\/strong><\/p>\n<p><strong>FUENTE: EL IMPULSO<\/strong><\/p>\n<div class=\"pvc_clear\"><\/div>\n<p id=\"pvc_stats_18546\" class=\"pvc_stats all  \" data-element-id=\"18546\" style=\"\"><i class=\"pvc-stats-icon large\" aria-hidden=\"true\"><svg xmlns=\"http:\/\/www.w3.org\/2000\/svg\" version=\"1.0\" viewBox=\"0 0 502 315\" preserveAspectRatio=\"xMidYMid meet\"><g transform=\"translate(0,332) scale(0.1,-0.1)\" fill=\"\" stroke=\"none\"><path d=\"M2394 3279 l-29 -30 -3 -207 c-2 -182 0 -211 15 -242 39 -76 157 -76 196 0 15 31 17 60 15 243 l-3 209 -33 29 c-26 23 -41 29 -80 29 -41 0 -53 -5 -78 -31z\"\/><path d=\"M3085 3251 c-45 -19 -58 -50 -96 -229 -47 -217 -49 -260 -13 -295 52 -53 146 -42 177 20 16 31 87 366 87 410 0 70 -86 122 -155 94z\"\/><path d=\"M1751 3234 c-13 -9 -29 -31 -37 -50 -12 -29 -10 -49 21 -204 19 -94 39 -189 45 -210 14 -50 54 -80 110 -80 34 0 48 6 76 34 21 21 34 44 34 59 0 14 -18 113 -40 219 -37 178 -43 195 -70 221 -36 32 -101 37 -139 11z\"\/><path d=\"M1163 3073 c-36 -7 -73 -59 -73 -102 0 -56 133 -378 171 -413 34 -32 83 -37 129 -13 70 36 67 87 -16 290 -86 209 -89 214 -129 231 -35 14 -42 15 -82 7z\"\/><path d=\"M3689 3066 c-15 -9 -33 -30 -42 -48 -48 -103 -147 -355 -147 -375 0 -98 131 -148 192 -74 13 15 57 108 97 206 80 196 84 226 37 273 -30 30 -99 39 -137 18z\"\/><path d=\"M583 2784 c-38 -19 -67 -74 -58 -113 9 -42 211 -354 242 -373 16 -10 45 -18 66 -18 51 0 107 52 107 100 0 39 -1 41 -124 234 -80 126 -108 162 -133 173 -41 17 -61 16 -100 -3z\"\/><path d=\"M4250 2784 c-14 -9 -74 -91 -133 -183 -95 -150 -107 -173 -107 -213 0 -55 33 -94 87 -104 67 -13 90 8 211 198 130 202 137 225 78 284 -27 27 -42 34 -72 34 -22 0 -50 -8 -64 -16z\"\/><path d=\"M2275 2693 c-553 -48 -1095 -270 -1585 -649 -135 -104 -459 -423 -483 -476 -23 -49 -22 -139 2 -186 73 -142 361 -457 571 -626 285 -228 642 -407 990 -497 242 -63 336 -73 660 -74 310 0 370 5 595 52 535 111 1045 392 1455 803 122 121 250 273 275 326 19 41 19 137 0 174 -41 79 -309 363 -465 492 -447 370 -946 591 -1479 653 -113 14 -422 18 -536 8z m395 -428 c171 -34 330 -124 456 -258 112 -119 167 -219 211 -378 27 -96 24 -300 -5 -401 -72 -255 -236 -447 -474 -557 -132 -62 -201 -76 -368 -76 -167 0 -236 14 -368 76 -213 98 -373 271 -451 485 -162 444 86 934 547 1084 153 49 292 57 452 25z m909 -232 c222 -123 408 -262 593 -441 76 -74 138 -139 138 -144 0 -16 -233 -242 -330 -319 -155 -123 -309 -223 -461 -299 l-81 -41 32 46 c18 26 49 83 70 128 143 306 141 649 -6 957 -25 52 -61 116 -79 142 l-34 47 45 -20 c26 -10 76 -36 113 -56z m-2057 25 c-40 -58 -105 -190 -130 -263 -110 -324 -59 -707 132 -981 25 -35 42 -64 37 -64 -19 0 -241 119 -326 174 -188 122 -406 314 -532 468 l-58 71 108 103 c185 178 428 349 672 473 66 33 121 60 123 61 2 0 -10 -19 -26 -42z\"\/><path d=\"M2375 1950 c-198 -44 -350 -190 -395 -379 -18 -76 -8 -221 19 -290 114 -284 457 -406 731 -260 98 52 188 154 231 260 27 69 37 214 19 290 -38 163 -166 304 -326 360 -67 23 -215 33 -279 19z\"\/><\/g><\/svg><\/i> <img decoding=\"async\" width=\"16\" height=\"16\" alt=\"Loading\" src=\"https:\/\/esviafm.com\/wp-content\/plugins\/page-views-count\/ajax-loader-2x.gif\" border=0 \/><\/p>\n<div class=\"pvc_clear\"><\/div>\n","protected":false},"excerpt":{"rendered":"<p>Este 14 de agosto el dirigente pol\u00edtico y l\u00edder de la\u00a0agrupaci\u00f3n Guayana Libre, Am\u00e9rico De Grazia, cumple una semana de arresto arbitrario. Diferentes medios de comunicaci\u00f3n internacionales han rese\u00f1ado el caso, y la organizaci\u00f3n no gubernamental\u00a0Amnist\u00eda Internacional\u00a0ha solicitado su inmediata liberaci\u00f3n, as\u00ed como la de m\u00e1s de 50 l\u00edderes pol\u00edticos de oposici\u00f3n. En entrevista con\u00a0Correo [&hellip;]<\/p>\n<div class=\"pvc_clear\"><\/div>\n<p id=\"pvc_stats_18546\" class=\"pvc_stats all  \" data-element-id=\"18546\" style=\"\"><i class=\"pvc-stats-icon large\" aria-hidden=\"true\"><svg xmlns=\"http:\/\/www.w3.org\/2000\/svg\" version=\"1.0\" viewBox=\"0 0 502 315\" preserveAspectRatio=\"xMidYMid meet\"><g transform=\"translate(0,332) scale(0.1,-0.1)\" fill=\"\" stroke=\"none\"><path d=\"M2394 3279 l-29 -30 -3 -207 c-2 -182 0 -211 15 -242 39 -76 157 -76 196 0 15 31 17 60 15 243 l-3 209 -33 29 c-26 23 -41 29 -80 29 -41 0 -53 -5 -78 -31z\"\/><path d=\"M3085 3251 c-45 -19 -58 -50 -96 -229 -47 -217 -49 -260 -13 -295 52 -53 146 -42 177 20 16 31 87 366 87 410 0 70 -86 122 -155 94z\"\/><path d=\"M1751 3234 c-13 -9 -29 -31 -37 -50 -12 -29 -10 -49 21 -204 19 -94 39 -189 45 -210 14 -50 54 -80 110 -80 34 0 48 6 76 34 21 21 34 44 34 59 0 14 -18 113 -40 219 -37 178 -43 195 -70 221 -36 32 -101 37 -139 11z\"\/><path d=\"M1163 3073 c-36 -7 -73 -59 -73 -102 0 -56 133 -378 171 -413 34 -32 83 -37 129 -13 70 36 67 87 -16 290 -86 209 -89 214 -129 231 -35 14 -42 15 -82 7z\"\/><path d=\"M3689 3066 c-15 -9 -33 -30 -42 -48 -48 -103 -147 -355 -147 -375 0 -98 131 -148 192 -74 13 15 57 108 97 206 80 196 84 226 37 273 -30 30 -99 39 -137 18z\"\/><path d=\"M583 2784 c-38 -19 -67 -74 -58 -113 9 -42 211 -354 242 -373 16 -10 45 -18 66 -18 51 0 107 52 107 100 0 39 -1 41 -124 234 -80 126 -108 162 -133 173 -41 17 -61 16 -100 -3z\"\/><path d=\"M4250 2784 c-14 -9 -74 -91 -133 -183 -95 -150 -107 -173 -107 -213 0 -55 33 -94 87 -104 67 -13 90 8 211 198 130 202 137 225 78 284 -27 27 -42 34 -72 34 -22 0 -50 -8 -64 -16z\"\/><path d=\"M2275 2693 c-553 -48 -1095 -270 -1585 -649 -135 -104 -459 -423 -483 -476 -23 -49 -22 -139 2 -186 73 -142 361 -457 571 -626 285 -228 642 -407 990 -497 242 -63 336 -73 660 -74 310 0 370 5 595 52 535 111 1045 392 1455 803 122 121 250 273 275 326 19 41 19 137 0 174 -41 79 -309 363 -465 492 -447 370 -946 591 -1479 653 -113 14 -422 18 -536 8z m395 -428 c171 -34 330 -124 456 -258 112 -119 167 -219 211 -378 27 -96 24 -300 -5 -401 -72 -255 -236 -447 -474 -557 -132 -62 -201 -76 -368 -76 -167 0 -236 14 -368 76 -213 98 -373 271 -451 485 -162 444 86 934 547 1084 153 49 292 57 452 25z m909 -232 c222 -123 408 -262 593 -441 76 -74 138 -139 138 -144 0 -16 -233 -242 -330 -319 -155 -123 -309 -223 -461 -299 l-81 -41 32 46 c18 26 49 83 70 128 143 306 141 649 -6 957 -25 52 -61 116 -79 142 l-34 47 45 -20 c26 -10 76 -36 113 -56z m-2057 25 c-40 -58 -105 -190 -130 -263 -110 -324 -59 -707 132 -981 25 -35 42 -64 37 -64 -19 0 -241 119 -326 174 -188 122 -406 314 -532 468 l-58 71 108 103 c185 178 428 349 672 473 66 33 121 60 123 61 2 0 -10 -19 -26 -42z\"\/><path d=\"M2375 1950 c-198 -44 -350 -190 -395 -379 -18 -76 -8 -221 19 -290 114 -284 457 -406 731 -260 98 52 188 154 231 260 27 69 37 214 19 290 -38 163 -166 304 -326 360 -67 23 -215 33 -279 19z\"\/><\/g><\/svg><\/i> <img decoding=\"async\" width=\"16\" height=\"16\" alt=\"Loading\" src=\"https:\/\/esviafm.com\/wp-content\/plugins\/page-views-count\/ajax-loader-2x.gif\" border=0 \/><\/p>\n<div class=\"pvc_clear\"><\/div>\n","protected":false},"author":1,"featured_media":0,"comment_status":"open","ping_status":"open","sticky":false,"template":"","format":"standard","meta":{"_et_pb_use_builder":"","_et_pb_old_content":"","_et_gb_content_width":"","footnotes":""},"categories":[25],"tags":[],"class_list":["post-18546","post","type-post","status-publish","format-standard","hentry","category-nacionales"],"_links":{"self":[{"href":"https:\/\/esviafm.com\/index.php\/wp-json\/wp\/v2\/posts\/18546","targetHints":{"allow":["GET"]}}],"collection":[{"href":"https:\/\/esviafm.com\/index.php\/wp-json\/wp\/v2\/posts"}],"about":[{"href":"https:\/\/esviafm.com\/index.php\/wp-json\/wp\/v2\/types\/post"}],"author":[{"embeddable":true,"href":"https:\/\/esviafm.com\/index.php\/wp-json\/wp\/v2\/users\/1"}],"replies":[{"embeddable":true,"href":"https:\/\/esviafm.com\/index.php\/wp-json\/wp\/v2\/comments?post=18546"}],"version-history":[{"count":1,"href":"https:\/\/esviafm.com\/index.php\/wp-json\/wp\/v2\/posts\/18546\/revisions"}],"predecessor-version":[{"id":18548,"href":"https:\/\/esviafm.com\/index.php\/wp-json\/wp\/v2\/posts\/18546\/revisions\/18548"}],"wp:attachment":[{"href":"https:\/\/esviafm.com\/index.php\/wp-json\/wp\/v2\/media?parent=18546"}],"wp:term":[{"taxonomy":"category","embeddable":true,"href":"https:\/\/esviafm.com\/index.php\/wp-json\/wp\/v2\/categories?post=18546"},{"taxonomy":"post_tag","embeddable":true,"href":"https:\/\/esviafm.com\/index.php\/wp-json\/wp\/v2\/tags?post=18546"}],"curies":[{"name":"wp","href":"https:\/\/api.w.org\/{rel}","templated":true}]}}