{"id":18227,"date":"2024-08-09T07:57:08","date_gmt":"2024-08-09T12:27:08","guid":{"rendered":"https:\/\/esviafm.com\/?p=18227"},"modified":"2024-08-09T07:57:08","modified_gmt":"2024-08-09T12:27:08","slug":"presidente-mulino-cumbre-sobre-venezuela-podria-hacerse-en-rep-dominicana-la-proxima-semana","status":"publish","type":"post","link":"https:\/\/esviafm.com\/index.php\/presidente-mulino-cumbre-sobre-venezuela-podria-hacerse-en-rep-dominicana-la-proxima-semana\/","title":{"rendered":"Presidente Mulino: Cumbre sobre Venezuela podr\u00eda hacerse en Rep. Dominicana la pr\u00f3xima semana"},"content":{"rendered":"<p>El presidente de Panam\u00e1, Jos\u00e9 Ra\u00fal Mulino, dijo este jueves que la cumbre regional que propuso realizar en su pa\u00eds para abordar la crisis poselectoral de Venezuela\u00a0<strong>podr\u00eda celebrarse la pr\u00f3xima semana pero en Rep\u00fablica Dominicana<\/strong>, aprovechando la presencia all\u00ed de los presidentes por la asunci\u00f3n de Luis Abinader para un segundo mandato.<\/p>\n<p>\u00abEsa reuni\u00f3n que estoy tratando de hacer, ya tenemos 6-7 presidentes confirmados que vendr\u00edan a Panam\u00e1, sin embargo, todos o casi todos vamos a coincidir en Rep\u00fablica Dominicana el pr\u00f3ximo jueves y viernes\u00a0<strong>para la juramentaci\u00f3n por segunda vez del presidente Abinader<\/strong>\u00a0y quiz\u00e1s, con la venia del presidente Abinader, podamos tener all\u00ed la reuni\u00f3n\u00bb, afirm\u00f3 Mulino durante su comparecencia semanal ante la prensa.<\/p>\n<p>Mulino dijo que\u00a0<strong>la idea es que a la cita asistan los 17 Gobiernos que el pasado 31 de julio votaron en la Organizaci\u00f3n de Estados Americanos (OEA) a favor de una resoluci\u00f3n<\/strong>\u00a0que ped\u00eda a las autoridades venezolanas publicar \u00abde inmediato\u00bb las actas de las elecciones del pasado 28 de julio, una iniciativa que finalmente no prosper\u00f3, lo que entonces el presidente paname\u00f1o tild\u00f3 como \u00abdeprimente\u00bb.<\/p>\n<p>Los 17 pa\u00edses que votaron a favor de la resoluci\u00f3n fueron Argentina, Canad\u00e1, Chile, Costa Rica, Ecuador, El Salvador, Estados Unidos, Guatemala, Guyana, Hait\u00ed, Jamaica, Panam\u00e1, Paraguay, Per\u00fa, la Rep\u00fablica Dominicana, Surinam y Uruguay.<\/p>\n<p>El prop\u00f3sito de la reuni\u00f3n de presidentes\u00a0<strong>es mantener el tema de Venezuela \u00abvigente en la agenda internacional de los pa\u00edses\u00bb<\/strong>, y ayudar a resolver la crisis a la luz del fracaso de la OEA, sin ansias de protagonismo por parte del Gobierno paname\u00f1o, dijo Mulino.<\/p>\n<p>La reuni\u00f3n podr\u00eda tener lugar en \u00abRep\u00fablica Dominicana, en Panam\u00e1, en Costa Rica,\u00a0<strong>ser\u00e1 donde tenga que ser, no se trata de figuraci\u00f3n se trata de soluci\u00f3n\u00bb<\/strong>, destac\u00f3 el mandatario.<\/p>\n<h2>Mulino apoya la mediaci\u00f3n de Brasil, M\u00e9xico y Colombia<\/h2>\n<p>El presidente de Panam\u00e1 expres\u00f3\u00a0<strong>su respaldo a la mediaci\u00f3n liderada por Colombia, Brasil y M\u00e9xico para tratar de superar la crisis por las elecciones presidenciales venezolanas<\/strong>\u00a0y las denuncias de fraude ante la proclamaci\u00f3n de Nicol\u00e1s Maduro como jefe de Estado reelecto.<\/p>\n<p>Mulino se sum\u00f3 el pasado viernes al reconocimiento del candidato opositor Edmundo Gonz\u00e1lez Urrutia como el leg\u00edtimo presidente electo de Venezuela, despu\u00e9s de que el Centro Nacional Electoral (CNE) de la naci\u00f3n suramericana diera como vencedor a Maduro sin presentar las actas electorales que lo avalaran.<\/p>\n<p>\u00abYo veo positivo el esfuerzo de M\u00e9xico, Colombia y Brasil, aunque no hayan votado o se hayan abstenido en la OEA (\u2026) Son pa\u00edses que tienen, por razones que sobran explicar, una relaci\u00f3n m\u00e1s cercana o Gobiernos m\u00e1s cercanos al Gobierno de Maduro\u00bb, declar\u00f3 Mulino.<\/p>\n<p>El jefe de Estado paname\u00f1o\u00a0<strong>dijo estar seguro de que a los presidentes de M\u00e9xico, Brasil y Colombia \u00abtambi\u00e9n les preocupa\u00bb la situaci\u00f3n venezolana<\/strong>\u00a0y no quieren, al igual que Panam\u00e1 y otros pa\u00edses del continente, \u00abotro futuro para Venezuela que enrumbar el pa\u00eds democr\u00e1ticamente y normalizar la vida en la regi\u00f3n, que est\u00e1 enredada y vuelta un desastre\u00bb.<\/p>\n<p>\u00ab<strong>Y lo que quiero decir con ello es que 17 pa\u00edses que votamos en una direcci\u00f3n en la OEA<\/strong>, y estos tres pa\u00edses que pueden y creo que lo est\u00e1n haciendo, un rol de amigable componedor, entre los dos no nos excluimos. Los dos queremos que impere la democracia, la paz y el orden constitucional en Venezuela\u00bb, agreg\u00f3.<\/p>\n<p><strong>FUENTE:BANCA Y NEGOCIOS<\/strong><\/p>\n<div class=\"pvc_clear\"><\/div>\n<p id=\"pvc_stats_18227\" class=\"pvc_stats all  \" data-element-id=\"18227\" style=\"\"><i class=\"pvc-stats-icon large\" aria-hidden=\"true\"><svg xmlns=\"http:\/\/www.w3.org\/2000\/svg\" version=\"1.0\" viewBox=\"0 0 502 315\" preserveAspectRatio=\"xMidYMid meet\"><g transform=\"translate(0,332) scale(0.1,-0.1)\" fill=\"\" stroke=\"none\"><path d=\"M2394 3279 l-29 -30 -3 -207 c-2 -182 0 -211 15 -242 39 -76 157 -76 196 0 15 31 17 60 15 243 l-3 209 -33 29 c-26 23 -41 29 -80 29 -41 0 -53 -5 -78 -31z\"\/><path d=\"M3085 3251 c-45 -19 -58 -50 -96 -229 -47 -217 -49 -260 -13 -295 52 -53 146 -42 177 20 16 31 87 366 87 410 0 70 -86 122 -155 94z\"\/><path d=\"M1751 3234 c-13 -9 -29 -31 -37 -50 -12 -29 -10 -49 21 -204 19 -94 39 -189 45 -210 14 -50 54 -80 110 -80 34 0 48 6 76 34 21 21 34 44 34 59 0 14 -18 113 -40 219 -37 178 -43 195 -70 221 -36 32 -101 37 -139 11z\"\/><path d=\"M1163 3073 c-36 -7 -73 -59 -73 -102 0 -56 133 -378 171 -413 34 -32 83 -37 129 -13 70 36 67 87 -16 290 -86 209 -89 214 -129 231 -35 14 -42 15 -82 7z\"\/><path d=\"M3689 3066 c-15 -9 -33 -30 -42 -48 -48 -103 -147 -355 -147 -375 0 -98 131 -148 192 -74 13 15 57 108 97 206 80 196 84 226 37 273 -30 30 -99 39 -137 18z\"\/><path d=\"M583 2784 c-38 -19 -67 -74 -58 -113 9 -42 211 -354 242 -373 16 -10 45 -18 66 -18 51 0 107 52 107 100 0 39 -1 41 -124 234 -80 126 -108 162 -133 173 -41 17 -61 16 -100 -3z\"\/><path d=\"M4250 2784 c-14 -9 -74 -91 -133 -183 -95 -150 -107 -173 -107 -213 0 -55 33 -94 87 -104 67 -13 90 8 211 198 130 202 137 225 78 284 -27 27 -42 34 -72 34 -22 0 -50 -8 -64 -16z\"\/><path d=\"M2275 2693 c-553 -48 -1095 -270 -1585 -649 -135 -104 -459 -423 -483 -476 -23 -49 -22 -139 2 -186 73 -142 361 -457 571 -626 285 -228 642 -407 990 -497 242 -63 336 -73 660 -74 310 0 370 5 595 52 535 111 1045 392 1455 803 122 121 250 273 275 326 19 41 19 137 0 174 -41 79 -309 363 -465 492 -447 370 -946 591 -1479 653 -113 14 -422 18 -536 8z m395 -428 c171 -34 330 -124 456 -258 112 -119 167 -219 211 -378 27 -96 24 -300 -5 -401 -72 -255 -236 -447 -474 -557 -132 -62 -201 -76 -368 -76 -167 0 -236 14 -368 76 -213 98 -373 271 -451 485 -162 444 86 934 547 1084 153 49 292 57 452 25z m909 -232 c222 -123 408 -262 593 -441 76 -74 138 -139 138 -144 0 -16 -233 -242 -330 -319 -155 -123 -309 -223 -461 -299 l-81 -41 32 46 c18 26 49 83 70 128 143 306 141 649 -6 957 -25 52 -61 116 -79 142 l-34 47 45 -20 c26 -10 76 -36 113 -56z m-2057 25 c-40 -58 -105 -190 -130 -263 -110 -324 -59 -707 132 -981 25 -35 42 -64 37 -64 -19 0 -241 119 -326 174 -188 122 -406 314 -532 468 l-58 71 108 103 c185 178 428 349 672 473 66 33 121 60 123 61 2 0 -10 -19 -26 -42z\"\/><path d=\"M2375 1950 c-198 -44 -350 -190 -395 -379 -18 -76 -8 -221 19 -290 114 -284 457 -406 731 -260 98 52 188 154 231 260 27 69 37 214 19 290 -38 163 -166 304 -326 360 -67 23 -215 33 -279 19z\"\/><\/g><\/svg><\/i> <img decoding=\"async\" width=\"16\" height=\"16\" alt=\"Loading\" src=\"https:\/\/esviafm.com\/wp-content\/plugins\/page-views-count\/ajax-loader-2x.gif\" border=0 \/><\/p>\n<div class=\"pvc_clear\"><\/div>\n","protected":false},"excerpt":{"rendered":"<p>El presidente de Panam\u00e1, Jos\u00e9 Ra\u00fal Mulino, dijo este jueves que la cumbre regional que propuso realizar en su pa\u00eds para abordar la crisis poselectoral de Venezuela\u00a0podr\u00eda celebrarse la pr\u00f3xima semana pero en Rep\u00fablica Dominicana, aprovechando la presencia all\u00ed de los presidentes por la asunci\u00f3n de Luis Abinader para un segundo mandato. \u00abEsa reuni\u00f3n que [&hellip;]<\/p>\n<div class=\"pvc_clear\"><\/div>\n<p id=\"pvc_stats_18227\" class=\"pvc_stats all  \" data-element-id=\"18227\" style=\"\"><i class=\"pvc-stats-icon large\" aria-hidden=\"true\"><svg xmlns=\"http:\/\/www.w3.org\/2000\/svg\" version=\"1.0\" viewBox=\"0 0 502 315\" preserveAspectRatio=\"xMidYMid meet\"><g transform=\"translate(0,332) scale(0.1,-0.1)\" fill=\"\" stroke=\"none\"><path d=\"M2394 3279 l-29 -30 -3 -207 c-2 -182 0 -211 15 -242 39 -76 157 -76 196 0 15 31 17 60 15 243 l-3 209 -33 29 c-26 23 -41 29 -80 29 -41 0 -53 -5 -78 -31z\"\/><path d=\"M3085 3251 c-45 -19 -58 -50 -96 -229 -47 -217 -49 -260 -13 -295 52 -53 146 -42 177 20 16 31 87 366 87 410 0 70 -86 122 -155 94z\"\/><path d=\"M1751 3234 c-13 -9 -29 -31 -37 -50 -12 -29 -10 -49 21 -204 19 -94 39 -189 45 -210 14 -50 54 -80 110 -80 34 0 48 6 76 34 21 21 34 44 34 59 0 14 -18 113 -40 219 -37 178 -43 195 -70 221 -36 32 -101 37 -139 11z\"\/><path d=\"M1163 3073 c-36 -7 -73 -59 -73 -102 0 -56 133 -378 171 -413 34 -32 83 -37 129 -13 70 36 67 87 -16 290 -86 209 -89 214 -129 231 -35 14 -42 15 -82 7z\"\/><path d=\"M3689 3066 c-15 -9 -33 -30 -42 -48 -48 -103 -147 -355 -147 -375 0 -98 131 -148 192 -74 13 15 57 108 97 206 80 196 84 226 37 273 -30 30 -99 39 -137 18z\"\/><path d=\"M583 2784 c-38 -19 -67 -74 -58 -113 9 -42 211 -354 242 -373 16 -10 45 -18 66 -18 51 0 107 52 107 100 0 39 -1 41 -124 234 -80 126 -108 162 -133 173 -41 17 -61 16 -100 -3z\"\/><path d=\"M4250 2784 c-14 -9 -74 -91 -133 -183 -95 -150 -107 -173 -107 -213 0 -55 33 -94 87 -104 67 -13 90 8 211 198 130 202 137 225 78 284 -27 27 -42 34 -72 34 -22 0 -50 -8 -64 -16z\"\/><path d=\"M2275 2693 c-553 -48 -1095 -270 -1585 -649 -135 -104 -459 -423 -483 -476 -23 -49 -22 -139 2 -186 73 -142 361 -457 571 -626 285 -228 642 -407 990 -497 242 -63 336 -73 660 -74 310 0 370 5 595 52 535 111 1045 392 1455 803 122 121 250 273 275 326 19 41 19 137 0 174 -41 79 -309 363 -465 492 -447 370 -946 591 -1479 653 -113 14 -422 18 -536 8z m395 -428 c171 -34 330 -124 456 -258 112 -119 167 -219 211 -378 27 -96 24 -300 -5 -401 -72 -255 -236 -447 -474 -557 -132 -62 -201 -76 -368 -76 -167 0 -236 14 -368 76 -213 98 -373 271 -451 485 -162 444 86 934 547 1084 153 49 292 57 452 25z m909 -232 c222 -123 408 -262 593 -441 76 -74 138 -139 138 -144 0 -16 -233 -242 -330 -319 -155 -123 -309 -223 -461 -299 l-81 -41 32 46 c18 26 49 83 70 128 143 306 141 649 -6 957 -25 52 -61 116 -79 142 l-34 47 45 -20 c26 -10 76 -36 113 -56z m-2057 25 c-40 -58 -105 -190 -130 -263 -110 -324 -59 -707 132 -981 25 -35 42 -64 37 -64 -19 0 -241 119 -326 174 -188 122 -406 314 -532 468 l-58 71 108 103 c185 178 428 349 672 473 66 33 121 60 123 61 2 0 -10 -19 -26 -42z\"\/><path d=\"M2375 1950 c-198 -44 -350 -190 -395 -379 -18 -76 -8 -221 19 -290 114 -284 457 -406 731 -260 98 52 188 154 231 260 27 69 37 214 19 290 -38 163 -166 304 -326 360 -67 23 -215 33 -279 19z\"\/><\/g><\/svg><\/i> <img decoding=\"async\" width=\"16\" height=\"16\" alt=\"Loading\" src=\"https:\/\/esviafm.com\/wp-content\/plugins\/page-views-count\/ajax-loader-2x.gif\" border=0 \/><\/p>\n<div class=\"pvc_clear\"><\/div>\n","protected":false},"author":1,"featured_media":0,"comment_status":"open","ping_status":"open","sticky":false,"template":"","format":"standard","meta":{"_et_pb_use_builder":"","_et_pb_old_content":"","_et_gb_content_width":"","footnotes":""},"categories":[17],"tags":[],"class_list":["post-18227","post","type-post","status-publish","format-standard","hentry","category-internacionales"],"_links":{"self":[{"href":"https:\/\/esviafm.com\/index.php\/wp-json\/wp\/v2\/posts\/18227","targetHints":{"allow":["GET"]}}],"collection":[{"href":"https:\/\/esviafm.com\/index.php\/wp-json\/wp\/v2\/posts"}],"about":[{"href":"https:\/\/esviafm.com\/index.php\/wp-json\/wp\/v2\/types\/post"}],"author":[{"embeddable":true,"href":"https:\/\/esviafm.com\/index.php\/wp-json\/wp\/v2\/users\/1"}],"replies":[{"embeddable":true,"href":"https:\/\/esviafm.com\/index.php\/wp-json\/wp\/v2\/comments?post=18227"}],"version-history":[{"count":1,"href":"https:\/\/esviafm.com\/index.php\/wp-json\/wp\/v2\/posts\/18227\/revisions"}],"predecessor-version":[{"id":18229,"href":"https:\/\/esviafm.com\/index.php\/wp-json\/wp\/v2\/posts\/18227\/revisions\/18229"}],"wp:attachment":[{"href":"https:\/\/esviafm.com\/index.php\/wp-json\/wp\/v2\/media?parent=18227"}],"wp:term":[{"taxonomy":"category","embeddable":true,"href":"https:\/\/esviafm.com\/index.php\/wp-json\/wp\/v2\/categories?post=18227"},{"taxonomy":"post_tag","embeddable":true,"href":"https:\/\/esviafm.com\/index.php\/wp-json\/wp\/v2\/tags?post=18227"}],"curies":[{"name":"wp","href":"https:\/\/api.w.org\/{rel}","templated":true}]}}