{"id":18112,"date":"2024-08-08T06:28:13","date_gmt":"2024-08-08T10:58:13","guid":{"rendered":"https:\/\/esviafm.com\/?p=18112"},"modified":"2024-08-08T06:28:13","modified_gmt":"2024-08-08T10:58:13","slug":"edmundo-gonzalez-asegura-que-rosales-calzadilla-y-cartaya-en-el-tsj-dejaron-claro-lo-que-exige-el-pueblo-venezolano","status":"publish","type":"post","link":"https:\/\/esviafm.com\/index.php\/edmundo-gonzalez-asegura-que-rosales-calzadilla-y-cartaya-en-el-tsj-dejaron-claro-lo-que-exige-el-pueblo-venezolano\/","title":{"rendered":"Edmundo Gonz\u00e1lez asegura que Rosales, Calzadilla y Cartaya en el TSJ \u00abdejaron claro lo que exige el pueblo venezolano\u00bb"},"content":{"rendered":"<p>El candidato presidencial de la oposici\u00f3n en las pasadas elecciones, Edmundo Gonz\u00e1lez, se pronunci\u00f3 sobre las comparecencias de los dirigentes\u00a0<strong>Manuel Rosales, Sim\u00f3n Calzadilla y Jos\u00e9 Luis Cartaya<\/strong>\u00a0ante el Tribunal Supremo de Justicia (TSJ). Gonz\u00e1lez afirm\u00f3 que estas presentaciones dejan en claro la exigencia del pueblo venezolano de que el\u00a0<strong>Consejo Nacional Electoral<\/strong>\u00a0(CNE) publique las actas electorales.<\/p>\n<div class=\"google-auto-placed ap_container\"><ins class=\"adsbygoogle adsbygoogle-noablate\" data-ad-format=\"auto\" data-ad-client=\"ca-pub-7690825590694655\" data-adsbygoogle-status=\"done\" data-ad-status=\"unfilled\"><\/p>\n<div id=\"aswift_4_host\"><\/div>\n<p><\/ins><\/div>\n<p>En un mensaje publicado en sus redes sociales, Gonz\u00e1lez destac\u00f3 la importancia de que el CNE haga p\u00fablica la informaci\u00f3n contenida en las actas, ya que estas evidenciar\u00e1n la decisi\u00f3n tomada por los venezolanos trav\u00e9s del voto en el proceso electoral del 28 de julio. Hizo un llamado a la paz del pa\u00eds y solicit\u00f3 que se publiquen las actas electorales.<\/p>\n<p><strong>Manuel Rosales<\/strong>, gobernador del estado Zulia, su comparecencia ante el TSJ aprovech\u00f3 la oportunidad para\u00a0<a href=\"https:\/\/www.elimpulso.com\/2024\/08\/07\/rosales-tras-asistir-al-tsj-estaremos-donde-sea-necesario-hasta-lograr-el-respeto-del-pueblo-7ago\/\">demandar al CNE la publicaci\u00f3n de las actas definitivas<\/a>\u00a0del\u00a0<strong>proceso electoral<\/strong>\u00a0del 28 de julio, haciendo uso de los derechos constitucionales del pueblo venezolano.<\/p>\n<p>Sim\u00f3n Calzadilla, otro de los dirigentes que se present\u00f3 ante le \u00f3rgano judicial, resalt\u00f3 la importancia de que las instituciones se pongan al servicio de la\u00a0<strong>transparencia del CNE<\/strong>\u00a0y cumplan con la\u00a0<strong>Ley Org\u00e1nica de Procesos Electorales<\/strong>, que establece un plazo de 48 horas para la publicaci\u00f3n de las actas.<\/p>\n<figure class=\"wp-block-embed is-type-rich is-provider-twitter wp-block-embed-twitter\">\n<div class=\"wp-block-embed__wrapper\">\n<div class=\"twitter-tweet twitter-tweet-rendered\"><iframe id=\"twitter-widget-1\" class=\"\" title=\"X Post\" src=\"https:\/\/platform.twitter.com\/embed\/Tweet.html?creatorScreenName=esoteldo_15&amp;dnt=true&amp;embedId=twitter-widget-1&amp;features=eyJ0ZndfdGltZWxpbmVfbGlzdCI6eyJidWNrZXQiOltdLCJ2ZXJzaW9uIjpudWxsfSwidGZ3X2ZvbGxvd2VyX2NvdW50X3N1bnNldCI6eyJidWNrZXQiOnRydWUsInZlcnNpb24iOm51bGx9LCJ0ZndfdHdlZXRfZWRpdF9iYWNrZW5kIjp7ImJ1Y2tldCI6Im9uIiwidmVyc2lvbiI6bnVsbH0sInRmd19yZWZzcmNfc2Vzc2lvbiI6eyJidWNrZXQiOiJvbiIsInZlcnNpb24iOm51bGx9LCJ0ZndfZm9zbnJfc29mdF9pbnRlcnZlbnRpb25zX2VuYWJsZWQiOnsiYnVja2V0Ijoib24iLCJ2ZXJzaW9uIjpudWxsfSwidGZ3X21peGVkX21lZGlhXzE1ODk3Ijp7ImJ1Y2tldCI6InRyZWF0bWVudCIsInZlcnNpb24iOm51bGx9LCJ0ZndfZXhwZXJpbWVudHNfY29va2llX2V4cGlyYXRpb24iOnsiYnVja2V0IjoxMjA5NjAwLCJ2ZXJzaW9uIjpudWxsfSwidGZ3X3Nob3dfYmlyZHdhdGNoX3Bpdm90c19lbmFibGVkIjp7ImJ1Y2tldCI6Im9uIiwidmVyc2lvbiI6bnVsbH0sInRmd19kdXBsaWNhdGVfc2NyaWJlc190b19zZXR0aW5ncyI6eyJidWNrZXQiOiJvbiIsInZlcnNpb24iOm51bGx9LCJ0ZndfdXNlX3Byb2ZpbGVfaW1hZ2Vfc2hhcGVfZW5hYmxlZCI6eyJidWNrZXQiOiJvbiIsInZlcnNpb24iOm51bGx9LCJ0ZndfdmlkZW9faGxzX2R5bmFtaWNfbWFuaWZlc3RzXzE1MDgyIjp7ImJ1Y2tldCI6InRydWVfYml0cmF0ZSIsInZlcnNpb24iOm51bGx9LCJ0ZndfbGVnYWN5X3RpbWVsaW5lX3N1bnNldCI6eyJidWNrZXQiOnRydWUsInZlcnNpb24iOm51bGx9LCJ0ZndfdHdlZXRfZWRpdF9mcm9udGVuZCI6eyJidWNrZXQiOiJvbiIsInZlcnNpb24iOm51bGx9fQ%3D%3D&amp;frame=false&amp;hideCard=false&amp;hideThread=false&amp;id=1821267159814959569&amp;lang=es&amp;origin=https%3A%2F%2Fwww.elimpulso.com%2F2024%2F08%2F07%2Fedmundo-gonzalez-asegura-que-rosales-calzadilla-y-cartaya-en-el-tsj-dejaron-claro-lo-que-exige-el-pueblo-venezolano-7ago%2F&amp;sessionId=b644c68be8fd261890086092f942c07fc1655fc2&amp;siteScreenName=elimpulsocom&amp;theme=light&amp;widgetsVersion=2615f7e52b7e0%3A1702314776716&amp;width=550px\" frameborder=\"0\" scrolling=\"no\" allowfullscreen=\"allowfullscreen\" data-tweet-id=\"1821267159814959569\" data-mce-fragment=\"1\"><\/iframe><\/div>\n<\/div>\n<\/figure>\n<h2 class=\"wp-block-heading\">Edmundo Gonz\u00e1lez no acudi\u00f3 a la citaci\u00f3n del TSJ<\/h2>\n<div class=\"google-auto-placed ap_container\"><ins class=\"adsbygoogle adsbygoogle-noablate\" data-ad-format=\"auto\" data-ad-client=\"ca-pub-7690825590694655\" data-adsbygoogle-status=\"done\" data-ad-status=\"unfilled\"><\/p>\n<div id=\"aswift_6_host\"><iframe id=\"aswift_6\" tabindex=\"0\" title=\"Advertisement\" src=\"https:\/\/googleads.g.doubleclick.net\/pagead\/ads?gdpr=0&amp;us_privacy=1---&amp;gpp_sid=-1&amp;client=ca-pub-7690825590694655&amp;output=html&amp;h=280&amp;adk=1202060795&amp;adf=4191060690&amp;w=765&amp;abgtt=6&amp;fwrn=4&amp;fwrnh=100&amp;lmt=1723064445&amp;num_ads=1&amp;rafmt=1&amp;armr=3&amp;sem=mc&amp;pwprc=4512835788&amp;ad_type=text_image&amp;format=765x280&amp;url=https%3A%2F%2Fwww.elimpulso.com%2F2024%2F08%2F07%2Fedmundo-gonzalez-asegura-que-rosales-calzadilla-y-cartaya-en-el-tsj-dejaron-claro-lo-que-exige-el-pueblo-venezolano-7ago%2F&amp;fwr=0&amp;pra=3&amp;rh=191&amp;rw=764&amp;rpe=1&amp;resp_fmts=3&amp;wgl=1&amp;fa=27&amp;uach=WyJXaW5kb3dzIiwiMC4xLjAiLCJ4ODYiLCIiLCIxMDkuMC41NDE0LjEyMCIsbnVsbCwwLG51bGwsIjY0IixbWyJOb3RfQSBCcmFuZCIsIjk5LjAuMC4wIl0sWyJHb29nbGUgQ2hyb21lIiwiMTA5LjAuNTQxNC4xMjAiXSxbIkNocm9taXVtIiwiMTA5LjAuNTQxNC4xMjAiXV0sMF0.&amp;dt=1723114583089&amp;bpp=4&amp;bdt=2944&amp;idt=4&amp;shv=r20240801&amp;mjsv=m202408050101&amp;ptt=9&amp;saldr=aa&amp;abxe=1&amp;cookie=ID%3Db37d4f4ab20db9ab%3AT%3D1719320124%3ART%3D1723114580%3AS%3DALNI_MZrkfujkKA8pLAsi5mg6n-rSFPIgQ&amp;gpic=UID%3D00000a317794802b%3AT%3D1719320124%3ART%3D1723114580%3AS%3DALNI_MbP9rFM1he2noBl2s1zkirvoLpOEg&amp;eo_id_str=ID%3D0008a0e9b57857e1%3AT%3D1719320124%3ART%3D1723114580%3AS%3DAA-AfjbI1ajzqof_FkgMqk-4rWbu&amp;prev_fmts=0x0%2C765x192%2C300x250%2C765x280%2C765x280%2C1349x600&amp;nras=5&amp;correlator=8458563571364&amp;frm=20&amp;pv=1&amp;u_tz=-240&amp;u_his=8&amp;u_h=768&amp;u_w=1366&amp;u_ah=728&amp;u_aw=1366&amp;u_cd=24&amp;u_sd=1&amp;dmc=4&amp;adx=131&amp;ady=3266&amp;biw=1349&amp;bih=600&amp;scr_x=0&amp;scr_y=866&amp;eid=95334524%2C95334828%2C95337584%2C95337868%2C95336266&amp;oid=2&amp;pvsid=4243138127779897&amp;tmod=1828823072&amp;uas=3&amp;nvt=1&amp;ref=https%3A%2F%2Fwww-elimpulso-com.webpkgcache.com%2F&amp;fc=1408&amp;brdim=0%2C0%2C0%2C0%2C1366%2C0%2C1366%2C728%2C1366%2C600&amp;vis=1&amp;rsz=%7C%7Cs%7C&amp;abl=NS&amp;fu=128&amp;bc=31&amp;bz=1&amp;psd=W251bGwsbnVsbCxudWxsLDNd&amp;ifi=7&amp;uci=a!7&amp;btvi=5&amp;fsb=1&amp;dtd=47252\" name=\"aswift_6\" width=\"765\" height=\"0\" frameborder=\"0\" marginwidth=\"0\" marginheight=\"0\" scrolling=\"no\" sandbox=\"allow-forms allow-popups allow-popups-to-escape-sandbox allow-same-origin allow-scripts allow-top-navigation-by-user-activation\" data-google-container-id=\"a!7\" aria-label=\"Advertisement\" data-google-query-id=\"CP6205qe5YcDFVsVaAgdkIMQcQ\" data-load-complete=\"true\" data-mce-fragment=\"1\"><\/iframe><\/div>\n<p><\/ins><\/div>\n<p>Es importante mencionar que\u00a0<a href=\"https:\/\/www.elimpulso.com\/2024\/08\/07\/gonzalez-urrutia-si-llegare-a-acudir-ante-la-sala-electoral-lo-haria-en-situacion-de-absoluta-indefension-7ago\/\">Edmundo Gonz\u00e1lez no acudi\u00f3 personalmente al TSJ<\/a>, pero emiti\u00f3 un pronunciamiento en el que cuestion\u00f3 la legalidad del proceso llevado a cabo por la\u00a0<strong>Sala Electoral del Tribunal Supremo de Justicia<\/strong>. Gonz\u00e1lez argument\u00f3 que el tr\u00e1mite adelantado por la Sala Electoral no se corresponde con ning\u00fan procedimiento legal contemplado en la Ley Org\u00e1nica del Tribunal Supremo de Justicia o en otras leyes relacionadas con la jurisdicci\u00f3n electoral.<\/p>\n<p>&nbsp;<\/p>\n<p>\u00abSin embargo, si llegare a acudir ante la Sala Electoral lo har\u00eda en situaci\u00f3n de absoluta indefensi\u00f3n, porque el tr\u00e1mite adelantado por la Sala Electoral, no se corresponde con ning\u00fan procedimiento legal contemplado en la Ley Org\u00e1nica del Tribunal Supremo de Justicia u otra ley sobre la jurisdicci\u00f3n electoral\u00bb, destac\u00f3 en un comunicado.<\/p>\n<figure class=\"wp-block-embed is-type-rich is-provider-twitter wp-block-embed-twitter\">\n<div class=\"wp-block-embed__wrapper\">\n<div class=\"twitter-tweet twitter-tweet-rendered\"><iframe id=\"twitter-widget-2\" class=\"\" title=\"X Post\" src=\"https:\/\/platform.twitter.com\/embed\/Tweet.html?creatorScreenName=esoteldo_15&amp;dnt=true&amp;embedId=twitter-widget-2&amp;features=eyJ0ZndfdGltZWxpbmVfbGlzdCI6eyJidWNrZXQiOltdLCJ2ZXJzaW9uIjpudWxsfSwidGZ3X2ZvbGxvd2VyX2NvdW50X3N1bnNldCI6eyJidWNrZXQiOnRydWUsInZlcnNpb24iOm51bGx9LCJ0ZndfdHdlZXRfZWRpdF9iYWNrZW5kIjp7ImJ1Y2tldCI6Im9uIiwidmVyc2lvbiI6bnVsbH0sInRmd19yZWZzcmNfc2Vzc2lvbiI6eyJidWNrZXQiOiJvbiIsInZlcnNpb24iOm51bGx9LCJ0ZndfZm9zbnJfc29mdF9pbnRlcnZlbnRpb25zX2VuYWJsZWQiOnsiYnVja2V0Ijoib24iLCJ2ZXJzaW9uIjpudWxsfSwidGZ3X21peGVkX21lZGlhXzE1ODk3Ijp7ImJ1Y2tldCI6InRyZWF0bWVudCIsInZlcnNpb24iOm51bGx9LCJ0ZndfZXhwZXJpbWVudHNfY29va2llX2V4cGlyYXRpb24iOnsiYnVja2V0IjoxMjA5NjAwLCJ2ZXJzaW9uIjpudWxsfSwidGZ3X3Nob3dfYmlyZHdhdGNoX3Bpdm90c19lbmFibGVkIjp7ImJ1Y2tldCI6Im9uIiwidmVyc2lvbiI6bnVsbH0sInRmd19kdXBsaWNhdGVfc2NyaWJlc190b19zZXR0aW5ncyI6eyJidWNrZXQiOiJvbiIsInZlcnNpb24iOm51bGx9LCJ0ZndfdXNlX3Byb2ZpbGVfaW1hZ2Vfc2hhcGVfZW5hYmxlZCI6eyJidWNrZXQiOiJvbiIsInZlcnNpb24iOm51bGx9LCJ0ZndfdmlkZW9faGxzX2R5bmFtaWNfbWFuaWZlc3RzXzE1MDgyIjp7ImJ1Y2tldCI6InRydWVfYml0cmF0ZSIsInZlcnNpb24iOm51bGx9LCJ0ZndfbGVnYWN5X3RpbWVsaW5lX3N1bnNldCI6eyJidWNrZXQiOnRydWUsInZlcnNpb24iOm51bGx9LCJ0ZndfdHdlZXRfZWRpdF9mcm9udGVuZCI6eyJidWNrZXQiOiJvbiIsInZlcnNpb24iOm51bGx9fQ%3D%3D&amp;frame=false&amp;hideCard=false&amp;hideThread=false&amp;id=1821149149120569366&amp;lang=es&amp;origin=https%3A%2F%2Fwww.elimpulso.com%2F2024%2F08%2F07%2Fedmundo-gonzalez-asegura-que-rosales-calzadilla-y-cartaya-en-el-tsj-dejaron-claro-lo-que-exige-el-pueblo-venezolano-7ago%2F&amp;sessionId=b644c68be8fd261890086092f942c07fc1655fc2&amp;siteScreenName=elimpulsocom&amp;theme=light&amp;widgetsVersion=2615f7e52b7e0%3A1702314776716&amp;width=550px\" frameborder=\"0\" scrolling=\"no\" allowfullscreen=\"allowfullscreen\" data-tweet-id=\"1821149149120569366\" data-mce-fragment=\"1\"><\/iframe><\/div>\n<\/div>\n<\/figure>\n<p><strong>FUENTE: EL IMPULSO<\/strong><\/p>\n<div class=\"pvc_clear\"><\/div>\n<p id=\"pvc_stats_18112\" class=\"pvc_stats all  \" data-element-id=\"18112\" style=\"\"><i class=\"pvc-stats-icon large\" aria-hidden=\"true\"><svg xmlns=\"http:\/\/www.w3.org\/2000\/svg\" version=\"1.0\" viewBox=\"0 0 502 315\" preserveAspectRatio=\"xMidYMid meet\"><g transform=\"translate(0,332) scale(0.1,-0.1)\" fill=\"\" stroke=\"none\"><path d=\"M2394 3279 l-29 -30 -3 -207 c-2 -182 0 -211 15 -242 39 -76 157 -76 196 0 15 31 17 60 15 243 l-3 209 -33 29 c-26 23 -41 29 -80 29 -41 0 -53 -5 -78 -31z\"\/><path d=\"M3085 3251 c-45 -19 -58 -50 -96 -229 -47 -217 -49 -260 -13 -295 52 -53 146 -42 177 20 16 31 87 366 87 410 0 70 -86 122 -155 94z\"\/><path d=\"M1751 3234 c-13 -9 -29 -31 -37 -50 -12 -29 -10 -49 21 -204 19 -94 39 -189 45 -210 14 -50 54 -80 110 -80 34 0 48 6 76 34 21 21 34 44 34 59 0 14 -18 113 -40 219 -37 178 -43 195 -70 221 -36 32 -101 37 -139 11z\"\/><path d=\"M1163 3073 c-36 -7 -73 -59 -73 -102 0 -56 133 -378 171 -413 34 -32 83 -37 129 -13 70 36 67 87 -16 290 -86 209 -89 214 -129 231 -35 14 -42 15 -82 7z\"\/><path d=\"M3689 3066 c-15 -9 -33 -30 -42 -48 -48 -103 -147 -355 -147 -375 0 -98 131 -148 192 -74 13 15 57 108 97 206 80 196 84 226 37 273 -30 30 -99 39 -137 18z\"\/><path d=\"M583 2784 c-38 -19 -67 -74 -58 -113 9 -42 211 -354 242 -373 16 -10 45 -18 66 -18 51 0 107 52 107 100 0 39 -1 41 -124 234 -80 126 -108 162 -133 173 -41 17 -61 16 -100 -3z\"\/><path d=\"M4250 2784 c-14 -9 -74 -91 -133 -183 -95 -150 -107 -173 -107 -213 0 -55 33 -94 87 -104 67 -13 90 8 211 198 130 202 137 225 78 284 -27 27 -42 34 -72 34 -22 0 -50 -8 -64 -16z\"\/><path d=\"M2275 2693 c-553 -48 -1095 -270 -1585 -649 -135 -104 -459 -423 -483 -476 -23 -49 -22 -139 2 -186 73 -142 361 -457 571 -626 285 -228 642 -407 990 -497 242 -63 336 -73 660 -74 310 0 370 5 595 52 535 111 1045 392 1455 803 122 121 250 273 275 326 19 41 19 137 0 174 -41 79 -309 363 -465 492 -447 370 -946 591 -1479 653 -113 14 -422 18 -536 8z m395 -428 c171 -34 330 -124 456 -258 112 -119 167 -219 211 -378 27 -96 24 -300 -5 -401 -72 -255 -236 -447 -474 -557 -132 -62 -201 -76 -368 -76 -167 0 -236 14 -368 76 -213 98 -373 271 -451 485 -162 444 86 934 547 1084 153 49 292 57 452 25z m909 -232 c222 -123 408 -262 593 -441 76 -74 138 -139 138 -144 0 -16 -233 -242 -330 -319 -155 -123 -309 -223 -461 -299 l-81 -41 32 46 c18 26 49 83 70 128 143 306 141 649 -6 957 -25 52 -61 116 -79 142 l-34 47 45 -20 c26 -10 76 -36 113 -56z m-2057 25 c-40 -58 -105 -190 -130 -263 -110 -324 -59 -707 132 -981 25 -35 42 -64 37 -64 -19 0 -241 119 -326 174 -188 122 -406 314 -532 468 l-58 71 108 103 c185 178 428 349 672 473 66 33 121 60 123 61 2 0 -10 -19 -26 -42z\"\/><path d=\"M2375 1950 c-198 -44 -350 -190 -395 -379 -18 -76 -8 -221 19 -290 114 -284 457 -406 731 -260 98 52 188 154 231 260 27 69 37 214 19 290 -38 163 -166 304 -326 360 -67 23 -215 33 -279 19z\"\/><\/g><\/svg><\/i> <img decoding=\"async\" width=\"16\" height=\"16\" alt=\"Loading\" src=\"https:\/\/esviafm.com\/wp-content\/plugins\/page-views-count\/ajax-loader-2x.gif\" border=0 \/><\/p>\n<div class=\"pvc_clear\"><\/div>\n","protected":false},"excerpt":{"rendered":"<p>El candidato presidencial de la oposici\u00f3n en las pasadas elecciones, Edmundo Gonz\u00e1lez, se pronunci\u00f3 sobre las comparecencias de los dirigentes\u00a0Manuel Rosales, Sim\u00f3n Calzadilla y Jos\u00e9 Luis Cartaya\u00a0ante el Tribunal Supremo de Justicia (TSJ). Gonz\u00e1lez afirm\u00f3 que estas presentaciones dejan en claro la exigencia del pueblo venezolano de que el\u00a0Consejo Nacional Electoral\u00a0(CNE) publique las actas electorales. [&hellip;]<\/p>\n<div class=\"pvc_clear\"><\/div>\n<p id=\"pvc_stats_18112\" class=\"pvc_stats all  \" data-element-id=\"18112\" style=\"\"><i class=\"pvc-stats-icon large\" aria-hidden=\"true\"><svg xmlns=\"http:\/\/www.w3.org\/2000\/svg\" version=\"1.0\" viewBox=\"0 0 502 315\" preserveAspectRatio=\"xMidYMid meet\"><g transform=\"translate(0,332) scale(0.1,-0.1)\" fill=\"\" stroke=\"none\"><path d=\"M2394 3279 l-29 -30 -3 -207 c-2 -182 0 -211 15 -242 39 -76 157 -76 196 0 15 31 17 60 15 243 l-3 209 -33 29 c-26 23 -41 29 -80 29 -41 0 -53 -5 -78 -31z\"\/><path d=\"M3085 3251 c-45 -19 -58 -50 -96 -229 -47 -217 -49 -260 -13 -295 52 -53 146 -42 177 20 16 31 87 366 87 410 0 70 -86 122 -155 94z\"\/><path d=\"M1751 3234 c-13 -9 -29 -31 -37 -50 -12 -29 -10 -49 21 -204 19 -94 39 -189 45 -210 14 -50 54 -80 110 -80 34 0 48 6 76 34 21 21 34 44 34 59 0 14 -18 113 -40 219 -37 178 -43 195 -70 221 -36 32 -101 37 -139 11z\"\/><path d=\"M1163 3073 c-36 -7 -73 -59 -73 -102 0 -56 133 -378 171 -413 34 -32 83 -37 129 -13 70 36 67 87 -16 290 -86 209 -89 214 -129 231 -35 14 -42 15 -82 7z\"\/><path d=\"M3689 3066 c-15 -9 -33 -30 -42 -48 -48 -103 -147 -355 -147 -375 0 -98 131 -148 192 -74 13 15 57 108 97 206 80 196 84 226 37 273 -30 30 -99 39 -137 18z\"\/><path d=\"M583 2784 c-38 -19 -67 -74 -58 -113 9 -42 211 -354 242 -373 16 -10 45 -18 66 -18 51 0 107 52 107 100 0 39 -1 41 -124 234 -80 126 -108 162 -133 173 -41 17 -61 16 -100 -3z\"\/><path d=\"M4250 2784 c-14 -9 -74 -91 -133 -183 -95 -150 -107 -173 -107 -213 0 -55 33 -94 87 -104 67 -13 90 8 211 198 130 202 137 225 78 284 -27 27 -42 34 -72 34 -22 0 -50 -8 -64 -16z\"\/><path d=\"M2275 2693 c-553 -48 -1095 -270 -1585 -649 -135 -104 -459 -423 -483 -476 -23 -49 -22 -139 2 -186 73 -142 361 -457 571 -626 285 -228 642 -407 990 -497 242 -63 336 -73 660 -74 310 0 370 5 595 52 535 111 1045 392 1455 803 122 121 250 273 275 326 19 41 19 137 0 174 -41 79 -309 363 -465 492 -447 370 -946 591 -1479 653 -113 14 -422 18 -536 8z m395 -428 c171 -34 330 -124 456 -258 112 -119 167 -219 211 -378 27 -96 24 -300 -5 -401 -72 -255 -236 -447 -474 -557 -132 -62 -201 -76 -368 -76 -167 0 -236 14 -368 76 -213 98 -373 271 -451 485 -162 444 86 934 547 1084 153 49 292 57 452 25z m909 -232 c222 -123 408 -262 593 -441 76 -74 138 -139 138 -144 0 -16 -233 -242 -330 -319 -155 -123 -309 -223 -461 -299 l-81 -41 32 46 c18 26 49 83 70 128 143 306 141 649 -6 957 -25 52 -61 116 -79 142 l-34 47 45 -20 c26 -10 76 -36 113 -56z m-2057 25 c-40 -58 -105 -190 -130 -263 -110 -324 -59 -707 132 -981 25 -35 42 -64 37 -64 -19 0 -241 119 -326 174 -188 122 -406 314 -532 468 l-58 71 108 103 c185 178 428 349 672 473 66 33 121 60 123 61 2 0 -10 -19 -26 -42z\"\/><path d=\"M2375 1950 c-198 -44 -350 -190 -395 -379 -18 -76 -8 -221 19 -290 114 -284 457 -406 731 -260 98 52 188 154 231 260 27 69 37 214 19 290 -38 163 -166 304 -326 360 -67 23 -215 33 -279 19z\"\/><\/g><\/svg><\/i> <img decoding=\"async\" width=\"16\" height=\"16\" alt=\"Loading\" src=\"https:\/\/esviafm.com\/wp-content\/plugins\/page-views-count\/ajax-loader-2x.gif\" border=0 \/><\/p>\n<div class=\"pvc_clear\"><\/div>\n","protected":false},"author":1,"featured_media":0,"comment_status":"open","ping_status":"open","sticky":false,"template":"","format":"standard","meta":{"_et_pb_use_builder":"","_et_pb_old_content":"","_et_gb_content_width":"","footnotes":""},"categories":[25],"tags":[],"class_list":["post-18112","post","type-post","status-publish","format-standard","hentry","category-nacionales"],"_links":{"self":[{"href":"https:\/\/esviafm.com\/index.php\/wp-json\/wp\/v2\/posts\/18112","targetHints":{"allow":["GET"]}}],"collection":[{"href":"https:\/\/esviafm.com\/index.php\/wp-json\/wp\/v2\/posts"}],"about":[{"href":"https:\/\/esviafm.com\/index.php\/wp-json\/wp\/v2\/types\/post"}],"author":[{"embeddable":true,"href":"https:\/\/esviafm.com\/index.php\/wp-json\/wp\/v2\/users\/1"}],"replies":[{"embeddable":true,"href":"https:\/\/esviafm.com\/index.php\/wp-json\/wp\/v2\/comments?post=18112"}],"version-history":[{"count":1,"href":"https:\/\/esviafm.com\/index.php\/wp-json\/wp\/v2\/posts\/18112\/revisions"}],"predecessor-version":[{"id":18114,"href":"https:\/\/esviafm.com\/index.php\/wp-json\/wp\/v2\/posts\/18112\/revisions\/18114"}],"wp:attachment":[{"href":"https:\/\/esviafm.com\/index.php\/wp-json\/wp\/v2\/media?parent=18112"}],"wp:term":[{"taxonomy":"category","embeddable":true,"href":"https:\/\/esviafm.com\/index.php\/wp-json\/wp\/v2\/categories?post=18112"},{"taxonomy":"post_tag","embeddable":true,"href":"https:\/\/esviafm.com\/index.php\/wp-json\/wp\/v2\/tags?post=18112"}],"curies":[{"name":"wp","href":"https:\/\/api.w.org\/{rel}","templated":true}]}}