{"id":18073,"date":"2024-08-07T07:39:00","date_gmt":"2024-08-07T12:09:00","guid":{"rendered":"https:\/\/esviafm.com\/?p=18073"},"modified":"2024-08-07T07:39:00","modified_gmt":"2024-08-07T12:09:00","slug":"kamala-harris-elige-a-tim-walz-como-aspirante-democrata-a-vicepresidente-segun-fuentes","status":"publish","type":"post","link":"https:\/\/esviafm.com\/index.php\/kamala-harris-elige-a-tim-walz-como-aspirante-democrata-a-vicepresidente-segun-fuentes\/","title":{"rendered":"Kamala Harris elige a Tim Walz como aspirante dem\u00f3crata a vicepresidente, seg\u00fan fuentes"},"content":{"rendered":"<p>La vicepresidenta Kamala Harris eligi\u00f3 al gobernador Tim Walz de Minnesota como su compa\u00f1ero de f\u00f3rmula, invitando al exprofesor y veterano de la Guardia Nacional del Ej\u00e9rcito a unirse a la boleta dem\u00f3crata y ayudar a liderar la lucha del partido para derrotar a Donald Trump.<\/p>\n<p>La selecci\u00f3n \u2014que Harris inform\u00f3 personalmente a Walz a trav\u00e9s de una videollamada, seg\u00fan una fuente familiarizada con el asunto\u2014 culmina el corto pero r\u00e1pido ascenso de la dem\u00f3crata del Medio Oeste, que pas\u00f3 de ser una figura relativa desconocida a uno de los principales impulsores de los ataques del partido contra Donald Trump y la agenda MAGA.<\/p>\n<p>&nbsp;<\/p>\n<p>La elecci\u00f3n de Walz fue resultado de la b\u00fasqueda de vicepresidente m\u00e1s acelerada de la historia moderna a partir de una preselecci\u00f3n que inclu\u00eda a media docena de dem\u00f3cratas, entre ellos el gobernador de Pensilvania, Josh Shapiro, y el senador de Arizona Mark Kelly. La vicepresidenta mantuvo entrevistas en persona con Walz, Shapiro y Kelly el domingo.<\/p>\n<p>Aunque Harris y Walz no ten\u00edan mucha relaci\u00f3n previa, sus ayudantes dijeron que Harris estaba cada vez m\u00e1s entusiasmada por la autenticidad de Walz y encontr\u00f3 una c\u00e1lida qu\u00edmica con \u00e9l durante una reuni\u00f3n final el domingo en su residencia del Observatorio Naval. Harris qued\u00f3 impresionada \u00abpor su autenticidad\u00bb, dijo a CNN una persona cercana al proceso.<\/p>\n<h2>Walz dice que es \u00abel honor\u00bb de su vida sumarse a Harris<\/h2>\n<p>Es \u00abel honor de mi vida unirme a @kamalaharris en esta campa\u00f1a\u00bb, escribi\u00f3 Walz en X luego de que se conociera la noticia.<\/p>\n<div class=\"outstream\"><\/div>\n<p>\u00abLa vicepresidenta Harris nos est\u00e1 mostrando la pol\u00edtica de lo que es posible. Me recuerda un poco al primer d\u00eda de colegio. As\u00ed que, \u00a1hag\u00e1moslo, amigos! \u00dananse a nosotros\u00bb.<\/p>\n<h2>La trayectoria de Walz<\/h2>\n<p>Walz, un exeducador, est\u00e1 actualmente en su segundo mandato como gobernador de Minnesota y preside la Asociaci\u00f3n de Gobernadores Dem\u00f3cratas. Anteriormente trabaj\u00f3 12 a\u00f1os en el Congreso, representando a un distrito rural de tendencia conservadora que, tanto antes como despu\u00e9s de su mandato, ha estado mayoritariamente dominado por los republicanos.<\/p>\n<p>En el periodo previo a su elecci\u00f3n como compa\u00f1ero de f\u00f3rmula de Harris, Walz hab\u00eda sido primero un abierto defensor de Joe Biden tras su desastrosa actuaci\u00f3n en el debate, mientras aumentaban los llamamientos para que el presidente abandonara su carrera a la reelecci\u00f3n. Cuando Biden abandon\u00f3, Walz apoy\u00f3 a Harris al d\u00eda siguiente y desde entonces se ha revelado como un defensor fiable, en\u00e9rgico y cortante de la aspirante dem\u00f3crata.<\/p>\n<p>La elecci\u00f3n de Walz tambi\u00e9n subraya el enfoque de la campa\u00f1a de Harris en un camino hacia la victoria que prima los estados del \u00abmuro azul\u00bb del Medio Oeste. Minnesota est\u00e1 ligeramente fuera de esa esfera, pero Walz, que fue entrenador de f\u00fatbol en un instituto, se ha convertido durante su mandato en una especie de h\u00e9roe popular populista progresista, el tipo exacto de voz que los dem\u00f3cratas que se enfrentan a Trump est\u00e1n dispuestos a destacar.<\/p>\n<p>En la \u00faltima semana ha pronunciado un pu\u00f1ado de memorables ataques contra los republicanos, aunque su contribuci\u00f3n m\u00e1s notable ha sido su determinaci\u00f3n de etiquetar al Partido Republicano y a sus candidatos a presidente y vicepresidente, Trump y J.D. Vance. Walz se ha referido al d\u00fao como \u201ctipos raros\u201d, antes de abordar su agenda pol\u00edtica.<\/p>\n<p>La frase ha calado, convirti\u00e9ndose en un meme central de la nueva versi\u00f3n de la campa\u00f1a posterior a Biden, un hecho que est\u00e1 encantando a los dem\u00f3cratas y, al parecer, frustrando a muchos en la derecha.<\/p>\n<p>En una reciente intervenci\u00f3n en un acto de recaudaci\u00f3n de fondos de \u00abWhite Dudes for Harris\u00bb, Walz defendi\u00f3 a grandes rasgos a la vicepresidenta ante posibles donantes.<\/p>\n<p><strong>FUENTE: CNN\u00a0<\/strong><\/p>\n<div class=\"pvc_clear\"><\/div>\n<p id=\"pvc_stats_18073\" class=\"pvc_stats all  \" data-element-id=\"18073\" style=\"\"><i class=\"pvc-stats-icon large\" aria-hidden=\"true\"><svg xmlns=\"http:\/\/www.w3.org\/2000\/svg\" version=\"1.0\" viewBox=\"0 0 502 315\" preserveAspectRatio=\"xMidYMid meet\"><g transform=\"translate(0,332) scale(0.1,-0.1)\" fill=\"\" stroke=\"none\"><path d=\"M2394 3279 l-29 -30 -3 -207 c-2 -182 0 -211 15 -242 39 -76 157 -76 196 0 15 31 17 60 15 243 l-3 209 -33 29 c-26 23 -41 29 -80 29 -41 0 -53 -5 -78 -31z\"\/><path d=\"M3085 3251 c-45 -19 -58 -50 -96 -229 -47 -217 -49 -260 -13 -295 52 -53 146 -42 177 20 16 31 87 366 87 410 0 70 -86 122 -155 94z\"\/><path d=\"M1751 3234 c-13 -9 -29 -31 -37 -50 -12 -29 -10 -49 21 -204 19 -94 39 -189 45 -210 14 -50 54 -80 110 -80 34 0 48 6 76 34 21 21 34 44 34 59 0 14 -18 113 -40 219 -37 178 -43 195 -70 221 -36 32 -101 37 -139 11z\"\/><path d=\"M1163 3073 c-36 -7 -73 -59 -73 -102 0 -56 133 -378 171 -413 34 -32 83 -37 129 -13 70 36 67 87 -16 290 -86 209 -89 214 -129 231 -35 14 -42 15 -82 7z\"\/><path d=\"M3689 3066 c-15 -9 -33 -30 -42 -48 -48 -103 -147 -355 -147 -375 0 -98 131 -148 192 -74 13 15 57 108 97 206 80 196 84 226 37 273 -30 30 -99 39 -137 18z\"\/><path d=\"M583 2784 c-38 -19 -67 -74 -58 -113 9 -42 211 -354 242 -373 16 -10 45 -18 66 -18 51 0 107 52 107 100 0 39 -1 41 -124 234 -80 126 -108 162 -133 173 -41 17 -61 16 -100 -3z\"\/><path d=\"M4250 2784 c-14 -9 -74 -91 -133 -183 -95 -150 -107 -173 -107 -213 0 -55 33 -94 87 -104 67 -13 90 8 211 198 130 202 137 225 78 284 -27 27 -42 34 -72 34 -22 0 -50 -8 -64 -16z\"\/><path d=\"M2275 2693 c-553 -48 -1095 -270 -1585 -649 -135 -104 -459 -423 -483 -476 -23 -49 -22 -139 2 -186 73 -142 361 -457 571 -626 285 -228 642 -407 990 -497 242 -63 336 -73 660 -74 310 0 370 5 595 52 535 111 1045 392 1455 803 122 121 250 273 275 326 19 41 19 137 0 174 -41 79 -309 363 -465 492 -447 370 -946 591 -1479 653 -113 14 -422 18 -536 8z m395 -428 c171 -34 330 -124 456 -258 112 -119 167 -219 211 -378 27 -96 24 -300 -5 -401 -72 -255 -236 -447 -474 -557 -132 -62 -201 -76 -368 -76 -167 0 -236 14 -368 76 -213 98 -373 271 -451 485 -162 444 86 934 547 1084 153 49 292 57 452 25z m909 -232 c222 -123 408 -262 593 -441 76 -74 138 -139 138 -144 0 -16 -233 -242 -330 -319 -155 -123 -309 -223 -461 -299 l-81 -41 32 46 c18 26 49 83 70 128 143 306 141 649 -6 957 -25 52 -61 116 -79 142 l-34 47 45 -20 c26 -10 76 -36 113 -56z m-2057 25 c-40 -58 -105 -190 -130 -263 -110 -324 -59 -707 132 -981 25 -35 42 -64 37 -64 -19 0 -241 119 -326 174 -188 122 -406 314 -532 468 l-58 71 108 103 c185 178 428 349 672 473 66 33 121 60 123 61 2 0 -10 -19 -26 -42z\"\/><path d=\"M2375 1950 c-198 -44 -350 -190 -395 -379 -18 -76 -8 -221 19 -290 114 -284 457 -406 731 -260 98 52 188 154 231 260 27 69 37 214 19 290 -38 163 -166 304 -326 360 -67 23 -215 33 -279 19z\"\/><\/g><\/svg><\/i> <img decoding=\"async\" width=\"16\" height=\"16\" alt=\"Loading\" src=\"https:\/\/esviafm.com\/wp-content\/plugins\/page-views-count\/ajax-loader-2x.gif\" border=0 \/><\/p>\n<div class=\"pvc_clear\"><\/div>\n","protected":false},"excerpt":{"rendered":"<p>La vicepresidenta Kamala Harris eligi\u00f3 al gobernador Tim Walz de Minnesota como su compa\u00f1ero de f\u00f3rmula, invitando al exprofesor y veterano de la Guardia Nacional del Ej\u00e9rcito a unirse a la boleta dem\u00f3crata y ayudar a liderar la lucha del partido para derrotar a Donald Trump. La selecci\u00f3n \u2014que Harris inform\u00f3 personalmente a Walz a [&hellip;]<\/p>\n<div class=\"pvc_clear\"><\/div>\n<p id=\"pvc_stats_18073\" class=\"pvc_stats all  \" data-element-id=\"18073\" style=\"\"><i class=\"pvc-stats-icon large\" aria-hidden=\"true\"><svg xmlns=\"http:\/\/www.w3.org\/2000\/svg\" version=\"1.0\" viewBox=\"0 0 502 315\" preserveAspectRatio=\"xMidYMid meet\"><g transform=\"translate(0,332) scale(0.1,-0.1)\" fill=\"\" stroke=\"none\"><path d=\"M2394 3279 l-29 -30 -3 -207 c-2 -182 0 -211 15 -242 39 -76 157 -76 196 0 15 31 17 60 15 243 l-3 209 -33 29 c-26 23 -41 29 -80 29 -41 0 -53 -5 -78 -31z\"\/><path d=\"M3085 3251 c-45 -19 -58 -50 -96 -229 -47 -217 -49 -260 -13 -295 52 -53 146 -42 177 20 16 31 87 366 87 410 0 70 -86 122 -155 94z\"\/><path d=\"M1751 3234 c-13 -9 -29 -31 -37 -50 -12 -29 -10 -49 21 -204 19 -94 39 -189 45 -210 14 -50 54 -80 110 -80 34 0 48 6 76 34 21 21 34 44 34 59 0 14 -18 113 -40 219 -37 178 -43 195 -70 221 -36 32 -101 37 -139 11z\"\/><path d=\"M1163 3073 c-36 -7 -73 -59 -73 -102 0 -56 133 -378 171 -413 34 -32 83 -37 129 -13 70 36 67 87 -16 290 -86 209 -89 214 -129 231 -35 14 -42 15 -82 7z\"\/><path d=\"M3689 3066 c-15 -9 -33 -30 -42 -48 -48 -103 -147 -355 -147 -375 0 -98 131 -148 192 -74 13 15 57 108 97 206 80 196 84 226 37 273 -30 30 -99 39 -137 18z\"\/><path d=\"M583 2784 c-38 -19 -67 -74 -58 -113 9 -42 211 -354 242 -373 16 -10 45 -18 66 -18 51 0 107 52 107 100 0 39 -1 41 -124 234 -80 126 -108 162 -133 173 -41 17 -61 16 -100 -3z\"\/><path d=\"M4250 2784 c-14 -9 -74 -91 -133 -183 -95 -150 -107 -173 -107 -213 0 -55 33 -94 87 -104 67 -13 90 8 211 198 130 202 137 225 78 284 -27 27 -42 34 -72 34 -22 0 -50 -8 -64 -16z\"\/><path d=\"M2275 2693 c-553 -48 -1095 -270 -1585 -649 -135 -104 -459 -423 -483 -476 -23 -49 -22 -139 2 -186 73 -142 361 -457 571 -626 285 -228 642 -407 990 -497 242 -63 336 -73 660 -74 310 0 370 5 595 52 535 111 1045 392 1455 803 122 121 250 273 275 326 19 41 19 137 0 174 -41 79 -309 363 -465 492 -447 370 -946 591 -1479 653 -113 14 -422 18 -536 8z m395 -428 c171 -34 330 -124 456 -258 112 -119 167 -219 211 -378 27 -96 24 -300 -5 -401 -72 -255 -236 -447 -474 -557 -132 -62 -201 -76 -368 -76 -167 0 -236 14 -368 76 -213 98 -373 271 -451 485 -162 444 86 934 547 1084 153 49 292 57 452 25z m909 -232 c222 -123 408 -262 593 -441 76 -74 138 -139 138 -144 0 -16 -233 -242 -330 -319 -155 -123 -309 -223 -461 -299 l-81 -41 32 46 c18 26 49 83 70 128 143 306 141 649 -6 957 -25 52 -61 116 -79 142 l-34 47 45 -20 c26 -10 76 -36 113 -56z m-2057 25 c-40 -58 -105 -190 -130 -263 -110 -324 -59 -707 132 -981 25 -35 42 -64 37 -64 -19 0 -241 119 -326 174 -188 122 -406 314 -532 468 l-58 71 108 103 c185 178 428 349 672 473 66 33 121 60 123 61 2 0 -10 -19 -26 -42z\"\/><path d=\"M2375 1950 c-198 -44 -350 -190 -395 -379 -18 -76 -8 -221 19 -290 114 -284 457 -406 731 -260 98 52 188 154 231 260 27 69 37 214 19 290 -38 163 -166 304 -326 360 -67 23 -215 33 -279 19z\"\/><\/g><\/svg><\/i> <img decoding=\"async\" width=\"16\" height=\"16\" alt=\"Loading\" src=\"https:\/\/esviafm.com\/wp-content\/plugins\/page-views-count\/ajax-loader-2x.gif\" border=0 \/><\/p>\n<div class=\"pvc_clear\"><\/div>\n","protected":false},"author":1,"featured_media":0,"comment_status":"open","ping_status":"open","sticky":false,"template":"","format":"standard","meta":{"_et_pb_use_builder":"","_et_pb_old_content":"","_et_gb_content_width":"","footnotes":""},"categories":[17],"tags":[],"class_list":["post-18073","post","type-post","status-publish","format-standard","hentry","category-internacionales"],"_links":{"self":[{"href":"https:\/\/esviafm.com\/index.php\/wp-json\/wp\/v2\/posts\/18073","targetHints":{"allow":["GET"]}}],"collection":[{"href":"https:\/\/esviafm.com\/index.php\/wp-json\/wp\/v2\/posts"}],"about":[{"href":"https:\/\/esviafm.com\/index.php\/wp-json\/wp\/v2\/types\/post"}],"author":[{"embeddable":true,"href":"https:\/\/esviafm.com\/index.php\/wp-json\/wp\/v2\/users\/1"}],"replies":[{"embeddable":true,"href":"https:\/\/esviafm.com\/index.php\/wp-json\/wp\/v2\/comments?post=18073"}],"version-history":[{"count":1,"href":"https:\/\/esviafm.com\/index.php\/wp-json\/wp\/v2\/posts\/18073\/revisions"}],"predecessor-version":[{"id":18076,"href":"https:\/\/esviafm.com\/index.php\/wp-json\/wp\/v2\/posts\/18073\/revisions\/18076"}],"wp:attachment":[{"href":"https:\/\/esviafm.com\/index.php\/wp-json\/wp\/v2\/media?parent=18073"}],"wp:term":[{"taxonomy":"category","embeddable":true,"href":"https:\/\/esviafm.com\/index.php\/wp-json\/wp\/v2\/categories?post=18073"},{"taxonomy":"post_tag","embeddable":true,"href":"https:\/\/esviafm.com\/index.php\/wp-json\/wp\/v2\/tags?post=18073"}],"curies":[{"name":"wp","href":"https:\/\/api.w.org\/{rel}","templated":true}]}}