{"id":18061,"date":"2024-08-07T07:19:20","date_gmt":"2024-08-07T11:49:20","guid":{"rendered":"https:\/\/esviafm.com\/?p=18061"},"modified":"2024-08-07T07:19:20","modified_gmt":"2024-08-07T11:49:20","slug":"mark-wells-estados-unidos-reconoce-el-triunfo-de-edmundo-gonzalez-e-insiste-en-una-transicion-democratica","status":"publish","type":"post","link":"https:\/\/esviafm.com\/index.php\/mark-wells-estados-unidos-reconoce-el-triunfo-de-edmundo-gonzalez-e-insiste-en-una-transicion-democratica\/","title":{"rendered":"Mark Wells: Estados Unidos reconoce el triunfo de Edmundo Gonz\u00e1lez e insiste en una transici\u00f3n democr\u00e1tica"},"content":{"rendered":"<p>El Subsecretario Interino de Estado para Asuntos del Hemisferio Occidental, Mark A. Wells, ratific\u00f3 durante una conferencia de prensa, que la pol\u00edtica del gobierno de Estados Unidos sobre Venezuela no ha cambiado, por lo que reconocen el triunfo de<strong>\u00a0Edmundo Gonz\u00e1lez tras obtener \u201cla mayor\u00eda de votos\u201d\u00a0<\/strong>en las elecciones del 28 de julio.<\/p>\n<p>Durante la conferencia, Wells reiter\u00f3 el reconocimiento de Estados Unidos a Edmundo Gonz\u00e1lez tras obtener la mayor\u00eda de votos, de acuerdo con el pronunciamiento del secretario Antony Blinken. Asimismo, enfatiz\u00f3 que ahora est\u00e1n enfocados \u201cen trabajar con ambas partes para una<strong>\u00a0transici\u00f3n pac\u00edfica y democr\u00e1tica<\/strong>\u00ab. Sin embargo, aclar\u00f3 que no seguir\u00e1n la pol\u00edtica usada con Juan Guaid\u00f3.<\/p>\n<h2 class=\"wp-block-heading\">Reconocimiento electoral<\/h2>\n<p>Wells destac\u00f3 que la mayor\u00eda de los pa\u00edses han manifestado el reconocimiento de la victoria electoral de la oposici\u00f3n en este escenario, sin embargo, otros pa\u00edses (reconocidos como aliados de la administraci\u00f3n de Maduro), tales como China y Rusia, apoyaron la victoria de Nicol\u00e1s Maduro.<\/p>\n<div class=\"td-a-rec td-a-rec-id-content_inline_mob \"><\/div>\n<p>De acuerdo con Wells, la posici\u00f3n del gobierno de Estados Unidos consiste en \u201cinsistir en un di\u00e1logo en el que se unen las partes democr\u00e1ticas, las partes venezolanas, para hablar de un\u00a0<strong>futuro soberano de los venezolanos<\/strong>, un futuro democr\u00e1tico que respete las normas democr\u00e1ticas\u201d.<\/p>\n<h2 class=\"wp-block-heading\">Negociaciones internacionales<\/h2>\n<p>El funcionario de la administraci\u00f3n Biden afirm\u00f3 que en este momento insisten en representar la voluntad del pueblo venezolano,\u00a0<strong>manifestada a trav\u00e9s del voto el 28 de julio<\/strong>.<\/p>\n<blockquote class=\"wp-block-quote td_pull_quote td_pull_center is-layout-flow wp-block-quote-is-layout-flow\">\n<p class=\"has-black-color has-text-color has-link-color wp-elements-50a3f3361afce99c6447280daf44fba1\">\u201cEn este momento, solamente podemos decir que vamos a urgir a las partes a arrancar unas discusiones, un di\u00e1logo, no hay fecha l\u00edmite para estas discusiones, s\u00f3lo vamos a insistir sobre c\u00f3mo pueden representar la voluntad del pueblo venezolano que fue manifestado por el voto del 28 de julio. Estamos listos para apoyar cualquier di\u00e1logo\u201d, expres\u00f3 Wells.<\/p>\n<\/blockquote>\n<p>Con respecto al\u00a0<strong>rol de los pa\u00edses de la regi\u00f3n en las negociaciones<\/strong>, as\u00ed como en la sesi\u00f3n extraordinaria de la Organizaci\u00f3n de Estados Americanos (OEA) sobre Venezuela; Wells manifest\u00f3 que Colombia \u201csiempre ha sido un socio importante en estas discusiones sobre el futuro de Venezuela\u201d.<\/p>\n<p>Adem\u00e1s, se\u00f1al\u00f3 que tras las declaraciones del presidente Gustavo Petro, sobre las razones de su voto en la OEA, Estados Unidos est\u00e1 \u201ca favor de la<strong>\u00a0iniciativa diplom\u00e1tica de Colombia junto con Brasil y M\u00e9xico<\/strong>\u00a0para buscar una soluci\u00f3n democr\u00e1tica y siempre mantenemos una coordinaci\u00f3n muy de cerca con estos pa\u00edses\u201d.<\/p>\n<h2 class=\"wp-block-heading\">Di\u00e1logo para la transici\u00f3n y rechazo a la represi\u00f3n violenta<\/h2>\n<p>El representante de la administraci\u00f3n Biden afirm\u00f3 que su gobierno se une a otros miembros de la comunidad internacional para expresar su preocupaci\u00f3n por la \u201c<strong>represi\u00f3n y el hostigamiento\u00a0<\/strong>continuo contra l\u00edderes de la oposici\u00f3n democr\u00e1tica venezolana y trabajadores de campa\u00f1a, as\u00ed como miembros de la sociedad civil\u201d.<\/p>\n<p>\u201cCondenamos en forma categ\u00f3rica toda<strong>\u00a0forma de violencia pol\u00edtica y represi\u00f3n<\/strong>\u201d, sentenci\u00f3 el Subsecretario. En este sentido, enfatiza el compromiso de Estados Unidos para apoyar cualquier di\u00e1logo entre las partes que conduzca a establecer las bases para las discusiones sobre el futuro democr\u00e1tico de Venezuela.<\/p>\n<p><strong>FUENTE: EL IMPULSO<\/strong><\/p>\n<div class=\"pvc_clear\"><\/div>\n<p id=\"pvc_stats_18061\" class=\"pvc_stats all  \" data-element-id=\"18061\" style=\"\"><i class=\"pvc-stats-icon large\" aria-hidden=\"true\"><svg xmlns=\"http:\/\/www.w3.org\/2000\/svg\" version=\"1.0\" viewBox=\"0 0 502 315\" preserveAspectRatio=\"xMidYMid meet\"><g transform=\"translate(0,332) scale(0.1,-0.1)\" fill=\"\" stroke=\"none\"><path d=\"M2394 3279 l-29 -30 -3 -207 c-2 -182 0 -211 15 -242 39 -76 157 -76 196 0 15 31 17 60 15 243 l-3 209 -33 29 c-26 23 -41 29 -80 29 -41 0 -53 -5 -78 -31z\"\/><path d=\"M3085 3251 c-45 -19 -58 -50 -96 -229 -47 -217 -49 -260 -13 -295 52 -53 146 -42 177 20 16 31 87 366 87 410 0 70 -86 122 -155 94z\"\/><path d=\"M1751 3234 c-13 -9 -29 -31 -37 -50 -12 -29 -10 -49 21 -204 19 -94 39 -189 45 -210 14 -50 54 -80 110 -80 34 0 48 6 76 34 21 21 34 44 34 59 0 14 -18 113 -40 219 -37 178 -43 195 -70 221 -36 32 -101 37 -139 11z\"\/><path d=\"M1163 3073 c-36 -7 -73 -59 -73 -102 0 -56 133 -378 171 -413 34 -32 83 -37 129 -13 70 36 67 87 -16 290 -86 209 -89 214 -129 231 -35 14 -42 15 -82 7z\"\/><path d=\"M3689 3066 c-15 -9 -33 -30 -42 -48 -48 -103 -147 -355 -147 -375 0 -98 131 -148 192 -74 13 15 57 108 97 206 80 196 84 226 37 273 -30 30 -99 39 -137 18z\"\/><path d=\"M583 2784 c-38 -19 -67 -74 -58 -113 9 -42 211 -354 242 -373 16 -10 45 -18 66 -18 51 0 107 52 107 100 0 39 -1 41 -124 234 -80 126 -108 162 -133 173 -41 17 -61 16 -100 -3z\"\/><path d=\"M4250 2784 c-14 -9 -74 -91 -133 -183 -95 -150 -107 -173 -107 -213 0 -55 33 -94 87 -104 67 -13 90 8 211 198 130 202 137 225 78 284 -27 27 -42 34 -72 34 -22 0 -50 -8 -64 -16z\"\/><path d=\"M2275 2693 c-553 -48 -1095 -270 -1585 -649 -135 -104 -459 -423 -483 -476 -23 -49 -22 -139 2 -186 73 -142 361 -457 571 -626 285 -228 642 -407 990 -497 242 -63 336 -73 660 -74 310 0 370 5 595 52 535 111 1045 392 1455 803 122 121 250 273 275 326 19 41 19 137 0 174 -41 79 -309 363 -465 492 -447 370 -946 591 -1479 653 -113 14 -422 18 -536 8z m395 -428 c171 -34 330 -124 456 -258 112 -119 167 -219 211 -378 27 -96 24 -300 -5 -401 -72 -255 -236 -447 -474 -557 -132 -62 -201 -76 -368 -76 -167 0 -236 14 -368 76 -213 98 -373 271 -451 485 -162 444 86 934 547 1084 153 49 292 57 452 25z m909 -232 c222 -123 408 -262 593 -441 76 -74 138 -139 138 -144 0 -16 -233 -242 -330 -319 -155 -123 -309 -223 -461 -299 l-81 -41 32 46 c18 26 49 83 70 128 143 306 141 649 -6 957 -25 52 -61 116 -79 142 l-34 47 45 -20 c26 -10 76 -36 113 -56z m-2057 25 c-40 -58 -105 -190 -130 -263 -110 -324 -59 -707 132 -981 25 -35 42 -64 37 -64 -19 0 -241 119 -326 174 -188 122 -406 314 -532 468 l-58 71 108 103 c185 178 428 349 672 473 66 33 121 60 123 61 2 0 -10 -19 -26 -42z\"\/><path d=\"M2375 1950 c-198 -44 -350 -190 -395 -379 -18 -76 -8 -221 19 -290 114 -284 457 -406 731 -260 98 52 188 154 231 260 27 69 37 214 19 290 -38 163 -166 304 -326 360 -67 23 -215 33 -279 19z\"\/><\/g><\/svg><\/i> <img decoding=\"async\" width=\"16\" height=\"16\" alt=\"Loading\" src=\"https:\/\/esviafm.com\/wp-content\/plugins\/page-views-count\/ajax-loader-2x.gif\" border=0 \/><\/p>\n<div class=\"pvc_clear\"><\/div>\n","protected":false},"excerpt":{"rendered":"<p>El Subsecretario Interino de Estado para Asuntos del Hemisferio Occidental, Mark A. Wells, ratific\u00f3 durante una conferencia de prensa, que la pol\u00edtica del gobierno de Estados Unidos sobre Venezuela no ha cambiado, por lo que reconocen el triunfo de\u00a0Edmundo Gonz\u00e1lez tras obtener \u201cla mayor\u00eda de votos\u201d\u00a0en las elecciones del 28 de julio. Durante la conferencia, [&hellip;]<\/p>\n<div class=\"pvc_clear\"><\/div>\n<p id=\"pvc_stats_18061\" class=\"pvc_stats all  \" data-element-id=\"18061\" style=\"\"><i class=\"pvc-stats-icon large\" aria-hidden=\"true\"><svg xmlns=\"http:\/\/www.w3.org\/2000\/svg\" version=\"1.0\" viewBox=\"0 0 502 315\" preserveAspectRatio=\"xMidYMid meet\"><g transform=\"translate(0,332) scale(0.1,-0.1)\" fill=\"\" stroke=\"none\"><path d=\"M2394 3279 l-29 -30 -3 -207 c-2 -182 0 -211 15 -242 39 -76 157 -76 196 0 15 31 17 60 15 243 l-3 209 -33 29 c-26 23 -41 29 -80 29 -41 0 -53 -5 -78 -31z\"\/><path d=\"M3085 3251 c-45 -19 -58 -50 -96 -229 -47 -217 -49 -260 -13 -295 52 -53 146 -42 177 20 16 31 87 366 87 410 0 70 -86 122 -155 94z\"\/><path d=\"M1751 3234 c-13 -9 -29 -31 -37 -50 -12 -29 -10 -49 21 -204 19 -94 39 -189 45 -210 14 -50 54 -80 110 -80 34 0 48 6 76 34 21 21 34 44 34 59 0 14 -18 113 -40 219 -37 178 -43 195 -70 221 -36 32 -101 37 -139 11z\"\/><path d=\"M1163 3073 c-36 -7 -73 -59 -73 -102 0 -56 133 -378 171 -413 34 -32 83 -37 129 -13 70 36 67 87 -16 290 -86 209 -89 214 -129 231 -35 14 -42 15 -82 7z\"\/><path d=\"M3689 3066 c-15 -9 -33 -30 -42 -48 -48 -103 -147 -355 -147 -375 0 -98 131 -148 192 -74 13 15 57 108 97 206 80 196 84 226 37 273 -30 30 -99 39 -137 18z\"\/><path d=\"M583 2784 c-38 -19 -67 -74 -58 -113 9 -42 211 -354 242 -373 16 -10 45 -18 66 -18 51 0 107 52 107 100 0 39 -1 41 -124 234 -80 126 -108 162 -133 173 -41 17 -61 16 -100 -3z\"\/><path d=\"M4250 2784 c-14 -9 -74 -91 -133 -183 -95 -150 -107 -173 -107 -213 0 -55 33 -94 87 -104 67 -13 90 8 211 198 130 202 137 225 78 284 -27 27 -42 34 -72 34 -22 0 -50 -8 -64 -16z\"\/><path d=\"M2275 2693 c-553 -48 -1095 -270 -1585 -649 -135 -104 -459 -423 -483 -476 -23 -49 -22 -139 2 -186 73 -142 361 -457 571 -626 285 -228 642 -407 990 -497 242 -63 336 -73 660 -74 310 0 370 5 595 52 535 111 1045 392 1455 803 122 121 250 273 275 326 19 41 19 137 0 174 -41 79 -309 363 -465 492 -447 370 -946 591 -1479 653 -113 14 -422 18 -536 8z m395 -428 c171 -34 330 -124 456 -258 112 -119 167 -219 211 -378 27 -96 24 -300 -5 -401 -72 -255 -236 -447 -474 -557 -132 -62 -201 -76 -368 -76 -167 0 -236 14 -368 76 -213 98 -373 271 -451 485 -162 444 86 934 547 1084 153 49 292 57 452 25z m909 -232 c222 -123 408 -262 593 -441 76 -74 138 -139 138 -144 0 -16 -233 -242 -330 -319 -155 -123 -309 -223 -461 -299 l-81 -41 32 46 c18 26 49 83 70 128 143 306 141 649 -6 957 -25 52 -61 116 -79 142 l-34 47 45 -20 c26 -10 76 -36 113 -56z m-2057 25 c-40 -58 -105 -190 -130 -263 -110 -324 -59 -707 132 -981 25 -35 42 -64 37 -64 -19 0 -241 119 -326 174 -188 122 -406 314 -532 468 l-58 71 108 103 c185 178 428 349 672 473 66 33 121 60 123 61 2 0 -10 -19 -26 -42z\"\/><path d=\"M2375 1950 c-198 -44 -350 -190 -395 -379 -18 -76 -8 -221 19 -290 114 -284 457 -406 731 -260 98 52 188 154 231 260 27 69 37 214 19 290 -38 163 -166 304 -326 360 -67 23 -215 33 -279 19z\"\/><\/g><\/svg><\/i> <img decoding=\"async\" width=\"16\" height=\"16\" alt=\"Loading\" src=\"https:\/\/esviafm.com\/wp-content\/plugins\/page-views-count\/ajax-loader-2x.gif\" border=0 \/><\/p>\n<div class=\"pvc_clear\"><\/div>\n","protected":false},"author":1,"featured_media":0,"comment_status":"open","ping_status":"open","sticky":false,"template":"","format":"standard","meta":{"_et_pb_use_builder":"","_et_pb_old_content":"","_et_gb_content_width":"","footnotes":""},"categories":[17],"tags":[],"class_list":["post-18061","post","type-post","status-publish","format-standard","hentry","category-internacionales"],"_links":{"self":[{"href":"https:\/\/esviafm.com\/index.php\/wp-json\/wp\/v2\/posts\/18061","targetHints":{"allow":["GET"]}}],"collection":[{"href":"https:\/\/esviafm.com\/index.php\/wp-json\/wp\/v2\/posts"}],"about":[{"href":"https:\/\/esviafm.com\/index.php\/wp-json\/wp\/v2\/types\/post"}],"author":[{"embeddable":true,"href":"https:\/\/esviafm.com\/index.php\/wp-json\/wp\/v2\/users\/1"}],"replies":[{"embeddable":true,"href":"https:\/\/esviafm.com\/index.php\/wp-json\/wp\/v2\/comments?post=18061"}],"version-history":[{"count":1,"href":"https:\/\/esviafm.com\/index.php\/wp-json\/wp\/v2\/posts\/18061\/revisions"}],"predecessor-version":[{"id":18063,"href":"https:\/\/esviafm.com\/index.php\/wp-json\/wp\/v2\/posts\/18061\/revisions\/18063"}],"wp:attachment":[{"href":"https:\/\/esviafm.com\/index.php\/wp-json\/wp\/v2\/media?parent=18061"}],"wp:term":[{"taxonomy":"category","embeddable":true,"href":"https:\/\/esviafm.com\/index.php\/wp-json\/wp\/v2\/categories?post=18061"},{"taxonomy":"post_tag","embeddable":true,"href":"https:\/\/esviafm.com\/index.php\/wp-json\/wp\/v2\/tags?post=18061"}],"curies":[{"name":"wp","href":"https:\/\/api.w.org\/{rel}","templated":true}]}}