{"id":17959,"date":"2024-08-06T07:08:08","date_gmt":"2024-08-06T11:38:08","guid":{"rendered":"https:\/\/esviafm.com\/?p=17959"},"modified":"2024-08-06T07:08:08","modified_gmt":"2024-08-06T11:38:08","slug":"primera-ministra-de-bangladesh-renuncia-y-huye-del-pais","status":"publish","type":"post","link":"https:\/\/esviafm.com\/index.php\/primera-ministra-de-bangladesh-renuncia-y-huye-del-pais\/","title":{"rendered":"Primera ministra de Bangladesh renuncia y huye del pa\u00eds"},"content":{"rendered":"<p class=\"story-contents__font-paragraph \" data-mrf-recirculation=\"Enlaces P\u00e1rrafos\"><b>La primera ministra de\u00a0<\/b><a href=\"https:\/\/elcomercio.pe\/noticias\/bangladesh\/\" target=\"_blank\" rel=\"noopener\" data-mrf-link=\"https:\/\/elcomercio.pe\/noticias\/bangladesh\/\"><b>Bangladesh<\/b><\/a><b>,\u00a0<\/b><a href=\"https:\/\/elcomercio.pe\/noticias\/sheikh-hasina\/\" target=\"_blank\" rel=\"noopener\" data-mrf-link=\"https:\/\/elcomercio.pe\/noticias\/sheikh-hasina\/\"><b>Sheikh Hasina<\/b><\/a><b>, huy\u00f3 este lunes del pa\u00eds que gobern\u00f3 durante 15 a\u00f1os y los militares anunciaron un \u201cgobierno provisional\u201d tras m\u00e1s de un mes de mortales protestas antigubernamentales en esta naci\u00f3n del sur de\u00a0<\/b><a href=\"https:\/\/elcomercio.pe\/noticias\/asia\/\" target=\"_blank\" rel=\"noopener\" data-mrf-link=\"https:\/\/elcomercio.pe\/noticias\/asia\/\"><b>Asia<\/b><\/a><b>.<\/b><\/p>\n<div class=\"content_gpt_caja3\">\n<div id=\"elcomercio_caja3\" align=\"center\" data-ads-name=\"\/28253241\/elcomercio\/web\/post\/mundo\/caja3\" data-ads-dimensions-m=\"[[300, 100], [320, 50], [300, 50], [320, 100], [300, 250]]\" data-bloque=\"3\" data-prebid-enabled=\"true\" data-freestar-ad=\"__300x250 __300x250\"><\/div>\n<\/div>\n<p class=\"story-contents__font-paragraph \" data-mrf-recirculation=\"Enlaces P\u00e1rrafos\"><b>Hasina<\/b>, de 76 a\u00f1os, llamada la<b>\u00a0Dama de Hierro<\/b>, intent\u00f3 sofocar las multitudinarias manifestaciones que sacud\u00edan el pa\u00eds desde inicios de julio, pero se vio obligada a huir tras una jornada de disturbios que dejaron casi 100 muertos el domingo.<\/p>\n<p class=\"story-contents__font-paragraph \" data-mrf-recirculation=\"Enlaces P\u00e1rrafos\">En un mensaje a la naci\u00f3n retransmitido por la televisi\u00f3n estatal, el jefe del ej\u00e9rcito, el general\u00a0<b>Waker-Uz-Zaman<\/b>, declar\u00f3 que\u00a0<b>Hasina\u00a0<\/b>hab\u00eda dimitido\u00a0<b>y<\/b>\u00a0que los\u00a0<b>militares<\/b>\u00a0formar\u00edan un \u201c<b>gobierno<\/b>\u00a0<b>provisional<\/b>\u201d.<\/p>\n<div class=\"content_gpt_inline\"><\/div>\n<p class=\"story-contents__font-paragraph \" data-mrf-recirculation=\"Enlaces P\u00e1rrafos\">\u201c<i><b>El pa\u00eds sufri\u00f3 mucho<\/b><\/i><i>, la econom\u00eda se ha visto golpeada, muchas personas murieron, es hora de acabar con la violencia\u201d, subray\u00f3<\/i><\/p>\n<div class=\"f just-center z-container\">\n<div class=\"st-sidebar__container f f-col w-full pos-rel\">\n<div class=\"st-sidebar__content f mt-20 mb-20\">\n<div class=\"st-sidebar__main\" role=\"main\">\n<div class=\"story-contents w-full \">\n<div id=\"contenedor\" class=\"story-contents__content  \" data-index=\"0\">\n<div>\n<section>\n<p class=\"story-contents__font-paragraph \" data-mrf-recirculation=\"Enlaces P\u00e1rrafos\"><b>Hasina<\/b>, quien obtuvo un cuarto mandato en enero tras unos comicios sin oposici\u00f3n real, huy\u00f3 del pa\u00eds en helic\u00f3ptero, indic\u00f3 una fuente cercana a la dirigente a AFP.<\/p>\n<div class=\"content_gpt_inline2\">\n<div id=\"gpt_inline2\" data-ads-name=\"\/28253241\/elcomercio\/web\/post\/mundo\/inline2\" data-ads-dimensions=\"[[1,1]]\" data-bloque=\"3\" data-ads-dimensions-m=\"[[1,1]]\" data-google-query-id=\"CLba69ei4IcDFenxlAkd9SUgzA\">\n<div id=\"google_ads_iframe_\/28253241\/elcomercio\/web\/post\/mundo\/inline2_0__container__\"><iframe id=\"google_ads_iframe_\/28253241\/elcomercio\/web\/post\/mundo\/inline2_0\" tabindex=\"0\" title=\"3rd party ad content\" name=\"google_ads_iframe_\/28253241\/elcomercio\/web\/post\/mundo\/inline2_0\" width=\"1\" height=\"1\" frameborder=\"0\" marginwidth=\"0\" marginheight=\"0\" scrolling=\"no\" aria-label=\"Advertisement\" data-load-complete=\"true\" data-google-container-id=\"4\" data-gtm-yt-inspected-12881426_10=\"true\" data-gtm-yt-inspected-13=\"true\" data-mce-fragment=\"1\"><\/iframe><\/div>\n<\/div>\n<\/div>\n<p class=\"story-contents__font-paragraph \" data-mrf-recirculation=\"Enlaces P\u00e1rrafos\">Poco despu\u00e9s, cientos manifestantes irrumpieron en su residencia oficial en\u00a0<b>Daca<\/b>, la capital del pa\u00eds. La fuente, que habl\u00f3 bajo condici\u00f3n de anonimato, precis\u00f3 que\u00a0<b>Hasina\u00a0<\/b>trat\u00f3 primero de irse en un veh\u00edculo.<\/p>\n<p class=\"story-contents__font-paragraph \" data-mrf-recirculation=\"Enlaces P\u00e1rrafos\">Multitudes de personas ondearon banderas y algunos bailaron encima de un tanque el lunes, tras m\u00e1s de\u00a0<b>un mes de violentas protestas\u00a0<\/b>en este pa\u00eds musulm\u00e1n de 171 millones de habitantes.<\/p>\n<div class=\"content_gpt_caja4\">\n<div id=\"elcomercio_caja4\" align=\"center\" data-ads-name=\"\/28253241\/elcomercio\/web\/post\/mundo\/caja4\" data-ads-dimensions-m=\"[[300, 100], [320, 50], [300, 50], [320, 100], [300, 250]]\" data-bloque=\"3\" data-prebid-enabled=\"true\" data-freestar-ad=\"__300x250 __300x250\"><\/div>\n<\/div>\n<p class=\"story-contents__font-paragraph \" data-mrf-recirculation=\"Enlaces P\u00e1rrafos\">Las manifestaciones empezaron a inicios de julio, despu\u00e9s de la reintroducci\u00f3n de\u00a0<b>un sistema de cuotas que reservaba m\u00e1s de la mitad de los empleos p\u00fablicos<\/b>\u00a0a determinados grupos.<\/p>\n<p class=\"story-contents__font-paragraph \" data-mrf-recirculation=\"Enlaces P\u00e1rrafos\">Al menos\u00a0<b>300 personas murieron<\/b>\u00a0desde el inicio de las movilizaciones el 1 de julio, seg\u00fan un recuento de AFP basado en informes de la polic\u00eda, autoridades y m\u00e9dicos en hospitales.<\/p>\n<div class=\"content_gpt_caja5\">\n<div id=\"elcomercio_caja5\" align=\"center\" data-ads-name=\"\/28253241\/elcomercio\/web\/post\/mundo\/caja5\" data-ads-dimensions-m=\"[[300, 100], [320, 50], [300, 50], [320, 100], [300, 250]]\" data-bloque=\"4\" data-prebid-enabled=\"true\" data-freestar-ad=\"__300x250 __300x250\"><\/div>\n<\/div>\n<blockquote class=\"story-contents__blockquote\" data-mrf-recirculation=\"Lee tambi\u00e9n (entre p\u00e1rrafos)\"><p><b>SEPA M\u00c1S:\u00a0<\/b><a href=\"https:\/\/elcomercio.pe\/mundo\/eeuu\/bombarderos-de-rusia-y-china-patrullaron-juntos-cerca-de-alaska-ultimas-noticia\/\" data-mrf-link=\"https:\/\/elcomercio.pe\/mundo\/eeuu\/bombarderos-de-rusia-y-china-patrullaron-juntos-cerca-de-alaska-ultimas-noticia\/\"><b>Bombarderos de Rusia y China patrullaron juntos cerca de Alaska<\/b><\/a><\/p><\/blockquote>\n<h2 class=\"story-contents__header\"><b>Estatua derribada<\/b><\/h2>\n<p class=\"story-contents__font-paragraph \" data-mrf-recirculation=\"Enlaces P\u00e1rrafos\">El canal 24 de\u00a0<b>Banglad\u00e9s<\/b>\u00a0emiti\u00f3 im\u00e1genes de multitudes corriendo hacia el recinto oficial de la\u00a0<b>primera<\/b>\u00a0<b>ministra<\/b>, saludando a las c\u00e1maras y celebrando la huida de la mandataria.<\/p>\n<p class=\"story-contents__font-paragraph \" data-mrf-recirculation=\"Enlaces P\u00e1rrafos\">Otros manifestantes derribaron una estatua del padre de\u00a0<b>Hasina<\/b>, el jeque\u00a0<b>Mujibur Rahma<\/b>, h\u00e9roe de la independencia del pa\u00eds en 1971.<\/p>\n<p class=\"story-contents__font-paragraph \" data-mrf-recirculation=\"Enlaces P\u00e1rrafos\">Antes de que los manifestantes irrumpieran en el palacio en\u00a0<b>Daca<\/b>, el hijo de\u00a0<b>Hasina\u00a0<\/b>hab\u00eda instado a las fuerzas de seguridad a bloquear cualquier intento de toma de poder.<\/p>\n<p class=\"story-contents__font-paragraph \" data-mrf-recirculation=\"Enlaces P\u00e1rrafos\">\u201c<i>Su deber es mantener a salvo a nuestra gente y a nuestro\u00a0<\/i><i><b>pa\u00eds<\/b><\/i><i>,\u00a0<\/i><i><b>y<\/b><\/i><i>\u00a0defender la Constituci\u00f3n<\/i>\u201d, escribi\u00f3 en Facebook\u00a0<b>Sajeeb Wazed Joy<\/b>, quien reside en Estados Unidos.<\/p>\n<p class=\"story-contents__font-paragraph \" data-mrf-recirculation=\"Enlaces P\u00e1rrafos\">Durante los disturbios, las fuerzas de seguridad\u00a0<b>apoyaron al gobierno de Hasina<\/b>. Ante la magnitud de las protestas, el Tribunal Supremo suaviz\u00f3 el sistema, pero las manifestaciones continuaron y se convirtieron en llamamientos a la dimisi\u00f3n de\u00a0<b>Hasina<\/b>.<\/p>\n<p class=\"story-contents__font-paragraph \" data-mrf-recirculation=\"Enlaces P\u00e1rrafos\">Al menos 94 personas murieron el domingo, entre ellos 14 agentes de la polic\u00eda, en el d\u00eda m\u00e1s mort\u00edfero del movimiento de protesta.<\/p>\n<p class=\"story-contents__font-paragraph \" data-mrf-recirculation=\"Enlaces P\u00e1rrafos\"><b>Manifestantes y partidarios<\/b>\u00a0del gobierno se enfrentaron en todo el pa\u00eds con palos y cuchillos, y las fuerzas de seguridad abrieron fuego.<\/p>\n<p class=\"story-contents__font-paragraph \" data-mrf-recirculation=\"Enlaces P\u00e1rrafos\">En enero de 2007, los\u00a0<b>militares<\/b>\u00a0hab\u00edan declarado el estado de emergencia tras una crisis pol\u00edtica generalizada en el pa\u00eds, e instauraron un gobierno provisional respaldado por el ej\u00e9rcito durante dos a\u00f1os.\u00a0<b>Hasina lleg\u00f3 al poder justo despu\u00e9s, en 2009.<\/b><\/p>\n<p class=\"story-contents__font-paragraph \" data-mrf-recirculation=\"Enlaces P\u00e1rrafos\"><b>Grupos de derechos humanos<\/b>\u00a0acusaron a su gobierno de utilizar las instituciones para afianzarse en el poder y acabar con la disidencia, entre otros mediante ejecuciones extrajudiciales de activistas opositores.<\/p>\n<blockquote class=\"story-contents__blockquote\" data-mrf-recirculation=\"Lee tambi\u00e9n (entre p\u00e1rrafos)\"><p><b>MIRA AQU\u00cd:\u00a0<\/b><a href=\"https:\/\/elcomercio.pe\/mundo\/asia\/nepal-accidente-18-muertos-el-piloto-del-avion-que-se-estrello-y-unico-superviviente-se-recupera-en-el-hospital-pokhara-ultimas-noticia\/\" data-mrf-link=\"https:\/\/elcomercio.pe\/mundo\/asia\/nepal-accidente-18-muertos-el-piloto-del-avion-que-se-estrello-y-unico-superviviente-se-recupera-en-el-hospital-pokhara-ultimas-noticia\/\"><b>El piloto del avi\u00f3n que se estrell\u00f3 en Nepal, \u00fanico sobreviviente, se recupera en el hospital<\/b><\/a><\/p><\/blockquote>\n<h2 class=\"story-contents__header\"><b>\u201cLa protesta final\u201d<\/b><\/h2>\n<p class=\"story-contents__font-paragraph \" data-mrf-recirculation=\"Enlaces P\u00e1rrafos\">Soldados y polic\u00edas protegieron el lunes las v\u00edas de acceso a la residencia de\u00a0<b>Hasina\u00a0<\/b>con alambres de espino, pero multitudes de personas inundaron las calles y derribaron las barreras.<\/p>\n<p class=\"story-contents__font-paragraph \" data-mrf-recirculation=\"Enlaces P\u00e1rrafos\">El peri\u00f3dico\u00a0<b>Business Standard\u00a0<\/b>calcul\u00f3 que hab\u00eda<b>\u00a0hasta 400.000 manifestantes en las calles<\/b>, aunque la cifra no pudo ser verificada.<\/p>\n<p class=\"story-contents__font-paragraph \" data-mrf-recirculation=\"Enlaces P\u00e1rrafos\">\u201c<i>Lleg\u00f3 el momento de la protesta final<\/i>\u201d, declar\u00f3\u00a0<b>Asif Mahmud<\/b>, uno de los principales l\u00edderes del movimiento de protesta.<\/p>\n<p class=\"story-contents__font-paragraph \" data-mrf-recirculation=\"Enlaces P\u00e1rrafos\">Durante su discurso el lunes, el jefe del ej\u00e9rcito, el general\u00a0<b>Waker-Uz-Zaman<\/b>, subray\u00f3 que el papel de los estudiantes era ahora\u00a0<i><b>\u201cmantener la calma y ayudarnos\u201d.<\/b><\/i><\/p>\n<p class=\"story-contents__font-paragraph \" data-mrf-recirculation=\"Enlaces P\u00e1rrafos\"><b>Los soldados y la polic\u00eda no siempre intervinieron para frenar las protestas del domingo<\/b>, a diferencia de lo ocurrido en el \u00faltimo mes, en la que las manifestaciones se saldaron con muertos.<\/p>\n<p class=\"story-contents__font-paragraph \" data-mrf-recirculation=\"Enlaces P\u00e1rrafos\">El general\u00a0<b>Ikbal Karim Bhuiyan<\/b>, un respetado exjefe del ej\u00e9rcito, llam\u00f3 el domingo a retirar las tropas de las calles y autorizar las protestas, un gesto que se interpret\u00f3 como desaf\u00edo a Hasina.<\/p>\n<p class=\"story-contents__font-paragraph \" data-mrf-recirculation=\"Enlaces P\u00e1rrafos\">El movimiento antigubernamental obtuvo el apoyo de\u00a0<b>varios sectores de la sociedad<\/b>, incluido estrellas de cine, m\u00fasicos y cantantes.<\/p>\n<\/section>\n<\/div>\n<\/div>\n<div class=\"story-contents__social \">\n<div class=\"st-social__share\">\n<div class=\"s-buttons\"><\/div>\n<\/div>\n<\/div>\n<\/div>\n<\/div>\n<\/div>\n<\/div>\n<\/div>\n<p><strong>FUENTE: EL COMERCIO<\/strong><\/p>\n<div class=\"pvc_clear\"><\/div>\n<p id=\"pvc_stats_17959\" class=\"pvc_stats all  \" data-element-id=\"17959\" style=\"\"><i class=\"pvc-stats-icon large\" aria-hidden=\"true\"><svg xmlns=\"http:\/\/www.w3.org\/2000\/svg\" version=\"1.0\" viewBox=\"0 0 502 315\" preserveAspectRatio=\"xMidYMid meet\"><g transform=\"translate(0,332) scale(0.1,-0.1)\" fill=\"\" stroke=\"none\"><path d=\"M2394 3279 l-29 -30 -3 -207 c-2 -182 0 -211 15 -242 39 -76 157 -76 196 0 15 31 17 60 15 243 l-3 209 -33 29 c-26 23 -41 29 -80 29 -41 0 -53 -5 -78 -31z\"\/><path d=\"M3085 3251 c-45 -19 -58 -50 -96 -229 -47 -217 -49 -260 -13 -295 52 -53 146 -42 177 20 16 31 87 366 87 410 0 70 -86 122 -155 94z\"\/><path d=\"M1751 3234 c-13 -9 -29 -31 -37 -50 -12 -29 -10 -49 21 -204 19 -94 39 -189 45 -210 14 -50 54 -80 110 -80 34 0 48 6 76 34 21 21 34 44 34 59 0 14 -18 113 -40 219 -37 178 -43 195 -70 221 -36 32 -101 37 -139 11z\"\/><path d=\"M1163 3073 c-36 -7 -73 -59 -73 -102 0 -56 133 -378 171 -413 34 -32 83 -37 129 -13 70 36 67 87 -16 290 -86 209 -89 214 -129 231 -35 14 -42 15 -82 7z\"\/><path d=\"M3689 3066 c-15 -9 -33 -30 -42 -48 -48 -103 -147 -355 -147 -375 0 -98 131 -148 192 -74 13 15 57 108 97 206 80 196 84 226 37 273 -30 30 -99 39 -137 18z\"\/><path d=\"M583 2784 c-38 -19 -67 -74 -58 -113 9 -42 211 -354 242 -373 16 -10 45 -18 66 -18 51 0 107 52 107 100 0 39 -1 41 -124 234 -80 126 -108 162 -133 173 -41 17 -61 16 -100 -3z\"\/><path d=\"M4250 2784 c-14 -9 -74 -91 -133 -183 -95 -150 -107 -173 -107 -213 0 -55 33 -94 87 -104 67 -13 90 8 211 198 130 202 137 225 78 284 -27 27 -42 34 -72 34 -22 0 -50 -8 -64 -16z\"\/><path d=\"M2275 2693 c-553 -48 -1095 -270 -1585 -649 -135 -104 -459 -423 -483 -476 -23 -49 -22 -139 2 -186 73 -142 361 -457 571 -626 285 -228 642 -407 990 -497 242 -63 336 -73 660 -74 310 0 370 5 595 52 535 111 1045 392 1455 803 122 121 250 273 275 326 19 41 19 137 0 174 -41 79 -309 363 -465 492 -447 370 -946 591 -1479 653 -113 14 -422 18 -536 8z m395 -428 c171 -34 330 -124 456 -258 112 -119 167 -219 211 -378 27 -96 24 -300 -5 -401 -72 -255 -236 -447 -474 -557 -132 -62 -201 -76 -368 -76 -167 0 -236 14 -368 76 -213 98 -373 271 -451 485 -162 444 86 934 547 1084 153 49 292 57 452 25z m909 -232 c222 -123 408 -262 593 -441 76 -74 138 -139 138 -144 0 -16 -233 -242 -330 -319 -155 -123 -309 -223 -461 -299 l-81 -41 32 46 c18 26 49 83 70 128 143 306 141 649 -6 957 -25 52 -61 116 -79 142 l-34 47 45 -20 c26 -10 76 -36 113 -56z m-2057 25 c-40 -58 -105 -190 -130 -263 -110 -324 -59 -707 132 -981 25 -35 42 -64 37 -64 -19 0 -241 119 -326 174 -188 122 -406 314 -532 468 l-58 71 108 103 c185 178 428 349 672 473 66 33 121 60 123 61 2 0 -10 -19 -26 -42z\"\/><path d=\"M2375 1950 c-198 -44 -350 -190 -395 -379 -18 -76 -8 -221 19 -290 114 -284 457 -406 731 -260 98 52 188 154 231 260 27 69 37 214 19 290 -38 163 -166 304 -326 360 -67 23 -215 33 -279 19z\"\/><\/g><\/svg><\/i> <img decoding=\"async\" width=\"16\" height=\"16\" alt=\"Loading\" src=\"https:\/\/esviafm.com\/wp-content\/plugins\/page-views-count\/ajax-loader-2x.gif\" border=0 \/><\/p>\n<div class=\"pvc_clear\"><\/div>\n","protected":false},"excerpt":{"rendered":"<p>La primera ministra de\u00a0Bangladesh,\u00a0Sheikh Hasina, huy\u00f3 este lunes del pa\u00eds que gobern\u00f3 durante 15 a\u00f1os y los militares anunciaron un \u201cgobierno provisional\u201d tras m\u00e1s de un mes de mortales protestas antigubernamentales en esta naci\u00f3n del sur de\u00a0Asia. Hasina, de 76 a\u00f1os, llamada la\u00a0Dama de Hierro, intent\u00f3 sofocar las multitudinarias manifestaciones que sacud\u00edan el pa\u00eds desde [&hellip;]<\/p>\n<div class=\"pvc_clear\"><\/div>\n<p id=\"pvc_stats_17959\" class=\"pvc_stats all  \" data-element-id=\"17959\" style=\"\"><i class=\"pvc-stats-icon large\" aria-hidden=\"true\"><svg xmlns=\"http:\/\/www.w3.org\/2000\/svg\" version=\"1.0\" viewBox=\"0 0 502 315\" preserveAspectRatio=\"xMidYMid meet\"><g transform=\"translate(0,332) scale(0.1,-0.1)\" fill=\"\" stroke=\"none\"><path d=\"M2394 3279 l-29 -30 -3 -207 c-2 -182 0 -211 15 -242 39 -76 157 -76 196 0 15 31 17 60 15 243 l-3 209 -33 29 c-26 23 -41 29 -80 29 -41 0 -53 -5 -78 -31z\"\/><path d=\"M3085 3251 c-45 -19 -58 -50 -96 -229 -47 -217 -49 -260 -13 -295 52 -53 146 -42 177 20 16 31 87 366 87 410 0 70 -86 122 -155 94z\"\/><path d=\"M1751 3234 c-13 -9 -29 -31 -37 -50 -12 -29 -10 -49 21 -204 19 -94 39 -189 45 -210 14 -50 54 -80 110 -80 34 0 48 6 76 34 21 21 34 44 34 59 0 14 -18 113 -40 219 -37 178 -43 195 -70 221 -36 32 -101 37 -139 11z\"\/><path d=\"M1163 3073 c-36 -7 -73 -59 -73 -102 0 -56 133 -378 171 -413 34 -32 83 -37 129 -13 70 36 67 87 -16 290 -86 209 -89 214 -129 231 -35 14 -42 15 -82 7z\"\/><path d=\"M3689 3066 c-15 -9 -33 -30 -42 -48 -48 -103 -147 -355 -147 -375 0 -98 131 -148 192 -74 13 15 57 108 97 206 80 196 84 226 37 273 -30 30 -99 39 -137 18z\"\/><path d=\"M583 2784 c-38 -19 -67 -74 -58 -113 9 -42 211 -354 242 -373 16 -10 45 -18 66 -18 51 0 107 52 107 100 0 39 -1 41 -124 234 -80 126 -108 162 -133 173 -41 17 -61 16 -100 -3z\"\/><path d=\"M4250 2784 c-14 -9 -74 -91 -133 -183 -95 -150 -107 -173 -107 -213 0 -55 33 -94 87 -104 67 -13 90 8 211 198 130 202 137 225 78 284 -27 27 -42 34 -72 34 -22 0 -50 -8 -64 -16z\"\/><path d=\"M2275 2693 c-553 -48 -1095 -270 -1585 -649 -135 -104 -459 -423 -483 -476 -23 -49 -22 -139 2 -186 73 -142 361 -457 571 -626 285 -228 642 -407 990 -497 242 -63 336 -73 660 -74 310 0 370 5 595 52 535 111 1045 392 1455 803 122 121 250 273 275 326 19 41 19 137 0 174 -41 79 -309 363 -465 492 -447 370 -946 591 -1479 653 -113 14 -422 18 -536 8z m395 -428 c171 -34 330 -124 456 -258 112 -119 167 -219 211 -378 27 -96 24 -300 -5 -401 -72 -255 -236 -447 -474 -557 -132 -62 -201 -76 -368 -76 -167 0 -236 14 -368 76 -213 98 -373 271 -451 485 -162 444 86 934 547 1084 153 49 292 57 452 25z m909 -232 c222 -123 408 -262 593 -441 76 -74 138 -139 138 -144 0 -16 -233 -242 -330 -319 -155 -123 -309 -223 -461 -299 l-81 -41 32 46 c18 26 49 83 70 128 143 306 141 649 -6 957 -25 52 -61 116 -79 142 l-34 47 45 -20 c26 -10 76 -36 113 -56z m-2057 25 c-40 -58 -105 -190 -130 -263 -110 -324 -59 -707 132 -981 25 -35 42 -64 37 -64 -19 0 -241 119 -326 174 -188 122 -406 314 -532 468 l-58 71 108 103 c185 178 428 349 672 473 66 33 121 60 123 61 2 0 -10 -19 -26 -42z\"\/><path d=\"M2375 1950 c-198 -44 -350 -190 -395 -379 -18 -76 -8 -221 19 -290 114 -284 457 -406 731 -260 98 52 188 154 231 260 27 69 37 214 19 290 -38 163 -166 304 -326 360 -67 23 -215 33 -279 19z\"\/><\/g><\/svg><\/i> <img decoding=\"async\" width=\"16\" height=\"16\" alt=\"Loading\" src=\"https:\/\/esviafm.com\/wp-content\/plugins\/page-views-count\/ajax-loader-2x.gif\" border=0 \/><\/p>\n<div class=\"pvc_clear\"><\/div>\n","protected":false},"author":1,"featured_media":0,"comment_status":"open","ping_status":"open","sticky":false,"template":"","format":"standard","meta":{"_et_pb_use_builder":"","_et_pb_old_content":"","_et_gb_content_width":"","footnotes":""},"categories":[17],"tags":[],"class_list":["post-17959","post","type-post","status-publish","format-standard","hentry","category-internacionales"],"_links":{"self":[{"href":"https:\/\/esviafm.com\/index.php\/wp-json\/wp\/v2\/posts\/17959","targetHints":{"allow":["GET"]}}],"collection":[{"href":"https:\/\/esviafm.com\/index.php\/wp-json\/wp\/v2\/posts"}],"about":[{"href":"https:\/\/esviafm.com\/index.php\/wp-json\/wp\/v2\/types\/post"}],"author":[{"embeddable":true,"href":"https:\/\/esviafm.com\/index.php\/wp-json\/wp\/v2\/users\/1"}],"replies":[{"embeddable":true,"href":"https:\/\/esviafm.com\/index.php\/wp-json\/wp\/v2\/comments?post=17959"}],"version-history":[{"count":1,"href":"https:\/\/esviafm.com\/index.php\/wp-json\/wp\/v2\/posts\/17959\/revisions"}],"predecessor-version":[{"id":17963,"href":"https:\/\/esviafm.com\/index.php\/wp-json\/wp\/v2\/posts\/17959\/revisions\/17963"}],"wp:attachment":[{"href":"https:\/\/esviafm.com\/index.php\/wp-json\/wp\/v2\/media?parent=17959"}],"wp:term":[{"taxonomy":"category","embeddable":true,"href":"https:\/\/esviafm.com\/index.php\/wp-json\/wp\/v2\/categories?post=17959"},{"taxonomy":"post_tag","embeddable":true,"href":"https:\/\/esviafm.com\/index.php\/wp-json\/wp\/v2\/tags?post=17959"}],"curies":[{"name":"wp","href":"https:\/\/api.w.org\/{rel}","templated":true}]}}