{"id":17618,"date":"2024-07-23T09:07:15","date_gmt":"2024-07-23T13:37:15","guid":{"rendered":"https:\/\/esviafm.com\/?p=17618"},"modified":"2024-07-23T09:07:15","modified_gmt":"2024-07-23T13:37:15","slug":"deseamos-que-el-chavismo-gane-en-venezuela-afirma-el-expresidente-evo-morales","status":"publish","type":"post","link":"https:\/\/esviafm.com\/index.php\/deseamos-que-el-chavismo-gane-en-venezuela-afirma-el-expresidente-evo-morales\/","title":{"rendered":"Deseamos que el chavismo gane en Venezuela\u00bb, afirma el expresidente Evo Morales"},"content":{"rendered":"<p>La Paz, 22 jul (EFE).- El expresidente de Bolivia Evo Morales (2006-2019) se mostr\u00f3 confiado este lunes en que \u201cel chavismo gane en Venezuela\u00bb, a pesar de algunos cuestionamientos internacionales sobre los comicios del pr\u00f3ximo domingo, y adem\u00e1s se mostr\u00f3 prudente sobre el futuro de la larga y estrecha relaci\u00f3n de Bolivia con Argentina, hoy liderada por el ultraliberal Javier Milei.<\/p>\n<p>A pocos d\u00edas de realizarse las elecciones presidenciales en Venezuela, el tambi\u00e9n l\u00edder del oficialista Movimiento al Socialismo (MAS), asegur\u00f3 a EFE en una entrevista, que \u00e9l y su partido desean \u00abque el chavismo gane en Venezuela\u00bb, y dijo que a pesar de los se\u00f1alamientos y dudas sobre los comicios \u00abel hermano (Nicol\u00e1s) Maduro\u00bb y los venezolanos \u00abson aguerridos\u00bb.<\/p>\n<p>\u00abHay un porcentaje alto de la poblaci\u00f3n convencida de su soberan\u00eda e identidad\u00bb, indic\u00f3 Morales sobre las pr\u00f3ximas elecciones venezolanas.<\/p>\n<div class=\"inline_2_DSK ad-wrapper ad-desktop\">\n<div class=\"dfpAd ad-inline\">\u00abHugo Ch\u00e1vez es una herencia dejada por Sim\u00f3n Bol\u00edvar, por cosas de la vida (Nicol\u00e1s) Maduro queda como hijo de Ch\u00e1vez\u00bb, asegur\u00f3 el exgobernante.<\/div>\n<div>\n<p>El presidente de Venezuela, Nicol\u00e1s Maduro, ostenta el cargo desde el 2013, despu\u00e9s del fallecimiento del mandatario Hugo Ch\u00e1vez y ha sido aliado de Evo Morales desde entonces.<\/p>\n<p>La l\u00edder Mar\u00eda Corina Machado, que hab\u00eda resultado ganadora de las primarias de octubre de la principal coalici\u00f3n opositora, la Plataforma Unitaria Democr\u00e1tica (PUD), no pudo competir por la Presidencia venezolana debido a una inhabilitaci\u00f3n administrativa, pero apoya la campa\u00f1a del candidato del PUD, Edmundo Gonz\u00e1lez Urrutia.<\/p>\n<p>Mientras que el comando de campa\u00f1a del chavismo asegur\u00f3 que todas las encuestas pronostican que el presidente Nicol\u00e1s Maduro obtendr\u00e1 una segunda reelecci\u00f3n.<\/p>\n<p>&nbsp;<\/p>\n<p>En cuanto a la relaci\u00f3n de Bolivia y Argentina, Evo Morales se\u00f1al\u00f3 a EFE que \u00e9l \u00abrespeta\u00bb la decisi\u00f3n democr\u00e1tica del pueblo argentino de elegir a Javier Milei como presidente.<\/p>\n<p>El l\u00edder boliviano record\u00f3 que en su momento \u00abhablaba\u00bb con el exgobernante argentino Mauricio Macri (2015-2019), a pesar de sus diferencias \u00abideol\u00f3gicas y program\u00e1ticas\u00bb.<\/p>\n<p>Agreg\u00f3, sin embargo, que siempre le \u00abdaba m\u00e1s confianza\u00bb tratar con mandatarios como \u00abN\u00e9stor Kirchner o Cristina y Alberto Fern\u00e1ndez.<\/p>\n<p>Morales agreg\u00f3 que para eso fue creada la Uni\u00f3n de Naciones Suramericanas (Unasur), para que los pa\u00edses pudieran trabajar entre ellos sin importar si son de \u00abderecha o izquierda\u00bb.<\/p>\n<p>\u00abYo respeto si el pueblo elige democr\u00e1ticamente\u00bb, afirm\u00f3 sobre la elecci\u00f3n de Milei.<\/p>\n<p>Bolivia y Argentina comparten frontera y su relaci\u00f3n diplom\u00e1tica y comercial es amplia, en los \u00faltimos tiempos la exportaci\u00f3n del gas boliviano a su vecino ha sido uno de los sustentos econ\u00f3micos del pa\u00eds andino.<\/p>\n<p>La Paz, 22 jul (EFE).- El expresidente de Bolivia y l\u00edder del oficialismo, Evo Morales (2006-2019), dijo que la elecci\u00f3n de Claudia Sheinbaum como presidenta de M\u00e9xico es \u00abuna esperanza para Am\u00e9rica Latina\u00bb y \u00abpara todas las mujeres\u00bb de la regi\u00f3n.<\/p>\n<p>El exgobernante boliviano, en una entrevista con EFE, habl\u00f3 sobre su presencia como observador de las elecciones en el pa\u00eds norteamericano el pasado 2 de junio y asegur\u00f3 que \u00abM\u00e9xico con AMLO (Andr\u00e9s Manuel L\u00f3pez Obrador) ha demostrado que tiene mucho futuro y esperanza y que mira m\u00e1s al sur que al norte\u00bb.<\/p>\n<p>Aunque agreg\u00f3 que a diferencia de lo que \u00e9l quiere para Bolivia, M\u00e9xico \u00abes m\u00e1s un pa\u00eds humanista, progresista, que anti-imperialista\u00bb.<\/p>\n<p>\u00abA Claudia (Sheinbaum) la conoc\u00ed durante el golpe de Estado, es humilde con mucho conocimiento\u00bb e indic\u00f3 que esta seguro que seguir\u00eda la l\u00ednea de gobierno de AMLO.<\/p>\n<div class=\"undefined ad-wrapper\">\n<div class=\"dfpAd \">\n<div id=\"america\/agencias\/nota\/undefined\" class=\"america\/agencias\/nota\/undefined arcad\"><\/div>\n<\/div>\n<\/div>\n<p>Las relaciones entre Bolivia y M\u00e9xico se fortalecieron durante la crisis pol\u00edtica de 2019 en el pa\u00eds andino.<\/p>\n<p>Morales y su partido han alegado que en ese a\u00f1o hubo un \u00abgolpe de Estado\u00bb contra el entonces presidente Evo Morales, mientras que la oposici\u00f3n sostiene que las protestas que derivaron en su renuncia fueron consecuencia de un fraude a su favor en los fallidos comicios generales de ese a\u00f1o.<\/p>\n<p>El 12 de noviembre de 2019 Jeanine \u00c1\u00f1ez asumi\u00f3 el mando interino del pa\u00eds como segunda vicepresidenta del Senado, dos d\u00edas despu\u00e9s de la renuncia del entonces presidente Evo Morales y de todos los funcionarios en l\u00ednea de sucesi\u00f3n presidencial.<\/p>\n<p>Morales se refugi\u00f3 en Argentina, mientras que muchos de sus funcionarios, incluyendo al presidente boliviano, Luis Arce, encontraron asilo en la casa del embajador de M\u00e9xico en Bolivia, y algunos consiguieron un salvoconducto hacia tierras mexicanas.<\/p>\n<p>Arce y Morales se han manifestado agradecidos en numerosas ocasiones con el Gobierno de AMLO y han recalcado su cercan\u00eda ideol\u00f3gica, siendo Bolivia uno de los pa\u00edses que con m\u00e1s fuerza condenaron el asalto en abril de la embajada mexicana en Quito, cuando polic\u00edas ecuatorianos irrumpieron la sede diplom\u00e1tica para capturar al expresidente Jorge Glas, acusado de actos de corrupci\u00f3n.<\/p>\n<\/div>\n<\/div>\n<div class=\"pvc_clear\"><\/div>\n<p id=\"pvc_stats_17618\" class=\"pvc_stats all  \" data-element-id=\"17618\" style=\"\"><i class=\"pvc-stats-icon large\" aria-hidden=\"true\"><svg xmlns=\"http:\/\/www.w3.org\/2000\/svg\" version=\"1.0\" viewBox=\"0 0 502 315\" preserveAspectRatio=\"xMidYMid meet\"><g transform=\"translate(0,332) scale(0.1,-0.1)\" fill=\"\" stroke=\"none\"><path d=\"M2394 3279 l-29 -30 -3 -207 c-2 -182 0 -211 15 -242 39 -76 157 -76 196 0 15 31 17 60 15 243 l-3 209 -33 29 c-26 23 -41 29 -80 29 -41 0 -53 -5 -78 -31z\"\/><path d=\"M3085 3251 c-45 -19 -58 -50 -96 -229 -47 -217 -49 -260 -13 -295 52 -53 146 -42 177 20 16 31 87 366 87 410 0 70 -86 122 -155 94z\"\/><path d=\"M1751 3234 c-13 -9 -29 -31 -37 -50 -12 -29 -10 -49 21 -204 19 -94 39 -189 45 -210 14 -50 54 -80 110 -80 34 0 48 6 76 34 21 21 34 44 34 59 0 14 -18 113 -40 219 -37 178 -43 195 -70 221 -36 32 -101 37 -139 11z\"\/><path d=\"M1163 3073 c-36 -7 -73 -59 -73 -102 0 -56 133 -378 171 -413 34 -32 83 -37 129 -13 70 36 67 87 -16 290 -86 209 -89 214 -129 231 -35 14 -42 15 -82 7z\"\/><path d=\"M3689 3066 c-15 -9 -33 -30 -42 -48 -48 -103 -147 -355 -147 -375 0 -98 131 -148 192 -74 13 15 57 108 97 206 80 196 84 226 37 273 -30 30 -99 39 -137 18z\"\/><path d=\"M583 2784 c-38 -19 -67 -74 -58 -113 9 -42 211 -354 242 -373 16 -10 45 -18 66 -18 51 0 107 52 107 100 0 39 -1 41 -124 234 -80 126 -108 162 -133 173 -41 17 -61 16 -100 -3z\"\/><path d=\"M4250 2784 c-14 -9 -74 -91 -133 -183 -95 -150 -107 -173 -107 -213 0 -55 33 -94 87 -104 67 -13 90 8 211 198 130 202 137 225 78 284 -27 27 -42 34 -72 34 -22 0 -50 -8 -64 -16z\"\/><path d=\"M2275 2693 c-553 -48 -1095 -270 -1585 -649 -135 -104 -459 -423 -483 -476 -23 -49 -22 -139 2 -186 73 -142 361 -457 571 -626 285 -228 642 -407 990 -497 242 -63 336 -73 660 -74 310 0 370 5 595 52 535 111 1045 392 1455 803 122 121 250 273 275 326 19 41 19 137 0 174 -41 79 -309 363 -465 492 -447 370 -946 591 -1479 653 -113 14 -422 18 -536 8z m395 -428 c171 -34 330 -124 456 -258 112 -119 167 -219 211 -378 27 -96 24 -300 -5 -401 -72 -255 -236 -447 -474 -557 -132 -62 -201 -76 -368 -76 -167 0 -236 14 -368 76 -213 98 -373 271 -451 485 -162 444 86 934 547 1084 153 49 292 57 452 25z m909 -232 c222 -123 408 -262 593 -441 76 -74 138 -139 138 -144 0 -16 -233 -242 -330 -319 -155 -123 -309 -223 -461 -299 l-81 -41 32 46 c18 26 49 83 70 128 143 306 141 649 -6 957 -25 52 -61 116 -79 142 l-34 47 45 -20 c26 -10 76 -36 113 -56z m-2057 25 c-40 -58 -105 -190 -130 -263 -110 -324 -59 -707 132 -981 25 -35 42 -64 37 -64 -19 0 -241 119 -326 174 -188 122 -406 314 -532 468 l-58 71 108 103 c185 178 428 349 672 473 66 33 121 60 123 61 2 0 -10 -19 -26 -42z\"\/><path d=\"M2375 1950 c-198 -44 -350 -190 -395 -379 -18 -76 -8 -221 19 -290 114 -284 457 -406 731 -260 98 52 188 154 231 260 27 69 37 214 19 290 -38 163 -166 304 -326 360 -67 23 -215 33 -279 19z\"\/><\/g><\/svg><\/i> <img decoding=\"async\" width=\"16\" height=\"16\" alt=\"Loading\" src=\"https:\/\/esviafm.com\/wp-content\/plugins\/page-views-count\/ajax-loader-2x.gif\" border=0 \/><\/p>\n<div class=\"pvc_clear\"><\/div>\n","protected":false},"excerpt":{"rendered":"<p>La Paz, 22 jul (EFE).- El expresidente de Bolivia Evo Morales (2006-2019) se mostr\u00f3 confiado este lunes en que \u201cel chavismo gane en Venezuela\u00bb, a pesar de algunos cuestionamientos internacionales sobre los comicios del pr\u00f3ximo domingo, y adem\u00e1s se mostr\u00f3 prudente sobre el futuro de la larga y estrecha relaci\u00f3n de Bolivia con Argentina, hoy [&hellip;]<\/p>\n<div class=\"pvc_clear\"><\/div>\n<p id=\"pvc_stats_17618\" class=\"pvc_stats all  \" data-element-id=\"17618\" style=\"\"><i class=\"pvc-stats-icon large\" aria-hidden=\"true\"><svg xmlns=\"http:\/\/www.w3.org\/2000\/svg\" version=\"1.0\" viewBox=\"0 0 502 315\" preserveAspectRatio=\"xMidYMid meet\"><g transform=\"translate(0,332) scale(0.1,-0.1)\" fill=\"\" stroke=\"none\"><path d=\"M2394 3279 l-29 -30 -3 -207 c-2 -182 0 -211 15 -242 39 -76 157 -76 196 0 15 31 17 60 15 243 l-3 209 -33 29 c-26 23 -41 29 -80 29 -41 0 -53 -5 -78 -31z\"\/><path d=\"M3085 3251 c-45 -19 -58 -50 -96 -229 -47 -217 -49 -260 -13 -295 52 -53 146 -42 177 20 16 31 87 366 87 410 0 70 -86 122 -155 94z\"\/><path d=\"M1751 3234 c-13 -9 -29 -31 -37 -50 -12 -29 -10 -49 21 -204 19 -94 39 -189 45 -210 14 -50 54 -80 110 -80 34 0 48 6 76 34 21 21 34 44 34 59 0 14 -18 113 -40 219 -37 178 -43 195 -70 221 -36 32 -101 37 -139 11z\"\/><path d=\"M1163 3073 c-36 -7 -73 -59 -73 -102 0 -56 133 -378 171 -413 34 -32 83 -37 129 -13 70 36 67 87 -16 290 -86 209 -89 214 -129 231 -35 14 -42 15 -82 7z\"\/><path d=\"M3689 3066 c-15 -9 -33 -30 -42 -48 -48 -103 -147 -355 -147 -375 0 -98 131 -148 192 -74 13 15 57 108 97 206 80 196 84 226 37 273 -30 30 -99 39 -137 18z\"\/><path d=\"M583 2784 c-38 -19 -67 -74 -58 -113 9 -42 211 -354 242 -373 16 -10 45 -18 66 -18 51 0 107 52 107 100 0 39 -1 41 -124 234 -80 126 -108 162 -133 173 -41 17 -61 16 -100 -3z\"\/><path d=\"M4250 2784 c-14 -9 -74 -91 -133 -183 -95 -150 -107 -173 -107 -213 0 -55 33 -94 87 -104 67 -13 90 8 211 198 130 202 137 225 78 284 -27 27 -42 34 -72 34 -22 0 -50 -8 -64 -16z\"\/><path d=\"M2275 2693 c-553 -48 -1095 -270 -1585 -649 -135 -104 -459 -423 -483 -476 -23 -49 -22 -139 2 -186 73 -142 361 -457 571 -626 285 -228 642 -407 990 -497 242 -63 336 -73 660 -74 310 0 370 5 595 52 535 111 1045 392 1455 803 122 121 250 273 275 326 19 41 19 137 0 174 -41 79 -309 363 -465 492 -447 370 -946 591 -1479 653 -113 14 -422 18 -536 8z m395 -428 c171 -34 330 -124 456 -258 112 -119 167 -219 211 -378 27 -96 24 -300 -5 -401 -72 -255 -236 -447 -474 -557 -132 -62 -201 -76 -368 -76 -167 0 -236 14 -368 76 -213 98 -373 271 -451 485 -162 444 86 934 547 1084 153 49 292 57 452 25z m909 -232 c222 -123 408 -262 593 -441 76 -74 138 -139 138 -144 0 -16 -233 -242 -330 -319 -155 -123 -309 -223 -461 -299 l-81 -41 32 46 c18 26 49 83 70 128 143 306 141 649 -6 957 -25 52 -61 116 -79 142 l-34 47 45 -20 c26 -10 76 -36 113 -56z m-2057 25 c-40 -58 -105 -190 -130 -263 -110 -324 -59 -707 132 -981 25 -35 42 -64 37 -64 -19 0 -241 119 -326 174 -188 122 -406 314 -532 468 l-58 71 108 103 c185 178 428 349 672 473 66 33 121 60 123 61 2 0 -10 -19 -26 -42z\"\/><path d=\"M2375 1950 c-198 -44 -350 -190 -395 -379 -18 -76 -8 -221 19 -290 114 -284 457 -406 731 -260 98 52 188 154 231 260 27 69 37 214 19 290 -38 163 -166 304 -326 360 -67 23 -215 33 -279 19z\"\/><\/g><\/svg><\/i> <img decoding=\"async\" width=\"16\" height=\"16\" alt=\"Loading\" src=\"https:\/\/esviafm.com\/wp-content\/plugins\/page-views-count\/ajax-loader-2x.gif\" border=0 \/><\/p>\n<div class=\"pvc_clear\"><\/div>\n","protected":false},"author":1,"featured_media":0,"comment_status":"open","ping_status":"open","sticky":false,"template":"","format":"standard","meta":{"_et_pb_use_builder":"","_et_pb_old_content":"","_et_gb_content_width":"","footnotes":""},"categories":[17],"tags":[],"class_list":["post-17618","post","type-post","status-publish","format-standard","hentry","category-internacionales"],"_links":{"self":[{"href":"https:\/\/esviafm.com\/index.php\/wp-json\/wp\/v2\/posts\/17618","targetHints":{"allow":["GET"]}}],"collection":[{"href":"https:\/\/esviafm.com\/index.php\/wp-json\/wp\/v2\/posts"}],"about":[{"href":"https:\/\/esviafm.com\/index.php\/wp-json\/wp\/v2\/types\/post"}],"author":[{"embeddable":true,"href":"https:\/\/esviafm.com\/index.php\/wp-json\/wp\/v2\/users\/1"}],"replies":[{"embeddable":true,"href":"https:\/\/esviafm.com\/index.php\/wp-json\/wp\/v2\/comments?post=17618"}],"version-history":[{"count":1,"href":"https:\/\/esviafm.com\/index.php\/wp-json\/wp\/v2\/posts\/17618\/revisions"}],"predecessor-version":[{"id":17620,"href":"https:\/\/esviafm.com\/index.php\/wp-json\/wp\/v2\/posts\/17618\/revisions\/17620"}],"wp:attachment":[{"href":"https:\/\/esviafm.com\/index.php\/wp-json\/wp\/v2\/media?parent=17618"}],"wp:term":[{"taxonomy":"category","embeddable":true,"href":"https:\/\/esviafm.com\/index.php\/wp-json\/wp\/v2\/categories?post=17618"},{"taxonomy":"post_tag","embeddable":true,"href":"https:\/\/esviafm.com\/index.php\/wp-json\/wp\/v2\/tags?post=17618"}],"curies":[{"name":"wp","href":"https:\/\/api.w.org\/{rel}","templated":true}]}}