{"id":16875,"date":"2024-07-09T09:37:06","date_gmt":"2024-07-09T14:07:06","guid":{"rendered":"https:\/\/esviafm.com\/?p=16875"},"modified":"2024-07-09T09:37:06","modified_gmt":"2024-07-09T14:07:06","slug":"macron-pide-al-primer-ministro-gabriel-attal-seguir-por-el-momento-en-el-cargo-tras-reves-electoral","status":"publish","type":"post","link":"https:\/\/esviafm.com\/index.php\/macron-pide-al-primer-ministro-gabriel-attal-seguir-por-el-momento-en-el-cargo-tras-reves-electoral\/","title":{"rendered":"Macron pide al primer ministro Gabriel Attal seguir \u201cpor el momento\u201d en el cargo tras rev\u00e9s electoral"},"content":{"rendered":"<p><b>Caracas.-<\/b>\u00a0Este lunes 8 de julio, un d\u00eda despu\u00e9s de la segunda y definitiva vuelta de las elecciones legislativas anticipadas en Francia, el presidente Emmanuel Macron pidi\u00f3 a su primer ministro, Gabriel Attal, permanecer en el cargo temporalmente, pese a que la coalici\u00f3n de izquierda Nuevo Frente Popular (NFP) gan\u00f3 los comicios, aunque sin mayor\u00eda absoluta. El domingo, tras conocer los resultados, Attal anunci\u00f3 que presentar\u00eda su dimisi\u00f3n al mandatario, lo cual hizo en las \u00faltimas horas. La oposici\u00f3n presiona y los Ecologistas, que forman parte de NFP, pidieron al jefe de Estado que nombre un premier de izquierda.<\/p>\n<div><\/div>\n<div><b>Incertidumbre sobre la nueva legislatura francesa, tras unas elecciones que no arrojaron mayor\u00eda absoluta a ninguna coalici\u00f3n pol\u00edtica.<br \/>\n<\/b><br \/>\nEl presidente Emmanuel Macron pidi\u00f3 este lunes 8 de julio a su primer ministro, Gabriel Attal, que permanezca temporalmente en el cargo \u201cpara garantizar la estabilidad del pa\u00eds\u00bb, seg\u00fan indic\u00f3 un comunicado de prensa del Palacio del El\u00edseo.<\/p>\n<p>El mensaje fue difundido poco despu\u00e9s de que el premier presentara formalmente su dimisi\u00f3n al mandatario, como un d\u00eda antes anunci\u00f3 que lo har\u00eda tras conocer los resultados de la segunda y definitiva ronda electoral.<\/p>\n<p>Attal, reelegido en la d\u00e9cima circunscripci\u00f3n de Altos del Sena como diputado en la Asamblea Nacional, tom\u00f3 la decisi\u00f3n cuando las estimaciones de la firma Ipsos Talan ya se\u00f1alaban una victoria de la coalici\u00f3n de izquierda Nuevo Frente Popular (NFP).<\/p><\/div>\n<div><\/div>\n<div>Los resultados fueron oficialmente confirmados pocas horas despu\u00e9s por el Ministerio del Interior, los cuales indican que el NFP qued\u00f3 en primer lugar, pero sin mayor\u00eda absoluta, y tendr\u00e1 182 esca\u00f1os en la C\u00e1mara Baja del Parlamento franc\u00e9s.<\/p>\n<p>En segunda posici\u00f3n, la alianza centrista del presidente Emmanuel Macron, Juntos por la Rep\u00fablica, que obtuvo 168 diputados. En tercer y sorpresivo lugar-a juzgar por los resultados que alcanz\u00f3 en primera vuelta-se encuentra el partido ultraderechista Agrupaci\u00f3n Nacional, que finalmente queda con 143 legisladores.<\/p>\n<p>Y como cuarta fuerza pol\u00edtica, Los Republicanos, la bancada de la derecha tradicional francesa, que obtuvo 45 esca\u00f1os.<\/p>\n<p>Para obtener la mayor\u00eda absoluta, las bancadas deb\u00edan alcanzar al menos 289 lugares en la Asamblea.<\/p><\/div>\n<div><\/div>\n<div><b>La izquierda presiona a Macron para que nombre un primer ministro del NFP<\/b><\/div>\n<div>\nMientras el presidente reflexiona sobre los pr\u00f3ximos pasos a seguir y pide a su primer ministro continuar en el cargo, al menos por el momento, los dirigentes de izquierda exigen al mandatario que retire a Attal y nombre un premier del ala pol\u00edtica que se hizo con el primer lugar en los comicios.<\/p>\n<p>Este lunes, Los Ecologistas, partido que forma parte del NFP, se\u00f1alaron que el jefe de Estado \u00abdeber\u00eda hoy llamar oficialmente al Nuevo Frente Popular para que le d\u00e9 el nombre del primer ministro\u00bb.<\/p>\n<p>El domingo, durante su discurso, Jean-Luc M\u00e9lenchon, l\u00edder de La Francia Insumisa, partido considerado del ala radical de la izquierda, tambi\u00e9n insisti\u00f3 en el nombramiento de un premier de izquierda, por lo que pidi\u00f3 a Macron que retire a Attal del cargo.<\/p><\/div>\n<div><\/div>\n<div>Se abre en Francia un escenario complejo para la formaci\u00f3n de gobierno, ante las reticencias de las principales bancadas de hacer alianzas con sus opositores.<\/p>\n<p>Y es que \u00abno est\u00e1 en la cultura francesa armar alianzas entre partidos opuestos\u00bb, como subray\u00f3 en France 24 Charlotte de Beauvoir, profesora de periodismo en la Universidad de los Andes.<\/p>\n<p>El Nuevo Frente Popular se\u00f1al\u00f3 que est\u00e1 dispuesto a gobernar, pero insisti\u00f3 en que la izquierda solo aplicar\u00e1 su programa, descartando una alianza con el macronismo.<\/p>\n<p>El l\u00edder del El\u00edseo tambi\u00e9n hab\u00eda remarcado que se reh\u00fasa a una coalici\u00f3n con La Francia Insumisa, al recalcar que se trata de una bancada de \u201cextremos\u201d.<\/p>\n<p>Por el lado de la derecha y la ultraderecha tampoco barajan una alianza ni con la izquierda ni con la alianza centrista del oficialismo.<\/p>\n<p>Solo algunos l\u00edderes de Los Republicanos, la bancada de la derecha francesa tradicional, se aliaron a Agrupaci\u00f3n Nacional para la segunda vuelta de elecciones. Aun as\u00ed, tampoco alcanzan la mayor\u00eda absoluta.<\/p>\n<p>A\u00fan no est\u00e1 claro qu\u00e9 alianzas podr\u00e1n dibujarse en los pr\u00f3ximos d\u00edas entre los movimientos pol\u00edticos para formar una coalici\u00f3n de gobierno.<\/p>\n<p>Una alternativa ser\u00eda la uni\u00f3n de fuerzas de centro o m\u00e1s moderadas, tanto de la izquierda, como de la derecha, pero ese escenario tambi\u00e9n es dif\u00edcil de concretar ante la alta polarizaci\u00f3n actual.<\/p><\/div>\n<div><\/div>\n<div><b>Legislativas inconclusas, escenario complejo para Macron en la Presidencia<\/b><\/div>\n<div>\nLo que desde ya est\u00e1 claro es que el presidente franc\u00e9s encarar\u00e1 grandes dificultades para la aprobaci\u00f3n de sus proyectos en el Legislativo durante los tres a\u00f1os que le quedan de Gobierno.<\/p>\n<p>Con su arriesgada apuesta de convocar a elecciones anticipadas-para \u201caclarar\u201d posturas tras el batacazo de su partido en los comicios al Parlamento Europeo ante el triunfo de la extrema derecha-Macron perdi\u00f3 la relativa mayor\u00eda, de 250 diputados con los que contaba en la Asamblea antes de estos comicios adelantados.<\/p>\n<p>El \u2018cord\u00f3n sanitario\u2019-met\u00e1fora que refiere a los acuerdos de partidos de izquierda, centro y centroderecha para no pactar con la ultraderecha- funcion\u00f3 en las legislativas francesas para frenar lo que parec\u00eda un inevitable triunfo de la extrema derecha, pero deja al pa\u00eds sin claras mayor\u00edas y obst\u00e1culos para formar gobierno.<\/p><\/div>\n<div><\/div>\n<div>Francia cuenta con un sistema pol\u00edtico que suele ser definido como semipresidencial. Si bien sostiene comicios por separado para elegir al jefe de Estado, que ostenta importantes poderes, en la pol\u00edtica interna el mandatario requiere del respaldo de la Asamblea para aprobar las medidas propuestas y aunque son revisadas por el Senado, la \u00faltima palabra en materia legislativa la tiene la C\u00e1mara Baja del Parlamento.<\/p>\n<div><\/div>\n<\/div>\n<p><strong>FUENTE: EL UNIVERSAL<\/strong><\/p>\n<div class=\"pvc_clear\"><\/div>\n<p id=\"pvc_stats_16875\" class=\"pvc_stats all  \" data-element-id=\"16875\" style=\"\"><i class=\"pvc-stats-icon large\" aria-hidden=\"true\"><svg xmlns=\"http:\/\/www.w3.org\/2000\/svg\" version=\"1.0\" viewBox=\"0 0 502 315\" preserveAspectRatio=\"xMidYMid meet\"><g transform=\"translate(0,332) scale(0.1,-0.1)\" fill=\"\" stroke=\"none\"><path d=\"M2394 3279 l-29 -30 -3 -207 c-2 -182 0 -211 15 -242 39 -76 157 -76 196 0 15 31 17 60 15 243 l-3 209 -33 29 c-26 23 -41 29 -80 29 -41 0 -53 -5 -78 -31z\"\/><path d=\"M3085 3251 c-45 -19 -58 -50 -96 -229 -47 -217 -49 -260 -13 -295 52 -53 146 -42 177 20 16 31 87 366 87 410 0 70 -86 122 -155 94z\"\/><path d=\"M1751 3234 c-13 -9 -29 -31 -37 -50 -12 -29 -10 -49 21 -204 19 -94 39 -189 45 -210 14 -50 54 -80 110 -80 34 0 48 6 76 34 21 21 34 44 34 59 0 14 -18 113 -40 219 -37 178 -43 195 -70 221 -36 32 -101 37 -139 11z\"\/><path d=\"M1163 3073 c-36 -7 -73 -59 -73 -102 0 -56 133 -378 171 -413 34 -32 83 -37 129 -13 70 36 67 87 -16 290 -86 209 -89 214 -129 231 -35 14 -42 15 -82 7z\"\/><path d=\"M3689 3066 c-15 -9 -33 -30 -42 -48 -48 -103 -147 -355 -147 -375 0 -98 131 -148 192 -74 13 15 57 108 97 206 80 196 84 226 37 273 -30 30 -99 39 -137 18z\"\/><path d=\"M583 2784 c-38 -19 -67 -74 -58 -113 9 -42 211 -354 242 -373 16 -10 45 -18 66 -18 51 0 107 52 107 100 0 39 -1 41 -124 234 -80 126 -108 162 -133 173 -41 17 -61 16 -100 -3z\"\/><path d=\"M4250 2784 c-14 -9 -74 -91 -133 -183 -95 -150 -107 -173 -107 -213 0 -55 33 -94 87 -104 67 -13 90 8 211 198 130 202 137 225 78 284 -27 27 -42 34 -72 34 -22 0 -50 -8 -64 -16z\"\/><path d=\"M2275 2693 c-553 -48 -1095 -270 -1585 -649 -135 -104 -459 -423 -483 -476 -23 -49 -22 -139 2 -186 73 -142 361 -457 571 -626 285 -228 642 -407 990 -497 242 -63 336 -73 660 -74 310 0 370 5 595 52 535 111 1045 392 1455 803 122 121 250 273 275 326 19 41 19 137 0 174 -41 79 -309 363 -465 492 -447 370 -946 591 -1479 653 -113 14 -422 18 -536 8z m395 -428 c171 -34 330 -124 456 -258 112 -119 167 -219 211 -378 27 -96 24 -300 -5 -401 -72 -255 -236 -447 -474 -557 -132 -62 -201 -76 -368 -76 -167 0 -236 14 -368 76 -213 98 -373 271 -451 485 -162 444 86 934 547 1084 153 49 292 57 452 25z m909 -232 c222 -123 408 -262 593 -441 76 -74 138 -139 138 -144 0 -16 -233 -242 -330 -319 -155 -123 -309 -223 -461 -299 l-81 -41 32 46 c18 26 49 83 70 128 143 306 141 649 -6 957 -25 52 -61 116 -79 142 l-34 47 45 -20 c26 -10 76 -36 113 -56z m-2057 25 c-40 -58 -105 -190 -130 -263 -110 -324 -59 -707 132 -981 25 -35 42 -64 37 -64 -19 0 -241 119 -326 174 -188 122 -406 314 -532 468 l-58 71 108 103 c185 178 428 349 672 473 66 33 121 60 123 61 2 0 -10 -19 -26 -42z\"\/><path d=\"M2375 1950 c-198 -44 -350 -190 -395 -379 -18 -76 -8 -221 19 -290 114 -284 457 -406 731 -260 98 52 188 154 231 260 27 69 37 214 19 290 -38 163 -166 304 -326 360 -67 23 -215 33 -279 19z\"\/><\/g><\/svg><\/i> <img decoding=\"async\" width=\"16\" height=\"16\" alt=\"Loading\" src=\"https:\/\/esviafm.com\/wp-content\/plugins\/page-views-count\/ajax-loader-2x.gif\" border=0 \/><\/p>\n<div class=\"pvc_clear\"><\/div>\n","protected":false},"excerpt":{"rendered":"<p>Caracas.-\u00a0Este lunes 8 de julio, un d\u00eda despu\u00e9s de la segunda y definitiva vuelta de las elecciones legislativas anticipadas en Francia, el presidente Emmanuel Macron pidi\u00f3 a su primer ministro, Gabriel Attal, permanecer en el cargo temporalmente, pese a que la coalici\u00f3n de izquierda Nuevo Frente Popular (NFP) gan\u00f3 los comicios, aunque sin mayor\u00eda absoluta. [&hellip;]<\/p>\n<div class=\"pvc_clear\"><\/div>\n<p id=\"pvc_stats_16875\" class=\"pvc_stats all  \" data-element-id=\"16875\" style=\"\"><i class=\"pvc-stats-icon large\" aria-hidden=\"true\"><svg xmlns=\"http:\/\/www.w3.org\/2000\/svg\" version=\"1.0\" viewBox=\"0 0 502 315\" preserveAspectRatio=\"xMidYMid meet\"><g transform=\"translate(0,332) scale(0.1,-0.1)\" fill=\"\" stroke=\"none\"><path d=\"M2394 3279 l-29 -30 -3 -207 c-2 -182 0 -211 15 -242 39 -76 157 -76 196 0 15 31 17 60 15 243 l-3 209 -33 29 c-26 23 -41 29 -80 29 -41 0 -53 -5 -78 -31z\"\/><path d=\"M3085 3251 c-45 -19 -58 -50 -96 -229 -47 -217 -49 -260 -13 -295 52 -53 146 -42 177 20 16 31 87 366 87 410 0 70 -86 122 -155 94z\"\/><path d=\"M1751 3234 c-13 -9 -29 -31 -37 -50 -12 -29 -10 -49 21 -204 19 -94 39 -189 45 -210 14 -50 54 -80 110 -80 34 0 48 6 76 34 21 21 34 44 34 59 0 14 -18 113 -40 219 -37 178 -43 195 -70 221 -36 32 -101 37 -139 11z\"\/><path d=\"M1163 3073 c-36 -7 -73 -59 -73 -102 0 -56 133 -378 171 -413 34 -32 83 -37 129 -13 70 36 67 87 -16 290 -86 209 -89 214 -129 231 -35 14 -42 15 -82 7z\"\/><path d=\"M3689 3066 c-15 -9 -33 -30 -42 -48 -48 -103 -147 -355 -147 -375 0 -98 131 -148 192 -74 13 15 57 108 97 206 80 196 84 226 37 273 -30 30 -99 39 -137 18z\"\/><path d=\"M583 2784 c-38 -19 -67 -74 -58 -113 9 -42 211 -354 242 -373 16 -10 45 -18 66 -18 51 0 107 52 107 100 0 39 -1 41 -124 234 -80 126 -108 162 -133 173 -41 17 -61 16 -100 -3z\"\/><path d=\"M4250 2784 c-14 -9 -74 -91 -133 -183 -95 -150 -107 -173 -107 -213 0 -55 33 -94 87 -104 67 -13 90 8 211 198 130 202 137 225 78 284 -27 27 -42 34 -72 34 -22 0 -50 -8 -64 -16z\"\/><path d=\"M2275 2693 c-553 -48 -1095 -270 -1585 -649 -135 -104 -459 -423 -483 -476 -23 -49 -22 -139 2 -186 73 -142 361 -457 571 -626 285 -228 642 -407 990 -497 242 -63 336 -73 660 -74 310 0 370 5 595 52 535 111 1045 392 1455 803 122 121 250 273 275 326 19 41 19 137 0 174 -41 79 -309 363 -465 492 -447 370 -946 591 -1479 653 -113 14 -422 18 -536 8z m395 -428 c171 -34 330 -124 456 -258 112 -119 167 -219 211 -378 27 -96 24 -300 -5 -401 -72 -255 -236 -447 -474 -557 -132 -62 -201 -76 -368 -76 -167 0 -236 14 -368 76 -213 98 -373 271 -451 485 -162 444 86 934 547 1084 153 49 292 57 452 25z m909 -232 c222 -123 408 -262 593 -441 76 -74 138 -139 138 -144 0 -16 -233 -242 -330 -319 -155 -123 -309 -223 -461 -299 l-81 -41 32 46 c18 26 49 83 70 128 143 306 141 649 -6 957 -25 52 -61 116 -79 142 l-34 47 45 -20 c26 -10 76 -36 113 -56z m-2057 25 c-40 -58 -105 -190 -130 -263 -110 -324 -59 -707 132 -981 25 -35 42 -64 37 -64 -19 0 -241 119 -326 174 -188 122 -406 314 -532 468 l-58 71 108 103 c185 178 428 349 672 473 66 33 121 60 123 61 2 0 -10 -19 -26 -42z\"\/><path d=\"M2375 1950 c-198 -44 -350 -190 -395 -379 -18 -76 -8 -221 19 -290 114 -284 457 -406 731 -260 98 52 188 154 231 260 27 69 37 214 19 290 -38 163 -166 304 -326 360 -67 23 -215 33 -279 19z\"\/><\/g><\/svg><\/i> <img decoding=\"async\" width=\"16\" height=\"16\" alt=\"Loading\" src=\"https:\/\/esviafm.com\/wp-content\/plugins\/page-views-count\/ajax-loader-2x.gif\" border=0 \/><\/p>\n<div class=\"pvc_clear\"><\/div>\n","protected":false},"author":1,"featured_media":0,"comment_status":"open","ping_status":"open","sticky":false,"template":"","format":"standard","meta":{"_et_pb_use_builder":"","_et_pb_old_content":"","_et_gb_content_width":"","footnotes":""},"categories":[17],"tags":[],"class_list":["post-16875","post","type-post","status-publish","format-standard","hentry","category-internacionales"],"_links":{"self":[{"href":"https:\/\/esviafm.com\/index.php\/wp-json\/wp\/v2\/posts\/16875","targetHints":{"allow":["GET"]}}],"collection":[{"href":"https:\/\/esviafm.com\/index.php\/wp-json\/wp\/v2\/posts"}],"about":[{"href":"https:\/\/esviafm.com\/index.php\/wp-json\/wp\/v2\/types\/post"}],"author":[{"embeddable":true,"href":"https:\/\/esviafm.com\/index.php\/wp-json\/wp\/v2\/users\/1"}],"replies":[{"embeddable":true,"href":"https:\/\/esviafm.com\/index.php\/wp-json\/wp\/v2\/comments?post=16875"}],"version-history":[{"count":1,"href":"https:\/\/esviafm.com\/index.php\/wp-json\/wp\/v2\/posts\/16875\/revisions"}],"predecessor-version":[{"id":16878,"href":"https:\/\/esviafm.com\/index.php\/wp-json\/wp\/v2\/posts\/16875\/revisions\/16878"}],"wp:attachment":[{"href":"https:\/\/esviafm.com\/index.php\/wp-json\/wp\/v2\/media?parent=16875"}],"wp:term":[{"taxonomy":"category","embeddable":true,"href":"https:\/\/esviafm.com\/index.php\/wp-json\/wp\/v2\/categories?post=16875"},{"taxonomy":"post_tag","embeddable":true,"href":"https:\/\/esviafm.com\/index.php\/wp-json\/wp\/v2\/tags?post=16875"}],"curies":[{"name":"wp","href":"https:\/\/api.w.org\/{rel}","templated":true}]}}