{"id":16563,"date":"2024-07-01T10:40:22","date_gmt":"2024-07-01T15:10:22","guid":{"rendered":"https:\/\/esviafm.com\/?p=16563"},"modified":"2024-07-01T10:40:22","modified_gmt":"2024-07-01T15:10:22","slug":"bolivia-mueven-de-carcel-a-general-que-guio-fallido-golpe","status":"publish","type":"post","link":"https:\/\/esviafm.com\/index.php\/bolivia-mueven-de-carcel-a-general-que-guio-fallido-golpe\/","title":{"rendered":"Bolivia: Mueven de c\u00e1rcel a general que gui\u00f3 fallido \u00abgolpe\u00bb"},"content":{"rendered":"<p>El general boliviano Juan Jos\u00e9 Z\u00fa\u00f1iga, se\u00f1alado de liderar un fallido golpe de Estado contra el presidente Luis Arce, fue trasladado de c\u00e1rcel este s\u00e1bado por razones de seguridad, anunci\u00f3 la autoridad penitenciaria.<\/p>\n<p>El excomandante del Ej\u00e9rcito hab\u00eda sido recluido en el penal de m\u00e1xima seguridad de Chonchocoro, en las afueras de El Alto, un municipio vecino a La Paz, por orden de un juez que le impuso seis meses de prisi\u00f3n preventiva.<\/p>\n<p>Sin embargo, este mismo s\u00e1bado fue sacado de all\u00ed e internado en El Abra, una c\u00e1rcel de m\u00e1xima seguridad en el departamento de Cochabamba (centro), seg\u00fan Juan Carlos Limpias, director de R\u00e9gimen Penitenciario.<\/p>\n<p>Las autoridades ordenaron el traslado para resguardar su seguridad, ante el \u00abrechazo\u00bb de los presos de Chonchocoro, que lo declararon \u00abpersona no grata\u00bb, explic\u00f3 Limpias en una declaraci\u00f3n a la prensa.<\/p>\n<p>Z\u00fa\u00f1iga hab\u00eda sido recluido en el primer penal junto con el vicealmirante Juan Arnez, exjefe de la Armada (Marina); y Alejandro Irahola, exjefe de la brigada mecanizada del Ej\u00e9rcito.<\/p>\n<p>Arnez e Irahola seguir\u00e1n internados en Chonchocoro, inform\u00f3 el jefe de prisiones.<\/p>\n<p>El viernes 28 de junio, la justicia orden\u00f3 la reclusi\u00f3n de los tres exjefes militares mientras avanzan las investigaciones por el alzamiento armado del pasado mi\u00e9rcoles 26 de junio, cuando tropas con tanques asediaron por varias horas la sede de Gobierno antes de replegarse.<\/p>\n<p>Este s\u00e1bado, la Polic\u00eda despleg\u00f3 un fuerte dispositivo de seguridad para su traslado desde una c\u00e1rcel de La Paz.<\/p>\n<p>\u00abEn alg\u00fan momento se va a saber la verdad\u00bb, dijo Z\u00fa\u00f1iga esposado y sin chaleco antibalas cuando era conducido a un veh\u00edculo policial.<\/p>\n<p><b>Plan para movilizar aviones<\/b><\/p>\n<p>Al momento de su captura el pasado mi\u00e9rcoles, el exjefe militar afirm\u00f3 que fue Arce quien le pidi\u00f3 preparar algo \u00abpara levantar su popularidad\u00bb, lo que fue desmentido por el presidente boliviano.<\/p>\n<p>Z\u00fa\u00f1iga y los otros dos oficiales enfrentan cargos por terrorismo y alzamiento armado, por los que podr\u00edan recibir una condena de hasta 20 a\u00f1os de prisi\u00f3n, seg\u00fan la Fiscal\u00eda.<\/p>\n<p>Junto con ellos han sido detenidos otros 18 militares activos, en retiro y civiles por el fallido golpe de Estado.<\/p>\n<p>El Gobierno asegur\u00f3 este s\u00e1bado que encontr\u00f3 evidencia sobre el plan que ten\u00edan los militares para movilizar en avi\u00f3n fuerzas especiales desde el departamento de Tarija (sur) hasta La Paz, con la intenci\u00f3n de asestar el golpe contra Arce.<\/p>\n<p>\u00abHemos encontrado un radiograma con el cual se hab\u00eda instruido que el avi\u00f3n que est\u00e1 (&#8230;) en el ministerio de Gobierno sea trasladado hacia el departamento de Tarija, para traer los grupos satinadores\u00bb, se\u00f1al\u00f3 a la prensa el ministro de Gobierno (Interior), Eduardo Del Castillo.<\/p>\n<p>El general Z\u00fa\u00f1iga ha sido se\u00f1alado desde un comienzo como el principal responsable de la conspiraci\u00f3n contra el presidente de izquierda de Bolivia, quien asumi\u00f3 el poder en 2020 por un mandato de cinco a\u00f1os.<\/p>\n<p>El excomandante del Ej\u00e9rcito fue detenido despu\u00e9s de que se replegaran las tropas y los veh\u00edculos blindados, sin que se produjeran enfrentamientos con las fuerzas leales al Gobierno.<\/p>\n<p>Durante la rebeli\u00f3n militar, 14 civiles resultaron heridos con balines disparados por los soldados cuando ingresaron a la plaza donde est\u00e1 el palacio presidencial, en el centro de La Paz, seg\u00fan el Gobierno de Arce.<\/p>\n<div class=\"pvc_clear\"><\/div>\n<p id=\"pvc_stats_16563\" class=\"pvc_stats all  \" data-element-id=\"16563\" style=\"\"><i class=\"pvc-stats-icon large\" aria-hidden=\"true\"><svg xmlns=\"http:\/\/www.w3.org\/2000\/svg\" version=\"1.0\" viewBox=\"0 0 502 315\" preserveAspectRatio=\"xMidYMid meet\"><g transform=\"translate(0,332) scale(0.1,-0.1)\" fill=\"\" stroke=\"none\"><path d=\"M2394 3279 l-29 -30 -3 -207 c-2 -182 0 -211 15 -242 39 -76 157 -76 196 0 15 31 17 60 15 243 l-3 209 -33 29 c-26 23 -41 29 -80 29 -41 0 -53 -5 -78 -31z\"\/><path d=\"M3085 3251 c-45 -19 -58 -50 -96 -229 -47 -217 -49 -260 -13 -295 52 -53 146 -42 177 20 16 31 87 366 87 410 0 70 -86 122 -155 94z\"\/><path d=\"M1751 3234 c-13 -9 -29 -31 -37 -50 -12 -29 -10 -49 21 -204 19 -94 39 -189 45 -210 14 -50 54 -80 110 -80 34 0 48 6 76 34 21 21 34 44 34 59 0 14 -18 113 -40 219 -37 178 -43 195 -70 221 -36 32 -101 37 -139 11z\"\/><path d=\"M1163 3073 c-36 -7 -73 -59 -73 -102 0 -56 133 -378 171 -413 34 -32 83 -37 129 -13 70 36 67 87 -16 290 -86 209 -89 214 -129 231 -35 14 -42 15 -82 7z\"\/><path d=\"M3689 3066 c-15 -9 -33 -30 -42 -48 -48 -103 -147 -355 -147 -375 0 -98 131 -148 192 -74 13 15 57 108 97 206 80 196 84 226 37 273 -30 30 -99 39 -137 18z\"\/><path d=\"M583 2784 c-38 -19 -67 -74 -58 -113 9 -42 211 -354 242 -373 16 -10 45 -18 66 -18 51 0 107 52 107 100 0 39 -1 41 -124 234 -80 126 -108 162 -133 173 -41 17 -61 16 -100 -3z\"\/><path d=\"M4250 2784 c-14 -9 -74 -91 -133 -183 -95 -150 -107 -173 -107 -213 0 -55 33 -94 87 -104 67 -13 90 8 211 198 130 202 137 225 78 284 -27 27 -42 34 -72 34 -22 0 -50 -8 -64 -16z\"\/><path d=\"M2275 2693 c-553 -48 -1095 -270 -1585 -649 -135 -104 -459 -423 -483 -476 -23 -49 -22 -139 2 -186 73 -142 361 -457 571 -626 285 -228 642 -407 990 -497 242 -63 336 -73 660 -74 310 0 370 5 595 52 535 111 1045 392 1455 803 122 121 250 273 275 326 19 41 19 137 0 174 -41 79 -309 363 -465 492 -447 370 -946 591 -1479 653 -113 14 -422 18 -536 8z m395 -428 c171 -34 330 -124 456 -258 112 -119 167 -219 211 -378 27 -96 24 -300 -5 -401 -72 -255 -236 -447 -474 -557 -132 -62 -201 -76 -368 -76 -167 0 -236 14 -368 76 -213 98 -373 271 -451 485 -162 444 86 934 547 1084 153 49 292 57 452 25z m909 -232 c222 -123 408 -262 593 -441 76 -74 138 -139 138 -144 0 -16 -233 -242 -330 -319 -155 -123 -309 -223 -461 -299 l-81 -41 32 46 c18 26 49 83 70 128 143 306 141 649 -6 957 -25 52 -61 116 -79 142 l-34 47 45 -20 c26 -10 76 -36 113 -56z m-2057 25 c-40 -58 -105 -190 -130 -263 -110 -324 -59 -707 132 -981 25 -35 42 -64 37 -64 -19 0 -241 119 -326 174 -188 122 -406 314 -532 468 l-58 71 108 103 c185 178 428 349 672 473 66 33 121 60 123 61 2 0 -10 -19 -26 -42z\"\/><path d=\"M2375 1950 c-198 -44 -350 -190 -395 -379 -18 -76 -8 -221 19 -290 114 -284 457 -406 731 -260 98 52 188 154 231 260 27 69 37 214 19 290 -38 163 -166 304 -326 360 -67 23 -215 33 -279 19z\"\/><\/g><\/svg><\/i> <img decoding=\"async\" width=\"16\" height=\"16\" alt=\"Loading\" src=\"https:\/\/esviafm.com\/wp-content\/plugins\/page-views-count\/ajax-loader-2x.gif\" border=0 \/><\/p>\n<div class=\"pvc_clear\"><\/div>\n","protected":false},"excerpt":{"rendered":"<p>El general boliviano Juan Jos\u00e9 Z\u00fa\u00f1iga, se\u00f1alado de liderar un fallido golpe de Estado contra el presidente Luis Arce, fue trasladado de c\u00e1rcel este s\u00e1bado por razones de seguridad, anunci\u00f3 la autoridad penitenciaria. El excomandante del Ej\u00e9rcito hab\u00eda sido recluido en el penal de m\u00e1xima seguridad de Chonchocoro, en las afueras de El Alto, un [&hellip;]<\/p>\n<div class=\"pvc_clear\"><\/div>\n<p id=\"pvc_stats_16563\" class=\"pvc_stats all  \" data-element-id=\"16563\" style=\"\"><i class=\"pvc-stats-icon large\" aria-hidden=\"true\"><svg xmlns=\"http:\/\/www.w3.org\/2000\/svg\" version=\"1.0\" viewBox=\"0 0 502 315\" preserveAspectRatio=\"xMidYMid meet\"><g transform=\"translate(0,332) scale(0.1,-0.1)\" fill=\"\" stroke=\"none\"><path d=\"M2394 3279 l-29 -30 -3 -207 c-2 -182 0 -211 15 -242 39 -76 157 -76 196 0 15 31 17 60 15 243 l-3 209 -33 29 c-26 23 -41 29 -80 29 -41 0 -53 -5 -78 -31z\"\/><path d=\"M3085 3251 c-45 -19 -58 -50 -96 -229 -47 -217 -49 -260 -13 -295 52 -53 146 -42 177 20 16 31 87 366 87 410 0 70 -86 122 -155 94z\"\/><path d=\"M1751 3234 c-13 -9 -29 -31 -37 -50 -12 -29 -10 -49 21 -204 19 -94 39 -189 45 -210 14 -50 54 -80 110 -80 34 0 48 6 76 34 21 21 34 44 34 59 0 14 -18 113 -40 219 -37 178 -43 195 -70 221 -36 32 -101 37 -139 11z\"\/><path d=\"M1163 3073 c-36 -7 -73 -59 -73 -102 0 -56 133 -378 171 -413 34 -32 83 -37 129 -13 70 36 67 87 -16 290 -86 209 -89 214 -129 231 -35 14 -42 15 -82 7z\"\/><path d=\"M3689 3066 c-15 -9 -33 -30 -42 -48 -48 -103 -147 -355 -147 -375 0 -98 131 -148 192 -74 13 15 57 108 97 206 80 196 84 226 37 273 -30 30 -99 39 -137 18z\"\/><path d=\"M583 2784 c-38 -19 -67 -74 -58 -113 9 -42 211 -354 242 -373 16 -10 45 -18 66 -18 51 0 107 52 107 100 0 39 -1 41 -124 234 -80 126 -108 162 -133 173 -41 17 -61 16 -100 -3z\"\/><path d=\"M4250 2784 c-14 -9 -74 -91 -133 -183 -95 -150 -107 -173 -107 -213 0 -55 33 -94 87 -104 67 -13 90 8 211 198 130 202 137 225 78 284 -27 27 -42 34 -72 34 -22 0 -50 -8 -64 -16z\"\/><path d=\"M2275 2693 c-553 -48 -1095 -270 -1585 -649 -135 -104 -459 -423 -483 -476 -23 -49 -22 -139 2 -186 73 -142 361 -457 571 -626 285 -228 642 -407 990 -497 242 -63 336 -73 660 -74 310 0 370 5 595 52 535 111 1045 392 1455 803 122 121 250 273 275 326 19 41 19 137 0 174 -41 79 -309 363 -465 492 -447 370 -946 591 -1479 653 -113 14 -422 18 -536 8z m395 -428 c171 -34 330 -124 456 -258 112 -119 167 -219 211 -378 27 -96 24 -300 -5 -401 -72 -255 -236 -447 -474 -557 -132 -62 -201 -76 -368 -76 -167 0 -236 14 -368 76 -213 98 -373 271 -451 485 -162 444 86 934 547 1084 153 49 292 57 452 25z m909 -232 c222 -123 408 -262 593 -441 76 -74 138 -139 138 -144 0 -16 -233 -242 -330 -319 -155 -123 -309 -223 -461 -299 l-81 -41 32 46 c18 26 49 83 70 128 143 306 141 649 -6 957 -25 52 -61 116 -79 142 l-34 47 45 -20 c26 -10 76 -36 113 -56z m-2057 25 c-40 -58 -105 -190 -130 -263 -110 -324 -59 -707 132 -981 25 -35 42 -64 37 -64 -19 0 -241 119 -326 174 -188 122 -406 314 -532 468 l-58 71 108 103 c185 178 428 349 672 473 66 33 121 60 123 61 2 0 -10 -19 -26 -42z\"\/><path d=\"M2375 1950 c-198 -44 -350 -190 -395 -379 -18 -76 -8 -221 19 -290 114 -284 457 -406 731 -260 98 52 188 154 231 260 27 69 37 214 19 290 -38 163 -166 304 -326 360 -67 23 -215 33 -279 19z\"\/><\/g><\/svg><\/i> <img decoding=\"async\" width=\"16\" height=\"16\" alt=\"Loading\" src=\"https:\/\/esviafm.com\/wp-content\/plugins\/page-views-count\/ajax-loader-2x.gif\" border=0 \/><\/p>\n<div class=\"pvc_clear\"><\/div>\n","protected":false},"author":1,"featured_media":0,"comment_status":"open","ping_status":"open","sticky":false,"template":"","format":"standard","meta":{"_et_pb_use_builder":"","_et_pb_old_content":"","_et_gb_content_width":"","footnotes":""},"categories":[17],"tags":[],"class_list":["post-16563","post","type-post","status-publish","format-standard","hentry","category-internacionales"],"_links":{"self":[{"href":"https:\/\/esviafm.com\/index.php\/wp-json\/wp\/v2\/posts\/16563","targetHints":{"allow":["GET"]}}],"collection":[{"href":"https:\/\/esviafm.com\/index.php\/wp-json\/wp\/v2\/posts"}],"about":[{"href":"https:\/\/esviafm.com\/index.php\/wp-json\/wp\/v2\/types\/post"}],"author":[{"embeddable":true,"href":"https:\/\/esviafm.com\/index.php\/wp-json\/wp\/v2\/users\/1"}],"replies":[{"embeddable":true,"href":"https:\/\/esviafm.com\/index.php\/wp-json\/wp\/v2\/comments?post=16563"}],"version-history":[{"count":1,"href":"https:\/\/esviafm.com\/index.php\/wp-json\/wp\/v2\/posts\/16563\/revisions"}],"predecessor-version":[{"id":16565,"href":"https:\/\/esviafm.com\/index.php\/wp-json\/wp\/v2\/posts\/16563\/revisions\/16565"}],"wp:attachment":[{"href":"https:\/\/esviafm.com\/index.php\/wp-json\/wp\/v2\/media?parent=16563"}],"wp:term":[{"taxonomy":"category","embeddable":true,"href":"https:\/\/esviafm.com\/index.php\/wp-json\/wp\/v2\/categories?post=16563"},{"taxonomy":"post_tag","embeddable":true,"href":"https:\/\/esviafm.com\/index.php\/wp-json\/wp\/v2\/tags?post=16563"}],"curies":[{"name":"wp","href":"https:\/\/api.w.org\/{rel}","templated":true}]}}