{"id":16056,"date":"2024-06-18T06:17:53","date_gmt":"2024-06-18T10:47:53","guid":{"rendered":"https:\/\/esviafm.com\/?p=16056"},"modified":"2024-06-18T06:17:53","modified_gmt":"2024-06-18T10:47:53","slug":"exigen-la-abolicion-de-la-monarquia-en-espana-a-10-anos-del-reinado-de-felipe-vi","status":"publish","type":"post","link":"https:\/\/esviafm.com\/index.php\/exigen-la-abolicion-de-la-monarquia-en-espana-a-10-anos-del-reinado-de-felipe-vi\/","title":{"rendered":"Exigen la abolici\u00f3n de la monarqu\u00eda en Espa\u00f1a a 10 a\u00f1os del reinado de Felipe VI"},"content":{"rendered":"<p class=\"ue-c-article__paragraph\" data-mrf-recirculation=\"Links P\u00e1rrafos\"><a href=\"https:\/\/www.elmundo.es\/e\/po\/podemos.html\" data-mrf-link=\"https:\/\/www.elmundo.es\/e\/po\/podemos.html\">Podemos\u00a0<\/a>e\u00a0<a href=\"https:\/\/www.elmundo.es\/e\/iu\/iu-izquierda-unida.html\" data-mrf-link=\"https:\/\/www.elmundo.es\/e\/iu\/iu-izquierda-unida.html\">IU\u00a0<\/a>afilan su perfil antimon\u00e1rquico en los d\u00edas previos al\u00a0<a href=\"https:\/\/www.elmundo.es\/espana\/encuestas\/2024\/06\/15\/666dcf39e4d4d859268b457e.html\" data-mrf-link=\"https:\/\/www.elmundo.es\/espana\/encuestas\/2024\/06\/15\/666dcf39e4d4d859268b457e.html\">d\u00e9cimo aniversario<\/a>\u00a0de la proclamaci\u00f3n de\u00a0<a href=\"https:\/\/www.elmundo.es\/e\/fe\/felipe-vi.html\" data-mrf-link=\"https:\/\/www.elmundo.es\/e\/fe\/felipe-vi.html\">Felipe VI<\/a>. Ambas formaciones se han manifestado este domingo en\u00a0<strong>Madrid<\/strong>\u00a0en una marcha republicana en la que han exigido \u00abla abolici\u00f3n de la Corona\u00bb y que el actual rey sea \u00abel \u00faltimo\u00bb en la l\u00ednea sucesoria. Es decir, que la\u00a0<strong>Princesa Leonor<\/strong>\u00a0no llegue a ser reina.<\/p>\n<p class=\"ue-c-article__paragraph\" data-mrf-recirculation=\"Links P\u00e1rrafos\">La concentraci\u00f3n ha transcurrido por el centro de la capital -con salida en tres puntos diferentes:\u00a0<strong>Col\u00f3n<\/strong>,\u00a0<strong>Puerta de Alcal\u00e1<\/strong>\u00a0y\u00a0<strong>Neptuno<\/strong>, para confluir en\u00a0<strong>Cibeles<\/strong>&#8211; y ha contado con destacados dirigentes de ambas formaciones: las dirigentes\u00a0<strong>Ione Belarra<\/strong>\u00a0e\u00a0<strong>Irene Montero<\/strong>, entre otras, por parte de Podemos, y\u00a0<strong>Toni Valero<\/strong>, coordinador de IU en\u00a0<strong>Andaluc\u00eda\u00a0<\/strong>y diputado de\u00a0<strong>Sumar\u00a0<\/strong>en el\u00a0<strong>Congreso<\/strong>, por parte de IU.<\/p>\n<p class=\"ue-c-article__paragraph\" data-mrf-recirculation=\"Links P\u00e1rrafos\">La marcha, convocada bajo el lema \u00abDiez a\u00f1os bastan\u00bb en alusi\u00f3n al aniversario que se conmemora el pr\u00f3ximo mi\u00e9rcoles de la proclamaci\u00f3n de Felipe VI como rey, ha congregado a unas 4.000 personas seg\u00fan la Delegaci\u00f3n de Gobierno. Una cifra que los convocantes elevan hasta 30.000 asistentes.<\/p>\n<p class=\"ue-c-article__paragraph\" data-mrf-recirculation=\"Links P\u00e1rrafos\">\u00abHay much\u00edsima gente en Espa\u00f1a que entiende que no vamos a tener una democracia plena hasta que no seamos una rep\u00fablica\u00bb, ha expresado la l\u00edder de Podemos, Ione Belarra, al arranque de la manifestaci\u00f3n. \u00abMientras tengamos una monarqu\u00eda, donde por el \u00fanico motivo de una excepci\u00f3n gen\u00e9tica eso signifique privilegios y estar por encima de la ley y del resto de espa\u00f1oles y espa\u00f1olas, nos parece que es imposible que haya una democracia plena mientras esto siga siendo as\u00ed\u00bb.<\/p>\n<p class=\"ue-c-article__paragraph\" data-mrf-recirculation=\"Links P\u00e1rrafos\">Valero, por su parte, ha se\u00f1alado que \u00abel poder y las aspiraciones de la gente chocan con los intereses del poder mon\u00e1rquico\u00bb, ya que, seg\u00fan ha considerado, \u00abes un poder conformado por el rey, pero tambi\u00e9n por una minor\u00eda privilegiada que se parapeta detr\u00e1s de los aparatos del Estado y de los consejos de administraci\u00f3n\u00bb, en declaraciones al arranque de la concentraci\u00f3n recogidas por Efe.<\/p>\n<p class=\"ue-c-article__paragraph\" data-mrf-recirculation=\"Links P\u00e1rrafos\">El momento que atraviesa la izquierda m\u00e1s all\u00e1 del PSOE es delicado: tras el batacazo de Sumar en las elecciones europeas, Yolanda D\u00edaz anunci\u00f3 su dimisi\u00f3n como l\u00edder del espacio, que ha quedado en manos de un equipo encargado de pilotar una reconstrucci\u00f3n interna. Por el contrario, Podemos entendi\u00f3 como un \u00e9xito sus resultados el 9-J, pese a no adelantar a Sumar, e Irene Montero ser\u00e1 eurodiputada.<\/p>\n<div class=\"pvc_clear\"><\/div>\n<p id=\"pvc_stats_16056\" class=\"pvc_stats all  \" data-element-id=\"16056\" style=\"\"><i class=\"pvc-stats-icon large\" aria-hidden=\"true\"><svg xmlns=\"http:\/\/www.w3.org\/2000\/svg\" version=\"1.0\" viewBox=\"0 0 502 315\" preserveAspectRatio=\"xMidYMid meet\"><g transform=\"translate(0,332) scale(0.1,-0.1)\" fill=\"\" stroke=\"none\"><path d=\"M2394 3279 l-29 -30 -3 -207 c-2 -182 0 -211 15 -242 39 -76 157 -76 196 0 15 31 17 60 15 243 l-3 209 -33 29 c-26 23 -41 29 -80 29 -41 0 -53 -5 -78 -31z\"\/><path d=\"M3085 3251 c-45 -19 -58 -50 -96 -229 -47 -217 -49 -260 -13 -295 52 -53 146 -42 177 20 16 31 87 366 87 410 0 70 -86 122 -155 94z\"\/><path d=\"M1751 3234 c-13 -9 -29 -31 -37 -50 -12 -29 -10 -49 21 -204 19 -94 39 -189 45 -210 14 -50 54 -80 110 -80 34 0 48 6 76 34 21 21 34 44 34 59 0 14 -18 113 -40 219 -37 178 -43 195 -70 221 -36 32 -101 37 -139 11z\"\/><path d=\"M1163 3073 c-36 -7 -73 -59 -73 -102 0 -56 133 -378 171 -413 34 -32 83 -37 129 -13 70 36 67 87 -16 290 -86 209 -89 214 -129 231 -35 14 -42 15 -82 7z\"\/><path d=\"M3689 3066 c-15 -9 -33 -30 -42 -48 -48 -103 -147 -355 -147 -375 0 -98 131 -148 192 -74 13 15 57 108 97 206 80 196 84 226 37 273 -30 30 -99 39 -137 18z\"\/><path d=\"M583 2784 c-38 -19 -67 -74 -58 -113 9 -42 211 -354 242 -373 16 -10 45 -18 66 -18 51 0 107 52 107 100 0 39 -1 41 -124 234 -80 126 -108 162 -133 173 -41 17 -61 16 -100 -3z\"\/><path d=\"M4250 2784 c-14 -9 -74 -91 -133 -183 -95 -150 -107 -173 -107 -213 0 -55 33 -94 87 -104 67 -13 90 8 211 198 130 202 137 225 78 284 -27 27 -42 34 -72 34 -22 0 -50 -8 -64 -16z\"\/><path d=\"M2275 2693 c-553 -48 -1095 -270 -1585 -649 -135 -104 -459 -423 -483 -476 -23 -49 -22 -139 2 -186 73 -142 361 -457 571 -626 285 -228 642 -407 990 -497 242 -63 336 -73 660 -74 310 0 370 5 595 52 535 111 1045 392 1455 803 122 121 250 273 275 326 19 41 19 137 0 174 -41 79 -309 363 -465 492 -447 370 -946 591 -1479 653 -113 14 -422 18 -536 8z m395 -428 c171 -34 330 -124 456 -258 112 -119 167 -219 211 -378 27 -96 24 -300 -5 -401 -72 -255 -236 -447 -474 -557 -132 -62 -201 -76 -368 -76 -167 0 -236 14 -368 76 -213 98 -373 271 -451 485 -162 444 86 934 547 1084 153 49 292 57 452 25z m909 -232 c222 -123 408 -262 593 -441 76 -74 138 -139 138 -144 0 -16 -233 -242 -330 -319 -155 -123 -309 -223 -461 -299 l-81 -41 32 46 c18 26 49 83 70 128 143 306 141 649 -6 957 -25 52 -61 116 -79 142 l-34 47 45 -20 c26 -10 76 -36 113 -56z m-2057 25 c-40 -58 -105 -190 -130 -263 -110 -324 -59 -707 132 -981 25 -35 42 -64 37 -64 -19 0 -241 119 -326 174 -188 122 -406 314 -532 468 l-58 71 108 103 c185 178 428 349 672 473 66 33 121 60 123 61 2 0 -10 -19 -26 -42z\"\/><path d=\"M2375 1950 c-198 -44 -350 -190 -395 -379 -18 -76 -8 -221 19 -290 114 -284 457 -406 731 -260 98 52 188 154 231 260 27 69 37 214 19 290 -38 163 -166 304 -326 360 -67 23 -215 33 -279 19z\"\/><\/g><\/svg><\/i> <img decoding=\"async\" width=\"16\" height=\"16\" alt=\"Loading\" src=\"https:\/\/esviafm.com\/wp-content\/plugins\/page-views-count\/ajax-loader-2x.gif\" border=0 \/><\/p>\n<div class=\"pvc_clear\"><\/div>\n","protected":false},"excerpt":{"rendered":"<p>Podemos\u00a0e\u00a0IU\u00a0afilan su perfil antimon\u00e1rquico en los d\u00edas previos al\u00a0d\u00e9cimo aniversario\u00a0de la proclamaci\u00f3n de\u00a0Felipe VI. Ambas formaciones se han manifestado este domingo en\u00a0Madrid\u00a0en una marcha republicana en la que han exigido \u00abla abolici\u00f3n de la Corona\u00bb y que el actual rey sea \u00abel \u00faltimo\u00bb en la l\u00ednea sucesoria. Es decir, que la\u00a0Princesa Leonor\u00a0no llegue a ser [&hellip;]<\/p>\n<div class=\"pvc_clear\"><\/div>\n<p id=\"pvc_stats_16056\" class=\"pvc_stats all  \" data-element-id=\"16056\" style=\"\"><i class=\"pvc-stats-icon large\" aria-hidden=\"true\"><svg xmlns=\"http:\/\/www.w3.org\/2000\/svg\" version=\"1.0\" viewBox=\"0 0 502 315\" preserveAspectRatio=\"xMidYMid meet\"><g transform=\"translate(0,332) scale(0.1,-0.1)\" fill=\"\" stroke=\"none\"><path d=\"M2394 3279 l-29 -30 -3 -207 c-2 -182 0 -211 15 -242 39 -76 157 -76 196 0 15 31 17 60 15 243 l-3 209 -33 29 c-26 23 -41 29 -80 29 -41 0 -53 -5 -78 -31z\"\/><path d=\"M3085 3251 c-45 -19 -58 -50 -96 -229 -47 -217 -49 -260 -13 -295 52 -53 146 -42 177 20 16 31 87 366 87 410 0 70 -86 122 -155 94z\"\/><path d=\"M1751 3234 c-13 -9 -29 -31 -37 -50 -12 -29 -10 -49 21 -204 19 -94 39 -189 45 -210 14 -50 54 -80 110 -80 34 0 48 6 76 34 21 21 34 44 34 59 0 14 -18 113 -40 219 -37 178 -43 195 -70 221 -36 32 -101 37 -139 11z\"\/><path d=\"M1163 3073 c-36 -7 -73 -59 -73 -102 0 -56 133 -378 171 -413 34 -32 83 -37 129 -13 70 36 67 87 -16 290 -86 209 -89 214 -129 231 -35 14 -42 15 -82 7z\"\/><path d=\"M3689 3066 c-15 -9 -33 -30 -42 -48 -48 -103 -147 -355 -147 -375 0 -98 131 -148 192 -74 13 15 57 108 97 206 80 196 84 226 37 273 -30 30 -99 39 -137 18z\"\/><path d=\"M583 2784 c-38 -19 -67 -74 -58 -113 9 -42 211 -354 242 -373 16 -10 45 -18 66 -18 51 0 107 52 107 100 0 39 -1 41 -124 234 -80 126 -108 162 -133 173 -41 17 -61 16 -100 -3z\"\/><path d=\"M4250 2784 c-14 -9 -74 -91 -133 -183 -95 -150 -107 -173 -107 -213 0 -55 33 -94 87 -104 67 -13 90 8 211 198 130 202 137 225 78 284 -27 27 -42 34 -72 34 -22 0 -50 -8 -64 -16z\"\/><path d=\"M2275 2693 c-553 -48 -1095 -270 -1585 -649 -135 -104 -459 -423 -483 -476 -23 -49 -22 -139 2 -186 73 -142 361 -457 571 -626 285 -228 642 -407 990 -497 242 -63 336 -73 660 -74 310 0 370 5 595 52 535 111 1045 392 1455 803 122 121 250 273 275 326 19 41 19 137 0 174 -41 79 -309 363 -465 492 -447 370 -946 591 -1479 653 -113 14 -422 18 -536 8z m395 -428 c171 -34 330 -124 456 -258 112 -119 167 -219 211 -378 27 -96 24 -300 -5 -401 -72 -255 -236 -447 -474 -557 -132 -62 -201 -76 -368 -76 -167 0 -236 14 -368 76 -213 98 -373 271 -451 485 -162 444 86 934 547 1084 153 49 292 57 452 25z m909 -232 c222 -123 408 -262 593 -441 76 -74 138 -139 138 -144 0 -16 -233 -242 -330 -319 -155 -123 -309 -223 -461 -299 l-81 -41 32 46 c18 26 49 83 70 128 143 306 141 649 -6 957 -25 52 -61 116 -79 142 l-34 47 45 -20 c26 -10 76 -36 113 -56z m-2057 25 c-40 -58 -105 -190 -130 -263 -110 -324 -59 -707 132 -981 25 -35 42 -64 37 -64 -19 0 -241 119 -326 174 -188 122 -406 314 -532 468 l-58 71 108 103 c185 178 428 349 672 473 66 33 121 60 123 61 2 0 -10 -19 -26 -42z\"\/><path d=\"M2375 1950 c-198 -44 -350 -190 -395 -379 -18 -76 -8 -221 19 -290 114 -284 457 -406 731 -260 98 52 188 154 231 260 27 69 37 214 19 290 -38 163 -166 304 -326 360 -67 23 -215 33 -279 19z\"\/><\/g><\/svg><\/i> <img decoding=\"async\" width=\"16\" height=\"16\" alt=\"Loading\" src=\"https:\/\/esviafm.com\/wp-content\/plugins\/page-views-count\/ajax-loader-2x.gif\" border=0 \/><\/p>\n<div class=\"pvc_clear\"><\/div>\n","protected":false},"author":1,"featured_media":0,"comment_status":"open","ping_status":"open","sticky":false,"template":"","format":"standard","meta":{"_et_pb_use_builder":"","_et_pb_old_content":"","_et_gb_content_width":"","footnotes":""},"categories":[17],"tags":[],"class_list":["post-16056","post","type-post","status-publish","format-standard","hentry","category-internacionales"],"_links":{"self":[{"href":"https:\/\/esviafm.com\/index.php\/wp-json\/wp\/v2\/posts\/16056","targetHints":{"allow":["GET"]}}],"collection":[{"href":"https:\/\/esviafm.com\/index.php\/wp-json\/wp\/v2\/posts"}],"about":[{"href":"https:\/\/esviafm.com\/index.php\/wp-json\/wp\/v2\/types\/post"}],"author":[{"embeddable":true,"href":"https:\/\/esviafm.com\/index.php\/wp-json\/wp\/v2\/users\/1"}],"replies":[{"embeddable":true,"href":"https:\/\/esviafm.com\/index.php\/wp-json\/wp\/v2\/comments?post=16056"}],"version-history":[{"count":1,"href":"https:\/\/esviafm.com\/index.php\/wp-json\/wp\/v2\/posts\/16056\/revisions"}],"predecessor-version":[{"id":16058,"href":"https:\/\/esviafm.com\/index.php\/wp-json\/wp\/v2\/posts\/16056\/revisions\/16058"}],"wp:attachment":[{"href":"https:\/\/esviafm.com\/index.php\/wp-json\/wp\/v2\/media?parent=16056"}],"wp:term":[{"taxonomy":"category","embeddable":true,"href":"https:\/\/esviafm.com\/index.php\/wp-json\/wp\/v2\/categories?post=16056"},{"taxonomy":"post_tag","embeddable":true,"href":"https:\/\/esviafm.com\/index.php\/wp-json\/wp\/v2\/tags?post=16056"}],"curies":[{"name":"wp","href":"https:\/\/api.w.org\/{rel}","templated":true}]}}