{"id":16047,"date":"2024-06-18T06:11:27","date_gmt":"2024-06-18T10:41:27","guid":{"rendered":"https:\/\/esviafm.com\/?p=16047"},"modified":"2024-06-18T06:11:27","modified_gmt":"2024-06-18T10:41:27","slug":"ecuador-sufrira-nuevos-apagones-por-danos-en-planta-hidroelectrica-producto-de-las-lluvias","status":"publish","type":"post","link":"https:\/\/esviafm.com\/index.php\/ecuador-sufrira-nuevos-apagones-por-danos-en-planta-hidroelectrica-producto-de-las-lluvias\/","title":{"rendered":"Ecuador sufrir\u00e1 nuevos apagones por da\u00f1os en planta hidroel\u00e9ctrica producto de las lluvias"},"content":{"rendered":"<p>Quito, 16 jun (EFE).- El Gobierno de Ecuador anunci\u00f3 este domingo la reanudaci\u00f3n de los apagones programados en el pa\u00eds, luego de que saliera de operaci\u00f3n la central hidroel\u00e9ctrica Coca-Codo-Sinclaire, la m\u00e1s importante del pa\u00eds, afectada por los sedimentos que han acarreado las intensas lluvias ca\u00eddas en varias regiones.<\/p>\n<p>Altos vol\u00famenes de sedimentos y escombros desplazados por el aumento de los caudales de los afluentes que nutren dicha planta hidroel\u00e9ctrica han obligado a sacarla de operaci\u00f3n, anunci\u00f3 el ministro de Energ\u00eda, en funciones, Roberto Luque, tras advertir de que ello provocar\u00e1 racionamientos de energ\u00eda en todo el pa\u00eds.<\/p>\n<p>El aumento de los caudales \u201cgeneraron altos sedimentos y consecuentemente se dej\u00f3 fuera de operaci\u00f3n desde las 07:00\u201d hora local, asegur\u00f3 Luque en un mensaje difundido a trav\u00e9s de su cuenta de la red X.<\/p>\n<p>\u201cLos sedimentos siguen a\u00fan altos y aun no se puede reactivar la central (ver imagen) Esto hace que est\u00e9n indisponibles 1.500\u201d megavatios de potencia que genera la planta Coca-Codo-Sinclaire, a\u00f1adi\u00f3 Luque.<\/p>\n<p>El ministro, asimismo, dijo que al central hidroel\u00e9ctrica Agoy\u00e1n, de 360 megavatios de potencia, tambi\u00e9n sali\u00f3 de operaci\u00f3n por la misma causa.<\/p>\n<p>Coca-Codo-Sinclaire est\u00e1 ubicada en la provincia amaz\u00f3nica de Napo, en el noreste de Ecuador, donde se han reportado graves efectos por las fuertes precipitaciones ca\u00eddas en las \u00faltimas horas.<\/p>\n<p>Agoy\u00e1n, por su parte, se localiza en la provincia andina de Tungurahua, en el centro del pa\u00eds, donde se encuentra el volc\u00e1n del mismo nombre, a cuyo pie se asienta la ciudad tur\u00edstica Ba\u00f1os de Agua Santa, en cuyas cercan\u00edas un gran deslizamiento de tierra, causado por los temporales, gener\u00f3 al muerte de al menos seis personas, mientras que otras treinta est\u00e1n desaparecidas.<\/p>\n<p>\u201cEn la Central Agoy\u00e1n los altos caudales generaron inundaci\u00f3n en casa de m\u00e1quinas (\u2026) lo que caus\u00f3 que se tenga que parar emergentemente, lo que implica que el sistema pierda 360\u201d megavatios, a\u00f1adi\u00f3 el ministro Luque.<\/p>\n<p>Record\u00f3 que el sistema Agoy\u00e1n \u201cconecta a la central San Francisco, por lo tanto la misma queda inhabilitada\u201d.<\/p>\n<p>Sumadas todas las centrales hidroel\u00e9ctricas fuera de operaci\u00f3n por efecto de las lluvias, el sistema nacional de generaci\u00f3n de energ\u00eda ha perdido un total de 2.145 megavatios, explic\u00f3.<\/p>\n<p>\u201cEn hora de demanda pico (18:00 a 22:00 hora local) la demanda es del orden de 4.200 megavatios. Se han activado los 400 megavatios que se puede comprar con Colombia y se ha prendido todo el parque t\u00e9rmico\u201d, las plantas que funcionan con el uso de carburantes, a\u00f1adi\u00f3 Luque.<\/p>\n<p>Por ello, indic\u00f3 que se hace \u201cnecesario tener cortes el\u00e9ctricos en el rango de horas de demanda pico, cuya magnitud y tiempos ser\u00e1n definidos por las empresas distribuidoras\u201d de electricidad en cada regi\u00f3n y ciudad, agreg\u00f3.<\/p>\n<p>Luque, que es tambi\u00e9n ministro titular de Transporte y Obras P\u00fablicas, se ha desplazado a la zona de Ba\u00f1os de Agua Santa para atender directamente la emergencia causada por el alud en la zona de R\u00edo Blanco.<\/p>\n<p>Los efectos de los temporales registrados este fin de semana han afectado varias zonas de las provincias andinas de Tungurahua, Chimborazo, Pichincha, Azuay y Ca\u00f1ar, as\u00ed como las amaz\u00f3nica de Napo, Pastaza y Morona Santiago, seg\u00fan reportes del Servicio Integrado de Seguridad ECU-911.<\/p>\n<p>El Gobierno de Ecuador ya realiz\u00f3 racionamientos de energ\u00eda a escala nacional en abril pasado, tras registrarse una merma importante en los caudales del r\u00edo Paute, en el sur andino del pa\u00eds, que alimenta un complejo de tres centrales hidroel\u00e9ctricas con una capacidad de generar, en conjunto, unos 1.757 megavatios de energ\u00eda. EFE<\/p>\n<div class=\"pvc_clear\"><\/div>\n<p id=\"pvc_stats_16047\" class=\"pvc_stats all  \" data-element-id=\"16047\" style=\"\"><i class=\"pvc-stats-icon large\" aria-hidden=\"true\"><svg xmlns=\"http:\/\/www.w3.org\/2000\/svg\" version=\"1.0\" viewBox=\"0 0 502 315\" preserveAspectRatio=\"xMidYMid meet\"><g transform=\"translate(0,332) scale(0.1,-0.1)\" fill=\"\" stroke=\"none\"><path d=\"M2394 3279 l-29 -30 -3 -207 c-2 -182 0 -211 15 -242 39 -76 157 -76 196 0 15 31 17 60 15 243 l-3 209 -33 29 c-26 23 -41 29 -80 29 -41 0 -53 -5 -78 -31z\"\/><path d=\"M3085 3251 c-45 -19 -58 -50 -96 -229 -47 -217 -49 -260 -13 -295 52 -53 146 -42 177 20 16 31 87 366 87 410 0 70 -86 122 -155 94z\"\/><path d=\"M1751 3234 c-13 -9 -29 -31 -37 -50 -12 -29 -10 -49 21 -204 19 -94 39 -189 45 -210 14 -50 54 -80 110 -80 34 0 48 6 76 34 21 21 34 44 34 59 0 14 -18 113 -40 219 -37 178 -43 195 -70 221 -36 32 -101 37 -139 11z\"\/><path d=\"M1163 3073 c-36 -7 -73 -59 -73 -102 0 -56 133 -378 171 -413 34 -32 83 -37 129 -13 70 36 67 87 -16 290 -86 209 -89 214 -129 231 -35 14 -42 15 -82 7z\"\/><path d=\"M3689 3066 c-15 -9 -33 -30 -42 -48 -48 -103 -147 -355 -147 -375 0 -98 131 -148 192 -74 13 15 57 108 97 206 80 196 84 226 37 273 -30 30 -99 39 -137 18z\"\/><path d=\"M583 2784 c-38 -19 -67 -74 -58 -113 9 -42 211 -354 242 -373 16 -10 45 -18 66 -18 51 0 107 52 107 100 0 39 -1 41 -124 234 -80 126 -108 162 -133 173 -41 17 -61 16 -100 -3z\"\/><path d=\"M4250 2784 c-14 -9 -74 -91 -133 -183 -95 -150 -107 -173 -107 -213 0 -55 33 -94 87 -104 67 -13 90 8 211 198 130 202 137 225 78 284 -27 27 -42 34 -72 34 -22 0 -50 -8 -64 -16z\"\/><path d=\"M2275 2693 c-553 -48 -1095 -270 -1585 -649 -135 -104 -459 -423 -483 -476 -23 -49 -22 -139 2 -186 73 -142 361 -457 571 -626 285 -228 642 -407 990 -497 242 -63 336 -73 660 -74 310 0 370 5 595 52 535 111 1045 392 1455 803 122 121 250 273 275 326 19 41 19 137 0 174 -41 79 -309 363 -465 492 -447 370 -946 591 -1479 653 -113 14 -422 18 -536 8z m395 -428 c171 -34 330 -124 456 -258 112 -119 167 -219 211 -378 27 -96 24 -300 -5 -401 -72 -255 -236 -447 -474 -557 -132 -62 -201 -76 -368 -76 -167 0 -236 14 -368 76 -213 98 -373 271 -451 485 -162 444 86 934 547 1084 153 49 292 57 452 25z m909 -232 c222 -123 408 -262 593 -441 76 -74 138 -139 138 -144 0 -16 -233 -242 -330 -319 -155 -123 -309 -223 -461 -299 l-81 -41 32 46 c18 26 49 83 70 128 143 306 141 649 -6 957 -25 52 -61 116 -79 142 l-34 47 45 -20 c26 -10 76 -36 113 -56z m-2057 25 c-40 -58 -105 -190 -130 -263 -110 -324 -59 -707 132 -981 25 -35 42 -64 37 -64 -19 0 -241 119 -326 174 -188 122 -406 314 -532 468 l-58 71 108 103 c185 178 428 349 672 473 66 33 121 60 123 61 2 0 -10 -19 -26 -42z\"\/><path d=\"M2375 1950 c-198 -44 -350 -190 -395 -379 -18 -76 -8 -221 19 -290 114 -284 457 -406 731 -260 98 52 188 154 231 260 27 69 37 214 19 290 -38 163 -166 304 -326 360 -67 23 -215 33 -279 19z\"\/><\/g><\/svg><\/i> <img decoding=\"async\" width=\"16\" height=\"16\" alt=\"Loading\" src=\"https:\/\/esviafm.com\/wp-content\/plugins\/page-views-count\/ajax-loader-2x.gif\" border=0 \/><\/p>\n<div class=\"pvc_clear\"><\/div>\n","protected":false},"excerpt":{"rendered":"<p>Quito, 16 jun (EFE).- El Gobierno de Ecuador anunci\u00f3 este domingo la reanudaci\u00f3n de los apagones programados en el pa\u00eds, luego de que saliera de operaci\u00f3n la central hidroel\u00e9ctrica Coca-Codo-Sinclaire, la m\u00e1s importante del pa\u00eds, afectada por los sedimentos que han acarreado las intensas lluvias ca\u00eddas en varias regiones. Altos vol\u00famenes de sedimentos y escombros [&hellip;]<\/p>\n<div class=\"pvc_clear\"><\/div>\n<p id=\"pvc_stats_16047\" class=\"pvc_stats all  \" data-element-id=\"16047\" style=\"\"><i class=\"pvc-stats-icon large\" aria-hidden=\"true\"><svg xmlns=\"http:\/\/www.w3.org\/2000\/svg\" version=\"1.0\" viewBox=\"0 0 502 315\" preserveAspectRatio=\"xMidYMid meet\"><g transform=\"translate(0,332) scale(0.1,-0.1)\" fill=\"\" stroke=\"none\"><path d=\"M2394 3279 l-29 -30 -3 -207 c-2 -182 0 -211 15 -242 39 -76 157 -76 196 0 15 31 17 60 15 243 l-3 209 -33 29 c-26 23 -41 29 -80 29 -41 0 -53 -5 -78 -31z\"\/><path d=\"M3085 3251 c-45 -19 -58 -50 -96 -229 -47 -217 -49 -260 -13 -295 52 -53 146 -42 177 20 16 31 87 366 87 410 0 70 -86 122 -155 94z\"\/><path d=\"M1751 3234 c-13 -9 -29 -31 -37 -50 -12 -29 -10 -49 21 -204 19 -94 39 -189 45 -210 14 -50 54 -80 110 -80 34 0 48 6 76 34 21 21 34 44 34 59 0 14 -18 113 -40 219 -37 178 -43 195 -70 221 -36 32 -101 37 -139 11z\"\/><path d=\"M1163 3073 c-36 -7 -73 -59 -73 -102 0 -56 133 -378 171 -413 34 -32 83 -37 129 -13 70 36 67 87 -16 290 -86 209 -89 214 -129 231 -35 14 -42 15 -82 7z\"\/><path d=\"M3689 3066 c-15 -9 -33 -30 -42 -48 -48 -103 -147 -355 -147 -375 0 -98 131 -148 192 -74 13 15 57 108 97 206 80 196 84 226 37 273 -30 30 -99 39 -137 18z\"\/><path d=\"M583 2784 c-38 -19 -67 -74 -58 -113 9 -42 211 -354 242 -373 16 -10 45 -18 66 -18 51 0 107 52 107 100 0 39 -1 41 -124 234 -80 126 -108 162 -133 173 -41 17 -61 16 -100 -3z\"\/><path d=\"M4250 2784 c-14 -9 -74 -91 -133 -183 -95 -150 -107 -173 -107 -213 0 -55 33 -94 87 -104 67 -13 90 8 211 198 130 202 137 225 78 284 -27 27 -42 34 -72 34 -22 0 -50 -8 -64 -16z\"\/><path d=\"M2275 2693 c-553 -48 -1095 -270 -1585 -649 -135 -104 -459 -423 -483 -476 -23 -49 -22 -139 2 -186 73 -142 361 -457 571 -626 285 -228 642 -407 990 -497 242 -63 336 -73 660 -74 310 0 370 5 595 52 535 111 1045 392 1455 803 122 121 250 273 275 326 19 41 19 137 0 174 -41 79 -309 363 -465 492 -447 370 -946 591 -1479 653 -113 14 -422 18 -536 8z m395 -428 c171 -34 330 -124 456 -258 112 -119 167 -219 211 -378 27 -96 24 -300 -5 -401 -72 -255 -236 -447 -474 -557 -132 -62 -201 -76 -368 -76 -167 0 -236 14 -368 76 -213 98 -373 271 -451 485 -162 444 86 934 547 1084 153 49 292 57 452 25z m909 -232 c222 -123 408 -262 593 -441 76 -74 138 -139 138 -144 0 -16 -233 -242 -330 -319 -155 -123 -309 -223 -461 -299 l-81 -41 32 46 c18 26 49 83 70 128 143 306 141 649 -6 957 -25 52 -61 116 -79 142 l-34 47 45 -20 c26 -10 76 -36 113 -56z m-2057 25 c-40 -58 -105 -190 -130 -263 -110 -324 -59 -707 132 -981 25 -35 42 -64 37 -64 -19 0 -241 119 -326 174 -188 122 -406 314 -532 468 l-58 71 108 103 c185 178 428 349 672 473 66 33 121 60 123 61 2 0 -10 -19 -26 -42z\"\/><path d=\"M2375 1950 c-198 -44 -350 -190 -395 -379 -18 -76 -8 -221 19 -290 114 -284 457 -406 731 -260 98 52 188 154 231 260 27 69 37 214 19 290 -38 163 -166 304 -326 360 -67 23 -215 33 -279 19z\"\/><\/g><\/svg><\/i> <img decoding=\"async\" width=\"16\" height=\"16\" alt=\"Loading\" src=\"https:\/\/esviafm.com\/wp-content\/plugins\/page-views-count\/ajax-loader-2x.gif\" border=0 \/><\/p>\n<div class=\"pvc_clear\"><\/div>\n","protected":false},"author":1,"featured_media":0,"comment_status":"open","ping_status":"open","sticky":false,"template":"","format":"standard","meta":{"_et_pb_use_builder":"","_et_pb_old_content":"","_et_gb_content_width":"","footnotes":""},"categories":[17],"tags":[],"class_list":["post-16047","post","type-post","status-publish","format-standard","hentry","category-internacionales"],"_links":{"self":[{"href":"https:\/\/esviafm.com\/index.php\/wp-json\/wp\/v2\/posts\/16047","targetHints":{"allow":["GET"]}}],"collection":[{"href":"https:\/\/esviafm.com\/index.php\/wp-json\/wp\/v2\/posts"}],"about":[{"href":"https:\/\/esviafm.com\/index.php\/wp-json\/wp\/v2\/types\/post"}],"author":[{"embeddable":true,"href":"https:\/\/esviafm.com\/index.php\/wp-json\/wp\/v2\/users\/1"}],"replies":[{"embeddable":true,"href":"https:\/\/esviafm.com\/index.php\/wp-json\/wp\/v2\/comments?post=16047"}],"version-history":[{"count":1,"href":"https:\/\/esviafm.com\/index.php\/wp-json\/wp\/v2\/posts\/16047\/revisions"}],"predecessor-version":[{"id":16049,"href":"https:\/\/esviafm.com\/index.php\/wp-json\/wp\/v2\/posts\/16047\/revisions\/16049"}],"wp:attachment":[{"href":"https:\/\/esviafm.com\/index.php\/wp-json\/wp\/v2\/media?parent=16047"}],"wp:term":[{"taxonomy":"category","embeddable":true,"href":"https:\/\/esviafm.com\/index.php\/wp-json\/wp\/v2\/categories?post=16047"},{"taxonomy":"post_tag","embeddable":true,"href":"https:\/\/esviafm.com\/index.php\/wp-json\/wp\/v2\/tags?post=16047"}],"curies":[{"name":"wp","href":"https:\/\/api.w.org\/{rel}","templated":true}]}}