{"id":16041,"date":"2024-06-18T06:07:50","date_gmt":"2024-06-18T10:37:50","guid":{"rendered":"https:\/\/esviafm.com\/?p=16041"},"modified":"2024-06-18T06:07:50","modified_gmt":"2024-06-18T10:37:50","slug":"el-padre-de-la-vicepresidenta-colombiana-francia-marquez-sale-ileso-de-un-atentado","status":"publish","type":"post","link":"https:\/\/esviafm.com\/index.php\/el-padre-de-la-vicepresidenta-colombiana-francia-marquez-sale-ileso-de-un-atentado\/","title":{"rendered":"El padre de la vicepresidenta colombiana, Francia M\u00e1rquez, sale ileso de un atentado"},"content":{"rendered":"<p>El\u00a0<b>padre de la vicepresidenta de Colombia, Francia M\u00e1rquez<\/b>,\u00a0<b>Sigifredo M\u00e1rquez Trujillo<\/b>, sali\u00f3 ileso de un atentado perpetrado este domingo cuando viajaba entre los\u00a0<b>departamentos del Cauca y Valle del Cauca<\/b>, en el suroeste del pa\u00eds, seg\u00fan fuentes oficiales.<\/p>\n<p>El atentado tuvo lugar cuando\u00a0<b>M\u00e1rquez Trujillo<\/b>\u00a0viajaba junto con un\u00a0<b>sobrino\u00a0<\/b>de la vicepresidenta entre las localidades de\u00a0<b>Timba<\/b>, en el convulso\u00a0<b>departamento del Cauca<\/b>, y el\u00a0<b>caser\u00edo Robles<\/b>, una zona rural de Jamund\u00ed (<b>Valle del Cauca<\/b>).<\/p>\n<blockquote><p>\u00abMe duele el coraz\u00f3n, que justo en este d\u00eda, hayan atentado contra mi padre. Informo que mi padre, junto a mi sobrino de 6 a\u00f1os y los dos hombres de protecci\u00f3n, sufrieron un atentado en la\u00a0<b>v\u00eda Su\u00e1rez-Cali<\/b>, a la altura de Timba, afortunadamente salieron ilesos del ataque y se encuentran bien\u00bb, dijo la vicepresidenta en un comunicado en el que hizo referencia al\u00a0<b>D\u00eda del Padre<\/b>, que se celebra hoy en\u00a0<b>Colombia<\/b>.<\/p><\/blockquote>\n<p>Por su parte, el\u00a0<b>Comando de las Fuerzas Militares<\/b>\u00a0dijo que \u00abde acuerdo a las primeras informaciones, el veh\u00edculo en el que se movilizaba (el padre de la funcionaria) por el sector de Timba habr\u00eda sido impactado en cuatro ocasiones por disparos de arma de fuego. Por fortuna sin ninguna consecuencia que lamentar\u00bb.<\/p>\n<p>Mientras tanto, el\u00a0<b>presidente de Colombia, Gustavo Petro<\/b>, expres\u00f3 en su cuenta de X solidaridad con su vicepresidenta y pidi\u00f3 a las autoridades abrir las investigaciones del caso.<\/p>\n<div>\u00abUn abrazo de solidaridad para la vicepresidenta Francia M\u00e1rquez por el atentado contra su padre. Le pido a las autoridades iniciar las investigaciones pertinentes\u00bb, escribi\u00f3 el\u00a0<b>jefe de Estado<\/b>.<\/p>\n<p>La\u00a0<b>Presidencia colombiana\u00a0<\/b>expidi\u00f3 adem\u00e1s un comunicado en el que se\u00f1ala que el padre de la vicepresidenta\u00a0<b>\u00absali\u00f3 ileso de este hecho\u00bb<\/b>\u00a0y fue trasladado en un helic\u00f3ptero de la\u00a0<b>Polic\u00eda Nacional\u00a0<\/b>a<b>\u00a0Cali<\/b>, capital del\u00a0<b>Valle del Cauca<\/b>.<\/p>\n<blockquote><p>\u00abLos atentados contra la poblaci\u00f3n civil son una flagrante violaci\u00f3n de los\u00a0<b>derechos internacionales y los derechos humanos.<\/b>\u00a0Es inaceptable que los grupos armados que operan en la zona sigan usando la violencia desproporcionada y el terror como herramientas de guerra\u00bb, agreg\u00f3 la Presidencia.<\/p><\/blockquote>\n<\/div>\n<div>\n<b>Zona de violencia guerrillera<br \/>\n<\/b><br \/>\nAunque todav\u00eda\u00a0<b>no se sabe qui\u00e9nes son los autores del atentado<\/b>, en la zona donde ocurri\u00f3 el hecho hay fuerte presencia de hombres del\u00a0<b>Estado Mayor Central (EMC)<\/b>, la principal\u00a0<b>disidencia de la antigua guerrilla de las FARC<\/b>, al igual que grupos de narcotraficantes.<\/p>\n<p>Por el atentado a su padre,\u00a0<b>la vicepresidenta tambi\u00e9n expres\u00f3 su preocupaci\u00f3n \u00abpor la seguridad en el Cauca, Valle del Cauca<\/b>, en el municipio de Su\u00e1rez y el corregimiento de La Toma, as\u00ed como por la seguridad\u00bb de su comunidad y su familia.<\/p>\n<p>En ese sentido, le\u00a0<b>pidi\u00f3 a la Fiscal\u00eda \u00ababrir las investigaciones pertinentes para esclarecer estos hechos\u00bb<\/b>, mientras que al Ministerio de Defensa le solicit\u00f3 \u00abtomar las medidas necesarias para fortalecer la presencia de las Fuerzas Militares y de Polic\u00eda, que contribuyan a garantizar la seguridad en el Cauca y Valle del Cauca\u00bb.<\/p>\n<p>Pese a lo ocurrido,\u00a0<b>M\u00e1rquez hizo un llamado a \u00abtoda Colombia<\/b>, a sumar los esfuerzos que sean necesarios para conducir nuestra sociedad a la paz. Si trabajamos en unidad podremos pasar esta p\u00e1gina de dolor y violencia\u00bb.<\/p>\n<p>Los departamentos del\u00a0<b>Cauca y Valle del Cauca<\/b>\u00a0han sido escenario desde hace dos meses de acciones terroristas del EMC contra instalaciones militares y de Polic\u00eda, que han dejado muertos y heridos.<\/p>\n<div><\/div>\n<div><i><b>Fuente: EFE<\/b><\/i><\/div>\n<\/div>\n<div class=\"pvc_clear\"><\/div>\n<p id=\"pvc_stats_16041\" class=\"pvc_stats all  \" data-element-id=\"16041\" style=\"\"><i class=\"pvc-stats-icon large\" aria-hidden=\"true\"><svg xmlns=\"http:\/\/www.w3.org\/2000\/svg\" version=\"1.0\" viewBox=\"0 0 502 315\" preserveAspectRatio=\"xMidYMid meet\"><g transform=\"translate(0,332) scale(0.1,-0.1)\" fill=\"\" stroke=\"none\"><path d=\"M2394 3279 l-29 -30 -3 -207 c-2 -182 0 -211 15 -242 39 -76 157 -76 196 0 15 31 17 60 15 243 l-3 209 -33 29 c-26 23 -41 29 -80 29 -41 0 -53 -5 -78 -31z\"\/><path d=\"M3085 3251 c-45 -19 -58 -50 -96 -229 -47 -217 -49 -260 -13 -295 52 -53 146 -42 177 20 16 31 87 366 87 410 0 70 -86 122 -155 94z\"\/><path d=\"M1751 3234 c-13 -9 -29 -31 -37 -50 -12 -29 -10 -49 21 -204 19 -94 39 -189 45 -210 14 -50 54 -80 110 -80 34 0 48 6 76 34 21 21 34 44 34 59 0 14 -18 113 -40 219 -37 178 -43 195 -70 221 -36 32 -101 37 -139 11z\"\/><path d=\"M1163 3073 c-36 -7 -73 -59 -73 -102 0 -56 133 -378 171 -413 34 -32 83 -37 129 -13 70 36 67 87 -16 290 -86 209 -89 214 -129 231 -35 14 -42 15 -82 7z\"\/><path d=\"M3689 3066 c-15 -9 -33 -30 -42 -48 -48 -103 -147 -355 -147 -375 0 -98 131 -148 192 -74 13 15 57 108 97 206 80 196 84 226 37 273 -30 30 -99 39 -137 18z\"\/><path d=\"M583 2784 c-38 -19 -67 -74 -58 -113 9 -42 211 -354 242 -373 16 -10 45 -18 66 -18 51 0 107 52 107 100 0 39 -1 41 -124 234 -80 126 -108 162 -133 173 -41 17 -61 16 -100 -3z\"\/><path d=\"M4250 2784 c-14 -9 -74 -91 -133 -183 -95 -150 -107 -173 -107 -213 0 -55 33 -94 87 -104 67 -13 90 8 211 198 130 202 137 225 78 284 -27 27 -42 34 -72 34 -22 0 -50 -8 -64 -16z\"\/><path d=\"M2275 2693 c-553 -48 -1095 -270 -1585 -649 -135 -104 -459 -423 -483 -476 -23 -49 -22 -139 2 -186 73 -142 361 -457 571 -626 285 -228 642 -407 990 -497 242 -63 336 -73 660 -74 310 0 370 5 595 52 535 111 1045 392 1455 803 122 121 250 273 275 326 19 41 19 137 0 174 -41 79 -309 363 -465 492 -447 370 -946 591 -1479 653 -113 14 -422 18 -536 8z m395 -428 c171 -34 330 -124 456 -258 112 -119 167 -219 211 -378 27 -96 24 -300 -5 -401 -72 -255 -236 -447 -474 -557 -132 -62 -201 -76 -368 -76 -167 0 -236 14 -368 76 -213 98 -373 271 -451 485 -162 444 86 934 547 1084 153 49 292 57 452 25z m909 -232 c222 -123 408 -262 593 -441 76 -74 138 -139 138 -144 0 -16 -233 -242 -330 -319 -155 -123 -309 -223 -461 -299 l-81 -41 32 46 c18 26 49 83 70 128 143 306 141 649 -6 957 -25 52 -61 116 -79 142 l-34 47 45 -20 c26 -10 76 -36 113 -56z m-2057 25 c-40 -58 -105 -190 -130 -263 -110 -324 -59 -707 132 -981 25 -35 42 -64 37 -64 -19 0 -241 119 -326 174 -188 122 -406 314 -532 468 l-58 71 108 103 c185 178 428 349 672 473 66 33 121 60 123 61 2 0 -10 -19 -26 -42z\"\/><path d=\"M2375 1950 c-198 -44 -350 -190 -395 -379 -18 -76 -8 -221 19 -290 114 -284 457 -406 731 -260 98 52 188 154 231 260 27 69 37 214 19 290 -38 163 -166 304 -326 360 -67 23 -215 33 -279 19z\"\/><\/g><\/svg><\/i> <img decoding=\"async\" width=\"16\" height=\"16\" alt=\"Loading\" src=\"https:\/\/esviafm.com\/wp-content\/plugins\/page-views-count\/ajax-loader-2x.gif\" border=0 \/><\/p>\n<div class=\"pvc_clear\"><\/div>\n","protected":false},"excerpt":{"rendered":"<p>El\u00a0padre de la vicepresidenta de Colombia, Francia M\u00e1rquez,\u00a0Sigifredo M\u00e1rquez Trujillo, sali\u00f3 ileso de un atentado perpetrado este domingo cuando viajaba entre los\u00a0departamentos del Cauca y Valle del Cauca, en el suroeste del pa\u00eds, seg\u00fan fuentes oficiales. El atentado tuvo lugar cuando\u00a0M\u00e1rquez Trujillo\u00a0viajaba junto con un\u00a0sobrino\u00a0de la vicepresidenta entre las localidades de\u00a0Timba, en el convulso\u00a0departamento del [&hellip;]<\/p>\n<div class=\"pvc_clear\"><\/div>\n<p id=\"pvc_stats_16041\" class=\"pvc_stats all  \" data-element-id=\"16041\" style=\"\"><i class=\"pvc-stats-icon large\" aria-hidden=\"true\"><svg xmlns=\"http:\/\/www.w3.org\/2000\/svg\" version=\"1.0\" viewBox=\"0 0 502 315\" preserveAspectRatio=\"xMidYMid meet\"><g transform=\"translate(0,332) scale(0.1,-0.1)\" fill=\"\" stroke=\"none\"><path d=\"M2394 3279 l-29 -30 -3 -207 c-2 -182 0 -211 15 -242 39 -76 157 -76 196 0 15 31 17 60 15 243 l-3 209 -33 29 c-26 23 -41 29 -80 29 -41 0 -53 -5 -78 -31z\"\/><path d=\"M3085 3251 c-45 -19 -58 -50 -96 -229 -47 -217 -49 -260 -13 -295 52 -53 146 -42 177 20 16 31 87 366 87 410 0 70 -86 122 -155 94z\"\/><path d=\"M1751 3234 c-13 -9 -29 -31 -37 -50 -12 -29 -10 -49 21 -204 19 -94 39 -189 45 -210 14 -50 54 -80 110 -80 34 0 48 6 76 34 21 21 34 44 34 59 0 14 -18 113 -40 219 -37 178 -43 195 -70 221 -36 32 -101 37 -139 11z\"\/><path d=\"M1163 3073 c-36 -7 -73 -59 -73 -102 0 -56 133 -378 171 -413 34 -32 83 -37 129 -13 70 36 67 87 -16 290 -86 209 -89 214 -129 231 -35 14 -42 15 -82 7z\"\/><path d=\"M3689 3066 c-15 -9 -33 -30 -42 -48 -48 -103 -147 -355 -147 -375 0 -98 131 -148 192 -74 13 15 57 108 97 206 80 196 84 226 37 273 -30 30 -99 39 -137 18z\"\/><path d=\"M583 2784 c-38 -19 -67 -74 -58 -113 9 -42 211 -354 242 -373 16 -10 45 -18 66 -18 51 0 107 52 107 100 0 39 -1 41 -124 234 -80 126 -108 162 -133 173 -41 17 -61 16 -100 -3z\"\/><path d=\"M4250 2784 c-14 -9 -74 -91 -133 -183 -95 -150 -107 -173 -107 -213 0 -55 33 -94 87 -104 67 -13 90 8 211 198 130 202 137 225 78 284 -27 27 -42 34 -72 34 -22 0 -50 -8 -64 -16z\"\/><path d=\"M2275 2693 c-553 -48 -1095 -270 -1585 -649 -135 -104 -459 -423 -483 -476 -23 -49 -22 -139 2 -186 73 -142 361 -457 571 -626 285 -228 642 -407 990 -497 242 -63 336 -73 660 -74 310 0 370 5 595 52 535 111 1045 392 1455 803 122 121 250 273 275 326 19 41 19 137 0 174 -41 79 -309 363 -465 492 -447 370 -946 591 -1479 653 -113 14 -422 18 -536 8z m395 -428 c171 -34 330 -124 456 -258 112 -119 167 -219 211 -378 27 -96 24 -300 -5 -401 -72 -255 -236 -447 -474 -557 -132 -62 -201 -76 -368 -76 -167 0 -236 14 -368 76 -213 98 -373 271 -451 485 -162 444 86 934 547 1084 153 49 292 57 452 25z m909 -232 c222 -123 408 -262 593 -441 76 -74 138 -139 138 -144 0 -16 -233 -242 -330 -319 -155 -123 -309 -223 -461 -299 l-81 -41 32 46 c18 26 49 83 70 128 143 306 141 649 -6 957 -25 52 -61 116 -79 142 l-34 47 45 -20 c26 -10 76 -36 113 -56z m-2057 25 c-40 -58 -105 -190 -130 -263 -110 -324 -59 -707 132 -981 25 -35 42 -64 37 -64 -19 0 -241 119 -326 174 -188 122 -406 314 -532 468 l-58 71 108 103 c185 178 428 349 672 473 66 33 121 60 123 61 2 0 -10 -19 -26 -42z\"\/><path d=\"M2375 1950 c-198 -44 -350 -190 -395 -379 -18 -76 -8 -221 19 -290 114 -284 457 -406 731 -260 98 52 188 154 231 260 27 69 37 214 19 290 -38 163 -166 304 -326 360 -67 23 -215 33 -279 19z\"\/><\/g><\/svg><\/i> <img decoding=\"async\" width=\"16\" height=\"16\" alt=\"Loading\" src=\"https:\/\/esviafm.com\/wp-content\/plugins\/page-views-count\/ajax-loader-2x.gif\" border=0 \/><\/p>\n<div class=\"pvc_clear\"><\/div>\n","protected":false},"author":1,"featured_media":0,"comment_status":"open","ping_status":"open","sticky":false,"template":"","format":"standard","meta":{"_et_pb_use_builder":"","_et_pb_old_content":"","_et_gb_content_width":"","footnotes":""},"categories":[17],"tags":[],"class_list":["post-16041","post","type-post","status-publish","format-standard","hentry","category-internacionales"],"_links":{"self":[{"href":"https:\/\/esviafm.com\/index.php\/wp-json\/wp\/v2\/posts\/16041","targetHints":{"allow":["GET"]}}],"collection":[{"href":"https:\/\/esviafm.com\/index.php\/wp-json\/wp\/v2\/posts"}],"about":[{"href":"https:\/\/esviafm.com\/index.php\/wp-json\/wp\/v2\/types\/post"}],"author":[{"embeddable":true,"href":"https:\/\/esviafm.com\/index.php\/wp-json\/wp\/v2\/users\/1"}],"replies":[{"embeddable":true,"href":"https:\/\/esviafm.com\/index.php\/wp-json\/wp\/v2\/comments?post=16041"}],"version-history":[{"count":1,"href":"https:\/\/esviafm.com\/index.php\/wp-json\/wp\/v2\/posts\/16041\/revisions"}],"predecessor-version":[{"id":16043,"href":"https:\/\/esviafm.com\/index.php\/wp-json\/wp\/v2\/posts\/16041\/revisions\/16043"}],"wp:attachment":[{"href":"https:\/\/esviafm.com\/index.php\/wp-json\/wp\/v2\/media?parent=16041"}],"wp:term":[{"taxonomy":"category","embeddable":true,"href":"https:\/\/esviafm.com\/index.php\/wp-json\/wp\/v2\/categories?post=16041"},{"taxonomy":"post_tag","embeddable":true,"href":"https:\/\/esviafm.com\/index.php\/wp-json\/wp\/v2\/tags?post=16041"}],"curies":[{"name":"wp","href":"https:\/\/api.w.org\/{rel}","templated":true}]}}