{"id":15760,"date":"2024-06-12T10:36:04","date_gmt":"2024-06-12T15:06:04","guid":{"rendered":"https:\/\/esviafm.com\/?p=15760"},"modified":"2024-06-12T10:36:04","modified_gmt":"2024-06-12T15:06:04","slug":"onu-proclama-el-2025-como-ano-internacional-de-la-ciencia-y-la-tecnologia-cuantica","status":"publish","type":"post","link":"https:\/\/esviafm.com\/index.php\/onu-proclama-el-2025-como-ano-internacional-de-la-ciencia-y-la-tecnologia-cuantica\/","title":{"rendered":"ONU proclama el 2025 como A\u00f1o Internacional de la Ciencia y la Tecnolog\u00eda Cu\u00e1ntica"},"content":{"rendered":"<p>La\u00a0<strong>Organizaci\u00f3n de Naciones Unidas<\/strong>\u00a0(ONU) el pasado 7 de junio de 2024,\u00a0 proclam\u00f3 el venidero 2025, como el A\u00f1o Internacional de Ciencia y Tecnolog\u00eda Cu\u00e1ntica. De acuerdo al anuncio, esta iniciativa mundial tendr\u00e1 un a\u00f1o de duraci\u00f3n donde expertos observan ideas en todos los niveles destinadas a aumentar la conciencia p\u00fablica sobre la importancia de la mencionada disciplina cient\u00edfica y sus aplicaciones.<\/p>\n<p>El objetivo del A\u00f1o Internacional de la Ciencia y la\u00a0<strong>Tecnolog\u00eda Cu\u00e1ntica<\/strong>, es fortalecer las capacidades de cada naci\u00f3n en las ciencias b\u00e1sicas y la educaci\u00f3n cient\u00edfica. Este proyecto destaca la contribuci\u00f3n de la ciencia cu\u00e1ntica al conocimiento de cada individuo y la comprensi\u00f3n del universo f\u00edsico, as\u00ed como el desarrollo de soluciones sostenibles en energ\u00eda, educaci\u00f3n, comunicaciones y la salud humana.<\/p>\n<div class=\"td-a-ad id_inline_ad0 id_ad_content-horiz-right\"><span class=\"td-adspot-title\">&#8211; Publicidad &#8211;<\/span><\/div>\n<p>Se persigue con esta\u00a0 declaraci\u00f3n\u00a0 realizada por la\u00a0<strong>ONU<\/strong>, reconocer la importancia de la ciencia cu\u00e1ntica y de la necesidad de saber cu\u00e1l es su impacto en el desarrollo de proyectos\u00a0 pasados y futuros a nivel global. Para ello, decenas de sociedades cient\u00edficas se reunieron para apoyar la conmemoraci\u00f3n de los 100 a\u00f1os de la mec\u00e1nica cu\u00e1ntica con un a\u00f1o internacional (2025), que se dio gracias a los respaldos de organismos internacionales como Uni\u00f3n Internacional de F\u00edsica Pura y Aplicada (IUPAP), la Uni\u00f3n Internacional de Qu\u00edmica Pura y Aplicada (IUPAC), la Uni\u00f3n Internacional de Cristalograf\u00eda (IUCr) y la Uni\u00f3n Internacional de Historia y Filosof\u00eda de la Ciencia y la Tecnolog\u00eda (IUHPST).<\/p>\n<div class=\"google-auto-placed ap_container\"><ins class=\"adsbygoogle adsbygoogle-noablate\" data-ad-format=\"auto\" data-ad-client=\"ca-pub-1335675150850756\" data-adsbygoogle-status=\"done\" data-ad-status=\"unfilled\"><\/p>\n<div id=\"aswift_4_host\"><\/div>\n<p><\/ins><\/div>\n<p>Es importante mencionar que, esta iniciativa fue liderada por M\u00e9xico, en mayo de 2023, siendo\u00a0 el<strong>\u00a0Consejo Ejecutivo de la Organizaci\u00f3n de las Naciones Unidas<\/strong>\u00a0para la Educaci\u00f3n, la Ciencia y la Cultura (UNESCO) quien respald\u00f3 una resoluci\u00f3n que apoyaba la proclamaci\u00f3n oficial de la ONU, seguida por el respaldo de la Conferencia General de la\u00a0<strong>UNESCO\u00a0<\/strong>en Noviembre de 2023, que fue co-patrocinada por casi 60 pa\u00edses. Para mayo de 2024, la naci\u00f3n de Ghana present\u00f3 formalmente el proyecto de resoluci\u00f3n para la proclamaci\u00f3n oficial del A\u00f1o Internacional ante la Asamblea General de la ONU que obtuvo el co-patrocinio de seis pa\u00edses antes de su aprobaci\u00f3n. El 7 de junio de 2024, la Asamblea General de la ONU declar\u00f3 oficialmente el 2025 como el A\u00f1o Internacional de la Ciencia y la Tecnolog\u00eda Cu\u00e1nticas.<\/p>\n<p>Con miras futuristas, la ciencia y la tecnolog\u00eda cu\u00e1ntica ser\u00e1n un campo cient\u00edfico clave y transversal del siglo XXI, con un significativo impacto en los desaf\u00edos sociales cr\u00edticos destacados por los Objetivos de Desarrollo Sostenible de la ONU para 2030, incluyendo el clima, la energ\u00eda, la seguridad alimentaria y el agua limpia. Este A\u00f1o Internacional es una oportunidad para que los j\u00f3venes y las personas curiosas de cualquier edad aprendan m\u00e1s sobre todas las formas en que la ciencia cu\u00e1ntica sustenta el mundo f\u00edsico que nos rodea, impulsa la innovaci\u00f3n tecnol\u00f3gica, afecta las pol\u00edticas gubernamentales, impacta la econom\u00eda global e influye en el arte y la cultura.<\/p>\n<div class=\"widget_text td_block_template_1 awac-wrapper\">\n<div class=\"widget_text td_block_template_1 awac widget custom_html-13\">\n<div class=\"textwidget custom-html-widget\"><\/div>\n<\/div>\n<\/div>\n<div class=\"td_block_template_1 awac-wrapper\">\n<div class=\"td_block_template_1 awac widget text-32\">\n<div class=\"textwidget\">FUENTE: EL IMPULSO<\/div>\n<\/div>\n<\/div>\n<div class=\"pvc_clear\"><\/div>\n<p id=\"pvc_stats_15760\" class=\"pvc_stats all  \" data-element-id=\"15760\" style=\"\"><i class=\"pvc-stats-icon large\" aria-hidden=\"true\"><svg xmlns=\"http:\/\/www.w3.org\/2000\/svg\" version=\"1.0\" viewBox=\"0 0 502 315\" preserveAspectRatio=\"xMidYMid meet\"><g transform=\"translate(0,332) scale(0.1,-0.1)\" fill=\"\" stroke=\"none\"><path d=\"M2394 3279 l-29 -30 -3 -207 c-2 -182 0 -211 15 -242 39 -76 157 -76 196 0 15 31 17 60 15 243 l-3 209 -33 29 c-26 23 -41 29 -80 29 -41 0 -53 -5 -78 -31z\"\/><path d=\"M3085 3251 c-45 -19 -58 -50 -96 -229 -47 -217 -49 -260 -13 -295 52 -53 146 -42 177 20 16 31 87 366 87 410 0 70 -86 122 -155 94z\"\/><path d=\"M1751 3234 c-13 -9 -29 -31 -37 -50 -12 -29 -10 -49 21 -204 19 -94 39 -189 45 -210 14 -50 54 -80 110 -80 34 0 48 6 76 34 21 21 34 44 34 59 0 14 -18 113 -40 219 -37 178 -43 195 -70 221 -36 32 -101 37 -139 11z\"\/><path d=\"M1163 3073 c-36 -7 -73 -59 -73 -102 0 -56 133 -378 171 -413 34 -32 83 -37 129 -13 70 36 67 87 -16 290 -86 209 -89 214 -129 231 -35 14 -42 15 -82 7z\"\/><path d=\"M3689 3066 c-15 -9 -33 -30 -42 -48 -48 -103 -147 -355 -147 -375 0 -98 131 -148 192 -74 13 15 57 108 97 206 80 196 84 226 37 273 -30 30 -99 39 -137 18z\"\/><path d=\"M583 2784 c-38 -19 -67 -74 -58 -113 9 -42 211 -354 242 -373 16 -10 45 -18 66 -18 51 0 107 52 107 100 0 39 -1 41 -124 234 -80 126 -108 162 -133 173 -41 17 -61 16 -100 -3z\"\/><path d=\"M4250 2784 c-14 -9 -74 -91 -133 -183 -95 -150 -107 -173 -107 -213 0 -55 33 -94 87 -104 67 -13 90 8 211 198 130 202 137 225 78 284 -27 27 -42 34 -72 34 -22 0 -50 -8 -64 -16z\"\/><path d=\"M2275 2693 c-553 -48 -1095 -270 -1585 -649 -135 -104 -459 -423 -483 -476 -23 -49 -22 -139 2 -186 73 -142 361 -457 571 -626 285 -228 642 -407 990 -497 242 -63 336 -73 660 -74 310 0 370 5 595 52 535 111 1045 392 1455 803 122 121 250 273 275 326 19 41 19 137 0 174 -41 79 -309 363 -465 492 -447 370 -946 591 -1479 653 -113 14 -422 18 -536 8z m395 -428 c171 -34 330 -124 456 -258 112 -119 167 -219 211 -378 27 -96 24 -300 -5 -401 -72 -255 -236 -447 -474 -557 -132 -62 -201 -76 -368 -76 -167 0 -236 14 -368 76 -213 98 -373 271 -451 485 -162 444 86 934 547 1084 153 49 292 57 452 25z m909 -232 c222 -123 408 -262 593 -441 76 -74 138 -139 138 -144 0 -16 -233 -242 -330 -319 -155 -123 -309 -223 -461 -299 l-81 -41 32 46 c18 26 49 83 70 128 143 306 141 649 -6 957 -25 52 -61 116 -79 142 l-34 47 45 -20 c26 -10 76 -36 113 -56z m-2057 25 c-40 -58 -105 -190 -130 -263 -110 -324 -59 -707 132 -981 25 -35 42 -64 37 -64 -19 0 -241 119 -326 174 -188 122 -406 314 -532 468 l-58 71 108 103 c185 178 428 349 672 473 66 33 121 60 123 61 2 0 -10 -19 -26 -42z\"\/><path d=\"M2375 1950 c-198 -44 -350 -190 -395 -379 -18 -76 -8 -221 19 -290 114 -284 457 -406 731 -260 98 52 188 154 231 260 27 69 37 214 19 290 -38 163 -166 304 -326 360 -67 23 -215 33 -279 19z\"\/><\/g><\/svg><\/i> <img decoding=\"async\" width=\"16\" height=\"16\" alt=\"Loading\" src=\"https:\/\/esviafm.com\/wp-content\/plugins\/page-views-count\/ajax-loader-2x.gif\" border=0 \/><\/p>\n<div class=\"pvc_clear\"><\/div>\n","protected":false},"excerpt":{"rendered":"<p>La\u00a0Organizaci\u00f3n de Naciones Unidas\u00a0(ONU) el pasado 7 de junio de 2024,\u00a0 proclam\u00f3 el venidero 2025, como el A\u00f1o Internacional de Ciencia y Tecnolog\u00eda Cu\u00e1ntica. De acuerdo al anuncio, esta iniciativa mundial tendr\u00e1 un a\u00f1o de duraci\u00f3n donde expertos observan ideas en todos los niveles destinadas a aumentar la conciencia p\u00fablica sobre la importancia de la [&hellip;]<\/p>\n<div class=\"pvc_clear\"><\/div>\n<p id=\"pvc_stats_15760\" class=\"pvc_stats all  \" data-element-id=\"15760\" style=\"\"><i class=\"pvc-stats-icon large\" aria-hidden=\"true\"><svg xmlns=\"http:\/\/www.w3.org\/2000\/svg\" version=\"1.0\" viewBox=\"0 0 502 315\" preserveAspectRatio=\"xMidYMid meet\"><g transform=\"translate(0,332) scale(0.1,-0.1)\" fill=\"\" stroke=\"none\"><path d=\"M2394 3279 l-29 -30 -3 -207 c-2 -182 0 -211 15 -242 39 -76 157 -76 196 0 15 31 17 60 15 243 l-3 209 -33 29 c-26 23 -41 29 -80 29 -41 0 -53 -5 -78 -31z\"\/><path d=\"M3085 3251 c-45 -19 -58 -50 -96 -229 -47 -217 -49 -260 -13 -295 52 -53 146 -42 177 20 16 31 87 366 87 410 0 70 -86 122 -155 94z\"\/><path d=\"M1751 3234 c-13 -9 -29 -31 -37 -50 -12 -29 -10 -49 21 -204 19 -94 39 -189 45 -210 14 -50 54 -80 110 -80 34 0 48 6 76 34 21 21 34 44 34 59 0 14 -18 113 -40 219 -37 178 -43 195 -70 221 -36 32 -101 37 -139 11z\"\/><path d=\"M1163 3073 c-36 -7 -73 -59 -73 -102 0 -56 133 -378 171 -413 34 -32 83 -37 129 -13 70 36 67 87 -16 290 -86 209 -89 214 -129 231 -35 14 -42 15 -82 7z\"\/><path d=\"M3689 3066 c-15 -9 -33 -30 -42 -48 -48 -103 -147 -355 -147 -375 0 -98 131 -148 192 -74 13 15 57 108 97 206 80 196 84 226 37 273 -30 30 -99 39 -137 18z\"\/><path d=\"M583 2784 c-38 -19 -67 -74 -58 -113 9 -42 211 -354 242 -373 16 -10 45 -18 66 -18 51 0 107 52 107 100 0 39 -1 41 -124 234 -80 126 -108 162 -133 173 -41 17 -61 16 -100 -3z\"\/><path d=\"M4250 2784 c-14 -9 -74 -91 -133 -183 -95 -150 -107 -173 -107 -213 0 -55 33 -94 87 -104 67 -13 90 8 211 198 130 202 137 225 78 284 -27 27 -42 34 -72 34 -22 0 -50 -8 -64 -16z\"\/><path d=\"M2275 2693 c-553 -48 -1095 -270 -1585 -649 -135 -104 -459 -423 -483 -476 -23 -49 -22 -139 2 -186 73 -142 361 -457 571 -626 285 -228 642 -407 990 -497 242 -63 336 -73 660 -74 310 0 370 5 595 52 535 111 1045 392 1455 803 122 121 250 273 275 326 19 41 19 137 0 174 -41 79 -309 363 -465 492 -447 370 -946 591 -1479 653 -113 14 -422 18 -536 8z m395 -428 c171 -34 330 -124 456 -258 112 -119 167 -219 211 -378 27 -96 24 -300 -5 -401 -72 -255 -236 -447 -474 -557 -132 -62 -201 -76 -368 -76 -167 0 -236 14 -368 76 -213 98 -373 271 -451 485 -162 444 86 934 547 1084 153 49 292 57 452 25z m909 -232 c222 -123 408 -262 593 -441 76 -74 138 -139 138 -144 0 -16 -233 -242 -330 -319 -155 -123 -309 -223 -461 -299 l-81 -41 32 46 c18 26 49 83 70 128 143 306 141 649 -6 957 -25 52 -61 116 -79 142 l-34 47 45 -20 c26 -10 76 -36 113 -56z m-2057 25 c-40 -58 -105 -190 -130 -263 -110 -324 -59 -707 132 -981 25 -35 42 -64 37 -64 -19 0 -241 119 -326 174 -188 122 -406 314 -532 468 l-58 71 108 103 c185 178 428 349 672 473 66 33 121 60 123 61 2 0 -10 -19 -26 -42z\"\/><path d=\"M2375 1950 c-198 -44 -350 -190 -395 -379 -18 -76 -8 -221 19 -290 114 -284 457 -406 731 -260 98 52 188 154 231 260 27 69 37 214 19 290 -38 163 -166 304 -326 360 -67 23 -215 33 -279 19z\"\/><\/g><\/svg><\/i> <img decoding=\"async\" width=\"16\" height=\"16\" alt=\"Loading\" src=\"https:\/\/esviafm.com\/wp-content\/plugins\/page-views-count\/ajax-loader-2x.gif\" border=0 \/><\/p>\n<div class=\"pvc_clear\"><\/div>\n","protected":false},"author":1,"featured_media":0,"comment_status":"open","ping_status":"open","sticky":false,"template":"","format":"standard","meta":{"_et_pb_use_builder":"","_et_pb_old_content":"","_et_gb_content_width":"","footnotes":""},"categories":[17],"tags":[],"class_list":["post-15760","post","type-post","status-publish","format-standard","hentry","category-internacionales"],"_links":{"self":[{"href":"https:\/\/esviafm.com\/index.php\/wp-json\/wp\/v2\/posts\/15760","targetHints":{"allow":["GET"]}}],"collection":[{"href":"https:\/\/esviafm.com\/index.php\/wp-json\/wp\/v2\/posts"}],"about":[{"href":"https:\/\/esviafm.com\/index.php\/wp-json\/wp\/v2\/types\/post"}],"author":[{"embeddable":true,"href":"https:\/\/esviafm.com\/index.php\/wp-json\/wp\/v2\/users\/1"}],"replies":[{"embeddable":true,"href":"https:\/\/esviafm.com\/index.php\/wp-json\/wp\/v2\/comments?post=15760"}],"version-history":[{"count":1,"href":"https:\/\/esviafm.com\/index.php\/wp-json\/wp\/v2\/posts\/15760\/revisions"}],"predecessor-version":[{"id":15762,"href":"https:\/\/esviafm.com\/index.php\/wp-json\/wp\/v2\/posts\/15760\/revisions\/15762"}],"wp:attachment":[{"href":"https:\/\/esviafm.com\/index.php\/wp-json\/wp\/v2\/media?parent=15760"}],"wp:term":[{"taxonomy":"category","embeddable":true,"href":"https:\/\/esviafm.com\/index.php\/wp-json\/wp\/v2\/categories?post=15760"},{"taxonomy":"post_tag","embeddable":true,"href":"https:\/\/esviafm.com\/index.php\/wp-json\/wp\/v2\/tags?post=15760"}],"curies":[{"name":"wp","href":"https:\/\/api.w.org\/{rel}","templated":true}]}}