{"id":15674,"date":"2024-06-11T07:01:40","date_gmt":"2024-06-11T11:31:40","guid":{"rendered":"https:\/\/esviafm.com\/?p=15674"},"modified":"2024-06-11T07:05:07","modified_gmt":"2024-06-11T11:35:07","slug":"el-papa-ensalza-el-valor-universal-de-roma-y-anima-a-acoger-a-los-debiles-en-el-jubileo","status":"publish","type":"post","link":"https:\/\/esviafm.com\/index.php\/el-papa-ensalza-el-valor-universal-de-roma-y-anima-a-acoger-a-los-debiles-en-el-jubileo\/","title":{"rendered":"El papa ensalza el \u201cvalor universal\u201d de Roma y anima a acoger a los d\u00e9biles en el Jubileo"},"content":{"rendered":"<p>El papa Francisco visit\u00f3 este lunes la sede del Ayuntamiento de Roma, el Palacio del Campidoglio, y celebr\u00f3 la milenaria historia de la ciudad, ensalzando su \u201crostro acogedor\u201d con turistas, peregrinos y migrantes antes del Jubileo del 2025.<\/p>\n<p>\u201cEs un evento de car\u00e1cter religioso, una peregrinaci\u00f3n orante y penitente para obtener de la misericordia divina una m\u00e1s completa reconciliaci\u00f3n con el Se\u00f1or. Pero eso no puede no implicar a la ciudad en la atenci\u00f3n y las obras necesarias para acoger a los muchos peregrinos que la visitar\u00e1n\u201d, dijo el pont\u00edfice ante los trabajadores municipales y el alcalde, Roberto Gualtieri.<\/p>\n<p>El papa asegur\u00f3 que el A\u00f1o Santo, por el que gran parte de la ciudad est\u00e1 actualmente en obras y cuando se espera la llegada de unos 30 millones de fieles, \u201cpodr\u00e1 tambi\u00e9n tener un efecto positivo en el rostro de la ciudad, mejorando su aspecto y haciendo m\u00e1s eficientes sus servicios p\u00fablicos\u201d.<\/p>\n<p>\u201cEsto es muy importante. A m\u00ed me gusta ir a las parroquias de la periferia. Yo vivo en el centro (Vaticano), y eso es muy f\u00e1cil, pero hay que ir a la periferia\u201d, apunt\u00f3, en tono ir\u00f3nico.<\/p>\n<p>Por eso, agradeci\u00f3 a las autoridades los programas de mejora urbana que se est\u00e1n llevando a cabo en los \u00faltimos meses (se han invertido unos 3.000 millones de euros en obras en el centro y la periferia de la capital).<\/p>\n<p>El pont\u00edfice lleg\u00f3 al hist\u00f3rico palacio del Campidoglio para una visita de dos horas y en primer lugar se asom\u00f3 a los imponentes Foros Romanos, con vista al Palatino y al Arco de Septimio Severo.<\/p>\n<p>El papa fue acogido despu\u00e9s con un largo aplauso en la sala Julio C\u00e9sar del Consistorio, en su asamblea, y en su discurso ensalz\u00f3 la vocaci\u00f3n \u201cuniversal\u201d de Roma, fundada hace casi tres milenios.<\/p>\n<p>\u201cRoma antigua, a causa del desarrollo jur\u00eddico, de su capacidad organizativa y de la construcci\u00f3n a lo largo de los siglos de instituciones s\u00f3lidas y duraderas se convirti\u00f3 en un faro para muchos pueblos que buscaban estabilidad y seguridad\u201d, elogi\u00f3.<\/p>\n<p>\u201cEse proceso le permiti\u00f3 ser un centro irradiante de civilizaci\u00f3n y acoger a personas procedentes de cada parte del mundo, integr\u00e1ndolas en su vida civil y social, hasta permitir a unos pocos de ellos asumir los m\u00e1s altos cargos del Estado\u201d, agreg\u00f3.<\/p>\n<p>Roma con el tiempo pas\u00f3 de ser la \u201cciudad de los C\u00e9sares\u201d, del imperio alrededor del Medit\u00e9rraneo, a ser la ciudad \u201cde los papas\u201d tras su cristianizaci\u00f3n: \u201cMuchas cosas cambiaron pero la vocaci\u00f3n universal de Roma fue confirmada y exaltada\u201d, dijo.<\/p>\n<p>Tal es as\u00ed que aquel \u201cimperio\u201d creci\u00f3 con la evangelizaci\u00f3n de gran parte del mundo: \u201cLa misi\u00f3n de la Iglesia no tiene fronteras en esta tierra, porque debe hacer conocer a Cristo a todos los pueblos, su acci\u00f3n y sus palabras de salvaci\u00f3n\u201d, defendi\u00f3.<\/p>\n<p>Francisco subray\u00f3 que este \u201cesp\u00edritu universal\u201d de Roma \u201cdebe estar al servicio de la caridad, al servicio de la acogida y de la hospitalidad\u201d.<\/p>\n<p>\u201cQue los peregrinos, turistas y migrantes, quienes se hallen en grave dificultad, los m\u00e1s pobres, las personas solas, los enfermos, encarcelados, los excluidos sean los m\u00e1s fidedignos testigos de este esp\u00edritu\u201d, augur\u00f3 el pont\u00edfice.<\/p>\n<p>Y a\u00f1adi\u00f3: \u201cQue puedan atestiguar que la autoridad es tal cuando se pone al servicio de todos, cuando usa su leg\u00edtimo poder para atender las exigencias de la ciudadan\u00eda y, en modo particular, de los m\u00e1s d\u00e9biles y de los \u00faltimos\u201d.<\/p>\n<p>Por \u00faltimo, el papa reivindic\u00f3 la necesidad de que \u201crenazca en todos la conciencia del valor de Roma\u201d, una ciudad cuyo origen, record\u00f3, se encuentra \u201centre las ruinas de Troya\u201d.<\/p>\n<p>Francisco antes hab\u00eda firmado en el Libro de Honor del ayuntamiento y tras su discurso se asom\u00f3 a su balc\u00f3n central, que se asoma a la monumental plaza del Campidoglio, proyectada por Miguel \u00c1ngel, para saludar a las personas congregadas y pedirles que rezaran por \u00e9l \u201ca favor\u201d.<\/p>\n<p>FUENTE: EL UNIVERSAL<\/p>\n<div class=\"pvc_clear\"><\/div>\n<p id=\"pvc_stats_15674\" class=\"pvc_stats all  \" data-element-id=\"15674\" style=\"\"><i class=\"pvc-stats-icon large\" aria-hidden=\"true\"><svg xmlns=\"http:\/\/www.w3.org\/2000\/svg\" version=\"1.0\" viewBox=\"0 0 502 315\" preserveAspectRatio=\"xMidYMid meet\"><g transform=\"translate(0,332) scale(0.1,-0.1)\" fill=\"\" stroke=\"none\"><path d=\"M2394 3279 l-29 -30 -3 -207 c-2 -182 0 -211 15 -242 39 -76 157 -76 196 0 15 31 17 60 15 243 l-3 209 -33 29 c-26 23 -41 29 -80 29 -41 0 -53 -5 -78 -31z\"\/><path d=\"M3085 3251 c-45 -19 -58 -50 -96 -229 -47 -217 -49 -260 -13 -295 52 -53 146 -42 177 20 16 31 87 366 87 410 0 70 -86 122 -155 94z\"\/><path d=\"M1751 3234 c-13 -9 -29 -31 -37 -50 -12 -29 -10 -49 21 -204 19 -94 39 -189 45 -210 14 -50 54 -80 110 -80 34 0 48 6 76 34 21 21 34 44 34 59 0 14 -18 113 -40 219 -37 178 -43 195 -70 221 -36 32 -101 37 -139 11z\"\/><path d=\"M1163 3073 c-36 -7 -73 -59 -73 -102 0 -56 133 -378 171 -413 34 -32 83 -37 129 -13 70 36 67 87 -16 290 -86 209 -89 214 -129 231 -35 14 -42 15 -82 7z\"\/><path d=\"M3689 3066 c-15 -9 -33 -30 -42 -48 -48 -103 -147 -355 -147 -375 0 -98 131 -148 192 -74 13 15 57 108 97 206 80 196 84 226 37 273 -30 30 -99 39 -137 18z\"\/><path d=\"M583 2784 c-38 -19 -67 -74 -58 -113 9 -42 211 -354 242 -373 16 -10 45 -18 66 -18 51 0 107 52 107 100 0 39 -1 41 -124 234 -80 126 -108 162 -133 173 -41 17 -61 16 -100 -3z\"\/><path d=\"M4250 2784 c-14 -9 -74 -91 -133 -183 -95 -150 -107 -173 -107 -213 0 -55 33 -94 87 -104 67 -13 90 8 211 198 130 202 137 225 78 284 -27 27 -42 34 -72 34 -22 0 -50 -8 -64 -16z\"\/><path d=\"M2275 2693 c-553 -48 -1095 -270 -1585 -649 -135 -104 -459 -423 -483 -476 -23 -49 -22 -139 2 -186 73 -142 361 -457 571 -626 285 -228 642 -407 990 -497 242 -63 336 -73 660 -74 310 0 370 5 595 52 535 111 1045 392 1455 803 122 121 250 273 275 326 19 41 19 137 0 174 -41 79 -309 363 -465 492 -447 370 -946 591 -1479 653 -113 14 -422 18 -536 8z m395 -428 c171 -34 330 -124 456 -258 112 -119 167 -219 211 -378 27 -96 24 -300 -5 -401 -72 -255 -236 -447 -474 -557 -132 -62 -201 -76 -368 -76 -167 0 -236 14 -368 76 -213 98 -373 271 -451 485 -162 444 86 934 547 1084 153 49 292 57 452 25z m909 -232 c222 -123 408 -262 593 -441 76 -74 138 -139 138 -144 0 -16 -233 -242 -330 -319 -155 -123 -309 -223 -461 -299 l-81 -41 32 46 c18 26 49 83 70 128 143 306 141 649 -6 957 -25 52 -61 116 -79 142 l-34 47 45 -20 c26 -10 76 -36 113 -56z m-2057 25 c-40 -58 -105 -190 -130 -263 -110 -324 -59 -707 132 -981 25 -35 42 -64 37 -64 -19 0 -241 119 -326 174 -188 122 -406 314 -532 468 l-58 71 108 103 c185 178 428 349 672 473 66 33 121 60 123 61 2 0 -10 -19 -26 -42z\"\/><path d=\"M2375 1950 c-198 -44 -350 -190 -395 -379 -18 -76 -8 -221 19 -290 114 -284 457 -406 731 -260 98 52 188 154 231 260 27 69 37 214 19 290 -38 163 -166 304 -326 360 -67 23 -215 33 -279 19z\"\/><\/g><\/svg><\/i> <img decoding=\"async\" width=\"16\" height=\"16\" alt=\"Loading\" src=\"https:\/\/esviafm.com\/wp-content\/plugins\/page-views-count\/ajax-loader-2x.gif\" border=0 \/><\/p>\n<div class=\"pvc_clear\"><\/div>\n","protected":false},"excerpt":{"rendered":"<p>El papa Francisco visit\u00f3 este lunes la sede del Ayuntamiento de Roma, el Palacio del Campidoglio, y celebr\u00f3 la milenaria historia de la ciudad, ensalzando su \u201crostro acogedor\u201d con turistas, peregrinos y migrantes antes del Jubileo del 2025. \u201cEs un evento de car\u00e1cter religioso, una peregrinaci\u00f3n orante y penitente para obtener de la misericordia divina [&hellip;]<\/p>\n<div class=\"pvc_clear\"><\/div>\n<p id=\"pvc_stats_15674\" class=\"pvc_stats all  \" data-element-id=\"15674\" style=\"\"><i class=\"pvc-stats-icon large\" aria-hidden=\"true\"><svg xmlns=\"http:\/\/www.w3.org\/2000\/svg\" version=\"1.0\" viewBox=\"0 0 502 315\" preserveAspectRatio=\"xMidYMid meet\"><g transform=\"translate(0,332) scale(0.1,-0.1)\" fill=\"\" stroke=\"none\"><path d=\"M2394 3279 l-29 -30 -3 -207 c-2 -182 0 -211 15 -242 39 -76 157 -76 196 0 15 31 17 60 15 243 l-3 209 -33 29 c-26 23 -41 29 -80 29 -41 0 -53 -5 -78 -31z\"\/><path d=\"M3085 3251 c-45 -19 -58 -50 -96 -229 -47 -217 -49 -260 -13 -295 52 -53 146 -42 177 20 16 31 87 366 87 410 0 70 -86 122 -155 94z\"\/><path d=\"M1751 3234 c-13 -9 -29 -31 -37 -50 -12 -29 -10 -49 21 -204 19 -94 39 -189 45 -210 14 -50 54 -80 110 -80 34 0 48 6 76 34 21 21 34 44 34 59 0 14 -18 113 -40 219 -37 178 -43 195 -70 221 -36 32 -101 37 -139 11z\"\/><path d=\"M1163 3073 c-36 -7 -73 -59 -73 -102 0 -56 133 -378 171 -413 34 -32 83 -37 129 -13 70 36 67 87 -16 290 -86 209 -89 214 -129 231 -35 14 -42 15 -82 7z\"\/><path d=\"M3689 3066 c-15 -9 -33 -30 -42 -48 -48 -103 -147 -355 -147 -375 0 -98 131 -148 192 -74 13 15 57 108 97 206 80 196 84 226 37 273 -30 30 -99 39 -137 18z\"\/><path d=\"M583 2784 c-38 -19 -67 -74 -58 -113 9 -42 211 -354 242 -373 16 -10 45 -18 66 -18 51 0 107 52 107 100 0 39 -1 41 -124 234 -80 126 -108 162 -133 173 -41 17 -61 16 -100 -3z\"\/><path d=\"M4250 2784 c-14 -9 -74 -91 -133 -183 -95 -150 -107 -173 -107 -213 0 -55 33 -94 87 -104 67 -13 90 8 211 198 130 202 137 225 78 284 -27 27 -42 34 -72 34 -22 0 -50 -8 -64 -16z\"\/><path d=\"M2275 2693 c-553 -48 -1095 -270 -1585 -649 -135 -104 -459 -423 -483 -476 -23 -49 -22 -139 2 -186 73 -142 361 -457 571 -626 285 -228 642 -407 990 -497 242 -63 336 -73 660 -74 310 0 370 5 595 52 535 111 1045 392 1455 803 122 121 250 273 275 326 19 41 19 137 0 174 -41 79 -309 363 -465 492 -447 370 -946 591 -1479 653 -113 14 -422 18 -536 8z m395 -428 c171 -34 330 -124 456 -258 112 -119 167 -219 211 -378 27 -96 24 -300 -5 -401 -72 -255 -236 -447 -474 -557 -132 -62 -201 -76 -368 -76 -167 0 -236 14 -368 76 -213 98 -373 271 -451 485 -162 444 86 934 547 1084 153 49 292 57 452 25z m909 -232 c222 -123 408 -262 593 -441 76 -74 138 -139 138 -144 0 -16 -233 -242 -330 -319 -155 -123 -309 -223 -461 -299 l-81 -41 32 46 c18 26 49 83 70 128 143 306 141 649 -6 957 -25 52 -61 116 -79 142 l-34 47 45 -20 c26 -10 76 -36 113 -56z m-2057 25 c-40 -58 -105 -190 -130 -263 -110 -324 -59 -707 132 -981 25 -35 42 -64 37 -64 -19 0 -241 119 -326 174 -188 122 -406 314 -532 468 l-58 71 108 103 c185 178 428 349 672 473 66 33 121 60 123 61 2 0 -10 -19 -26 -42z\"\/><path d=\"M2375 1950 c-198 -44 -350 -190 -395 -379 -18 -76 -8 -221 19 -290 114 -284 457 -406 731 -260 98 52 188 154 231 260 27 69 37 214 19 290 -38 163 -166 304 -326 360 -67 23 -215 33 -279 19z\"\/><\/g><\/svg><\/i> <img decoding=\"async\" width=\"16\" height=\"16\" alt=\"Loading\" src=\"https:\/\/esviafm.com\/wp-content\/plugins\/page-views-count\/ajax-loader-2x.gif\" border=0 \/><\/p>\n<div class=\"pvc_clear\"><\/div>\n","protected":false},"author":1,"featured_media":0,"comment_status":"open","ping_status":"open","sticky":false,"template":"","format":"standard","meta":{"_et_pb_use_builder":"","_et_pb_old_content":"","_et_gb_content_width":"","footnotes":""},"categories":[17],"tags":[],"class_list":["post-15674","post","type-post","status-publish","format-standard","hentry","category-internacionales"],"_links":{"self":[{"href":"https:\/\/esviafm.com\/index.php\/wp-json\/wp\/v2\/posts\/15674","targetHints":{"allow":["GET"]}}],"collection":[{"href":"https:\/\/esviafm.com\/index.php\/wp-json\/wp\/v2\/posts"}],"about":[{"href":"https:\/\/esviafm.com\/index.php\/wp-json\/wp\/v2\/types\/post"}],"author":[{"embeddable":true,"href":"https:\/\/esviafm.com\/index.php\/wp-json\/wp\/v2\/users\/1"}],"replies":[{"embeddable":true,"href":"https:\/\/esviafm.com\/index.php\/wp-json\/wp\/v2\/comments?post=15674"}],"version-history":[{"count":1,"href":"https:\/\/esviafm.com\/index.php\/wp-json\/wp\/v2\/posts\/15674\/revisions"}],"predecessor-version":[{"id":15676,"href":"https:\/\/esviafm.com\/index.php\/wp-json\/wp\/v2\/posts\/15674\/revisions\/15676"}],"wp:attachment":[{"href":"https:\/\/esviafm.com\/index.php\/wp-json\/wp\/v2\/media?parent=15674"}],"wp:term":[{"taxonomy":"category","embeddable":true,"href":"https:\/\/esviafm.com\/index.php\/wp-json\/wp\/v2\/categories?post=15674"},{"taxonomy":"post_tag","embeddable":true,"href":"https:\/\/esviafm.com\/index.php\/wp-json\/wp\/v2\/tags?post=15674"}],"curies":[{"name":"wp","href":"https:\/\/api.w.org\/{rel}","templated":true}]}}