{"id":15495,"date":"2024-06-06T07:25:51","date_gmt":"2024-06-06T11:55:51","guid":{"rendered":"https:\/\/esviafm.com\/?p=15495"},"modified":"2024-06-06T07:25:51","modified_gmt":"2024-06-06T11:55:51","slug":"gobierno-y-disidencia-de-farc-de-ivan-marquez-inician-dialogos-de-paz-este-mes-en-caracas","status":"publish","type":"post","link":"https:\/\/esviafm.com\/index.php\/gobierno-y-disidencia-de-farc-de-ivan-marquez-inician-dialogos-de-paz-este-mes-en-caracas\/","title":{"rendered":"Gobierno y disidencia de FARC de Iv\u00e1n M\u00e1rquez inician di\u00e1logos de paz este mes en Caracas"},"content":{"rendered":"<div>El Gobierno colombiano y la Segunda Marquetalia, la disidencia de las FARC comandada por alias \u00abIv\u00e1n M\u00e1rquez\u00bb, anunciaron este martes que instalar\u00e1n el primer ciclo de negociaciones de paz el pr\u00f3ximo 24 de junio en Caracas.<\/p>\n<blockquote><p>\u00abLa instalaci\u00f3n de la Mesa de Di\u00e1logos de Paz se realizar\u00e1 en Caracas el 24 de junio de 2024. El primer ciclo de las negociaciones se adelantar\u00e1 del 25 al 29 de junio para acordar los temas espec\u00edficos de los puntos anunciados y los protocolos de negociaci\u00f3n. Los ciclos de negociaci\u00f3n ser\u00e1n de una semana, prorrogables por acuerdo mutuo, con intervalos no superiores a 30 d\u00edas h\u00e1biles\u00bb, manifestaron las partes en un acuerdo.<\/p><\/blockquote>\n<p>El documento est\u00e1 firmado por el consejero comisionado de paz de Colombia, Otty Pati\u00f1o, y por \u00abM\u00e1rquez\u00bb, quien fue jefe negociador en los di\u00e1logos entre el Gobierno y la antigua guerrilla de las FARC que derivaron en la firma del acuerdo de paz de 2016.<\/p>\n<p>All\u00ed las partes acordaron que la agenda de los di\u00e1logos tendr\u00e1 como puntos b\u00e1sicos el \u00abdesescalamiento del conflicto y alistamiento de los territorios de paz\u00bb, la \u00abconstrucci\u00f3n de territorios de paz\u00bb, a las \u00abv\u00edctimas como sujeto social transformador\u00bb, unas \u00abcondiciones para la convivencia pac\u00edfica\u00bb e \u00abimplementaci\u00f3n y verificaci\u00f3n\u00bb.<\/p>\n<p>El Gobierno y la Segunda Marquetalia \u00abse guiar\u00e1n por el principio &#8216;acuerdo pactado, acuerdo cumplido&#8217;, que incluye el dise\u00f1o, puesta en marcha, implementaci\u00f3n y verificaci\u00f3n de cumplimiento\u00bb.<\/p>\n<p>La reuni\u00f3n en la que se pact\u00f3 el inicio de las negociaciones de paz tuvo lugar el lunes y martes en Venezuela y en ella participaron, adem\u00e1s de Pati\u00f1o y M\u00e1rquez, los jefes de la delegaciones negociadoras del Gobierno en estos di\u00e1logos, Armando Novoa, y de la Segunda Marquetalia, alias \u00abWalter Mendoza\u00bb.<\/p>\n<p>Igualmente hubo representantes de los gobiernos de Cuba, Noruega y Venezuela, as\u00ed como de Naciones Unidas y de la Conferencia Episcopal de Colombia.<\/p>\n<p>En agosto de 2019, casi tres a\u00f1os despu\u00e9s de firmar la paz \u00abIv\u00e1n M\u00e1rquez\u00bb, que fue tambi\u00e9n el n\u00famero dos de las FARC, anunci\u00f3 que retomaba las armas al frente de una disidencia llamada \u00abSegunda Marquetalia\u00bb, en referencia al lugar de nacimiento de la guerrilla hace m\u00e1s de medio siglo, por supuestos incumplimientos del Gobierno a lo pactado.<\/p>\n<p>A principios de febrero, el Gobierno y la Segunda Marquetalia anunciaron el inicio de un proceso de paz, que ser\u00e1 el tercero que emprenda el actual Ejecutivo, despu\u00e9s de los instalados con el Ej\u00e9rcito de Liberaci\u00f3n Nacional (ELN) y el Estado Mayor Central (EMC), el principal grupo de disidencias de las FARC.<\/p><\/div>\n<div><\/div>\n<div><b><i>Fuente: EFE\u00a0<\/i><\/b><\/div>\n<div class=\"pvc_clear\"><\/div>\n<p id=\"pvc_stats_15495\" class=\"pvc_stats all  \" data-element-id=\"15495\" style=\"\"><i class=\"pvc-stats-icon large\" aria-hidden=\"true\"><svg xmlns=\"http:\/\/www.w3.org\/2000\/svg\" version=\"1.0\" viewBox=\"0 0 502 315\" preserveAspectRatio=\"xMidYMid meet\"><g transform=\"translate(0,332) scale(0.1,-0.1)\" fill=\"\" stroke=\"none\"><path d=\"M2394 3279 l-29 -30 -3 -207 c-2 -182 0 -211 15 -242 39 -76 157 -76 196 0 15 31 17 60 15 243 l-3 209 -33 29 c-26 23 -41 29 -80 29 -41 0 -53 -5 -78 -31z\"\/><path d=\"M3085 3251 c-45 -19 -58 -50 -96 -229 -47 -217 -49 -260 -13 -295 52 -53 146 -42 177 20 16 31 87 366 87 410 0 70 -86 122 -155 94z\"\/><path d=\"M1751 3234 c-13 -9 -29 -31 -37 -50 -12 -29 -10 -49 21 -204 19 -94 39 -189 45 -210 14 -50 54 -80 110 -80 34 0 48 6 76 34 21 21 34 44 34 59 0 14 -18 113 -40 219 -37 178 -43 195 -70 221 -36 32 -101 37 -139 11z\"\/><path d=\"M1163 3073 c-36 -7 -73 -59 -73 -102 0 -56 133 -378 171 -413 34 -32 83 -37 129 -13 70 36 67 87 -16 290 -86 209 -89 214 -129 231 -35 14 -42 15 -82 7z\"\/><path d=\"M3689 3066 c-15 -9 -33 -30 -42 -48 -48 -103 -147 -355 -147 -375 0 -98 131 -148 192 -74 13 15 57 108 97 206 80 196 84 226 37 273 -30 30 -99 39 -137 18z\"\/><path d=\"M583 2784 c-38 -19 -67 -74 -58 -113 9 -42 211 -354 242 -373 16 -10 45 -18 66 -18 51 0 107 52 107 100 0 39 -1 41 -124 234 -80 126 -108 162 -133 173 -41 17 -61 16 -100 -3z\"\/><path d=\"M4250 2784 c-14 -9 -74 -91 -133 -183 -95 -150 -107 -173 -107 -213 0 -55 33 -94 87 -104 67 -13 90 8 211 198 130 202 137 225 78 284 -27 27 -42 34 -72 34 -22 0 -50 -8 -64 -16z\"\/><path d=\"M2275 2693 c-553 -48 -1095 -270 -1585 -649 -135 -104 -459 -423 -483 -476 -23 -49 -22 -139 2 -186 73 -142 361 -457 571 -626 285 -228 642 -407 990 -497 242 -63 336 -73 660 -74 310 0 370 5 595 52 535 111 1045 392 1455 803 122 121 250 273 275 326 19 41 19 137 0 174 -41 79 -309 363 -465 492 -447 370 -946 591 -1479 653 -113 14 -422 18 -536 8z m395 -428 c171 -34 330 -124 456 -258 112 -119 167 -219 211 -378 27 -96 24 -300 -5 -401 -72 -255 -236 -447 -474 -557 -132 -62 -201 -76 -368 -76 -167 0 -236 14 -368 76 -213 98 -373 271 -451 485 -162 444 86 934 547 1084 153 49 292 57 452 25z m909 -232 c222 -123 408 -262 593 -441 76 -74 138 -139 138 -144 0 -16 -233 -242 -330 -319 -155 -123 -309 -223 -461 -299 l-81 -41 32 46 c18 26 49 83 70 128 143 306 141 649 -6 957 -25 52 -61 116 -79 142 l-34 47 45 -20 c26 -10 76 -36 113 -56z m-2057 25 c-40 -58 -105 -190 -130 -263 -110 -324 -59 -707 132 -981 25 -35 42 -64 37 -64 -19 0 -241 119 -326 174 -188 122 -406 314 -532 468 l-58 71 108 103 c185 178 428 349 672 473 66 33 121 60 123 61 2 0 -10 -19 -26 -42z\"\/><path d=\"M2375 1950 c-198 -44 -350 -190 -395 -379 -18 -76 -8 -221 19 -290 114 -284 457 -406 731 -260 98 52 188 154 231 260 27 69 37 214 19 290 -38 163 -166 304 -326 360 -67 23 -215 33 -279 19z\"\/><\/g><\/svg><\/i> <img decoding=\"async\" width=\"16\" height=\"16\" alt=\"Loading\" src=\"https:\/\/esviafm.com\/wp-content\/plugins\/page-views-count\/ajax-loader-2x.gif\" border=0 \/><\/p>\n<div class=\"pvc_clear\"><\/div>\n","protected":false},"excerpt":{"rendered":"<p>El Gobierno colombiano y la Segunda Marquetalia, la disidencia de las FARC comandada por alias \u00abIv\u00e1n M\u00e1rquez\u00bb, anunciaron este martes que instalar\u00e1n el primer ciclo de negociaciones de paz el pr\u00f3ximo 24 de junio en Caracas. \u00abLa instalaci\u00f3n de la Mesa de Di\u00e1logos de Paz se realizar\u00e1 en Caracas el 24 de junio de 2024. [&hellip;]<\/p>\n<div class=\"pvc_clear\"><\/div>\n<p id=\"pvc_stats_15495\" class=\"pvc_stats all  \" data-element-id=\"15495\" style=\"\"><i class=\"pvc-stats-icon large\" aria-hidden=\"true\"><svg xmlns=\"http:\/\/www.w3.org\/2000\/svg\" version=\"1.0\" viewBox=\"0 0 502 315\" preserveAspectRatio=\"xMidYMid meet\"><g transform=\"translate(0,332) scale(0.1,-0.1)\" fill=\"\" stroke=\"none\"><path d=\"M2394 3279 l-29 -30 -3 -207 c-2 -182 0 -211 15 -242 39 -76 157 -76 196 0 15 31 17 60 15 243 l-3 209 -33 29 c-26 23 -41 29 -80 29 -41 0 -53 -5 -78 -31z\"\/><path d=\"M3085 3251 c-45 -19 -58 -50 -96 -229 -47 -217 -49 -260 -13 -295 52 -53 146 -42 177 20 16 31 87 366 87 410 0 70 -86 122 -155 94z\"\/><path d=\"M1751 3234 c-13 -9 -29 -31 -37 -50 -12 -29 -10 -49 21 -204 19 -94 39 -189 45 -210 14 -50 54 -80 110 -80 34 0 48 6 76 34 21 21 34 44 34 59 0 14 -18 113 -40 219 -37 178 -43 195 -70 221 -36 32 -101 37 -139 11z\"\/><path d=\"M1163 3073 c-36 -7 -73 -59 -73 -102 0 -56 133 -378 171 -413 34 -32 83 -37 129 -13 70 36 67 87 -16 290 -86 209 -89 214 -129 231 -35 14 -42 15 -82 7z\"\/><path d=\"M3689 3066 c-15 -9 -33 -30 -42 -48 -48 -103 -147 -355 -147 -375 0 -98 131 -148 192 -74 13 15 57 108 97 206 80 196 84 226 37 273 -30 30 -99 39 -137 18z\"\/><path d=\"M583 2784 c-38 -19 -67 -74 -58 -113 9 -42 211 -354 242 -373 16 -10 45 -18 66 -18 51 0 107 52 107 100 0 39 -1 41 -124 234 -80 126 -108 162 -133 173 -41 17 -61 16 -100 -3z\"\/><path d=\"M4250 2784 c-14 -9 -74 -91 -133 -183 -95 -150 -107 -173 -107 -213 0 -55 33 -94 87 -104 67 -13 90 8 211 198 130 202 137 225 78 284 -27 27 -42 34 -72 34 -22 0 -50 -8 -64 -16z\"\/><path d=\"M2275 2693 c-553 -48 -1095 -270 -1585 -649 -135 -104 -459 -423 -483 -476 -23 -49 -22 -139 2 -186 73 -142 361 -457 571 -626 285 -228 642 -407 990 -497 242 -63 336 -73 660 -74 310 0 370 5 595 52 535 111 1045 392 1455 803 122 121 250 273 275 326 19 41 19 137 0 174 -41 79 -309 363 -465 492 -447 370 -946 591 -1479 653 -113 14 -422 18 -536 8z m395 -428 c171 -34 330 -124 456 -258 112 -119 167 -219 211 -378 27 -96 24 -300 -5 -401 -72 -255 -236 -447 -474 -557 -132 -62 -201 -76 -368 -76 -167 0 -236 14 -368 76 -213 98 -373 271 -451 485 -162 444 86 934 547 1084 153 49 292 57 452 25z m909 -232 c222 -123 408 -262 593 -441 76 -74 138 -139 138 -144 0 -16 -233 -242 -330 -319 -155 -123 -309 -223 -461 -299 l-81 -41 32 46 c18 26 49 83 70 128 143 306 141 649 -6 957 -25 52 -61 116 -79 142 l-34 47 45 -20 c26 -10 76 -36 113 -56z m-2057 25 c-40 -58 -105 -190 -130 -263 -110 -324 -59 -707 132 -981 25 -35 42 -64 37 -64 -19 0 -241 119 -326 174 -188 122 -406 314 -532 468 l-58 71 108 103 c185 178 428 349 672 473 66 33 121 60 123 61 2 0 -10 -19 -26 -42z\"\/><path d=\"M2375 1950 c-198 -44 -350 -190 -395 -379 -18 -76 -8 -221 19 -290 114 -284 457 -406 731 -260 98 52 188 154 231 260 27 69 37 214 19 290 -38 163 -166 304 -326 360 -67 23 -215 33 -279 19z\"\/><\/g><\/svg><\/i> <img decoding=\"async\" width=\"16\" height=\"16\" alt=\"Loading\" src=\"https:\/\/esviafm.com\/wp-content\/plugins\/page-views-count\/ajax-loader-2x.gif\" border=0 \/><\/p>\n<div class=\"pvc_clear\"><\/div>\n","protected":false},"author":1,"featured_media":0,"comment_status":"open","ping_status":"open","sticky":false,"template":"","format":"standard","meta":{"_et_pb_use_builder":"","_et_pb_old_content":"","_et_gb_content_width":"","footnotes":""},"categories":[17],"tags":[],"class_list":["post-15495","post","type-post","status-publish","format-standard","hentry","category-internacionales"],"_links":{"self":[{"href":"https:\/\/esviafm.com\/index.php\/wp-json\/wp\/v2\/posts\/15495","targetHints":{"allow":["GET"]}}],"collection":[{"href":"https:\/\/esviafm.com\/index.php\/wp-json\/wp\/v2\/posts"}],"about":[{"href":"https:\/\/esviafm.com\/index.php\/wp-json\/wp\/v2\/types\/post"}],"author":[{"embeddable":true,"href":"https:\/\/esviafm.com\/index.php\/wp-json\/wp\/v2\/users\/1"}],"replies":[{"embeddable":true,"href":"https:\/\/esviafm.com\/index.php\/wp-json\/wp\/v2\/comments?post=15495"}],"version-history":[{"count":1,"href":"https:\/\/esviafm.com\/index.php\/wp-json\/wp\/v2\/posts\/15495\/revisions"}],"predecessor-version":[{"id":15497,"href":"https:\/\/esviafm.com\/index.php\/wp-json\/wp\/v2\/posts\/15495\/revisions\/15497"}],"wp:attachment":[{"href":"https:\/\/esviafm.com\/index.php\/wp-json\/wp\/v2\/media?parent=15495"}],"wp:term":[{"taxonomy":"category","embeddable":true,"href":"https:\/\/esviafm.com\/index.php\/wp-json\/wp\/v2\/categories?post=15495"},{"taxonomy":"post_tag","embeddable":true,"href":"https:\/\/esviafm.com\/index.php\/wp-json\/wp\/v2\/tags?post=15495"}],"curies":[{"name":"wp","href":"https:\/\/api.w.org\/{rel}","templated":true}]}}