{"id":15467,"date":"2024-06-05T09:10:09","date_gmt":"2024-06-05T13:40:09","guid":{"rendered":"https:\/\/esviafm.com\/?p=15467"},"modified":"2024-06-05T09:10:09","modified_gmt":"2024-06-05T13:40:09","slug":"novak-djokovic-se-retira-de-roland-garros-por-lesion-en-rodilla-derecha","status":"publish","type":"post","link":"https:\/\/esviafm.com\/index.php\/novak-djokovic-se-retira-de-roland-garros-por-lesion-en-rodilla-derecha\/","title":{"rendered":"Novak Djokovic se retira de Roland Garros por lesi\u00f3n en rodilla derecha"},"content":{"rendered":"<p>Novak Djokovic se retir\u00f3 el martes del Abierto de Francia debido a una lesi\u00f3n en la rodilla derecha, un abrupto final de la defensa de su t\u00edtulo y su actual reinado como n\u00famero uno del ranking.<\/p>\n<p>\u201cMe entristece mucho anunciar que tengo que retirarme de Roland Garros\u201d, escribi\u00f3 Djokovic en sus redes sociales. \u201cJugu\u00e9 con el coraz\u00f3n y lo di todo en el partido de ayer y, por desgracia, debido a una rotura del menisco medial de mi rodilla derecha, mi equipo y yo tuvimos que tomar una decisi\u00f3n dif\u00edcil despu\u00e9s de un cuidadoso an\u00e1lisis y consulta\u201d.<\/p>\n<p>El torneo inform\u00f3 que el astro serbio de 37 a\u00f1os sufri\u00f3 una rotura del menisco medial de la rodilla derecha.<\/p>\n<p>La gravedad de la lesi\u00f3n fue confirmada durante una resonancia magn\u00e9tica al d\u00eda siguiente que Djokovic se lesion\u00f3 durante su victoria en los octavos de final ante el argentino Francisco Cer\u00fandolo, un duelo que se fue al m\u00e1ximo de cinco sets y dur\u00f3 m\u00e1s de 4 horas y media.<\/p>\n<p>Djokovic iba a medirse contra Casper Ruud, dos veces subcampe\u00f3n de Roland Garros, en los cuartos de final el mi\u00e9rcoles. En cambio, Ruud avanza directamente a las semifinales, donde se topar\u00e1 contra el ganador del duelo entre Alexander Zverev y Alex de Mi\u00f1aur.<\/p>\n<p>La lesi\u00f3n se suma a una irregular temporada de Djokovic, sin t\u00edtulos durante todo el a\u00f1o.<\/p>\n<p>Su baja implica que Jannik Sinner ascender\u00e1 a la cima del ranking de la ATP a partir del lunes.<\/p>\n<p>Sin Djokovic y Rafael Nadal, due\u00f1o de una cifra r\u00e9cord de 14 t\u00edtulos en Roland Garros, tras ser eliminado en la primera ronda, otro alzar\u00e1 el trofeo de campe\u00f3n del Slam en superficie de arcilla por primera vez el domingo.<\/p>\n<p>La lista de aspirantes incluye a Sinner, el pr\u00f3ximo n\u00famero uno. El italiano de 22 a\u00f1os derrot\u00f3 6-2, 6-4, 7-6 (3) a Grigor Dimitrov el martes para acceder a las semifinales.<\/p>\n<p>Sinner se coron\u00f3 en el Abierto de Australia en enero y es el primer hombre de sus pa\u00eds que llega a la c\u00faspide del tenis.<\/p>\n<p>\u201cVerlo as\u00ed a Novak (lesionado) es algo desagradable para todo\u201d, dijo. \u201cEspero que se recupere bien pronto\u201d.<\/p>\n<p>\u00bfY sobre su nuevo estatus?<\/p>\n<p>\u201c\u00bfTiene un enorme significado para m\u00ed. Es el sue\u00f1o de todos\u201d, se\u00f1al\u00f3 Sinner, quien reanudar\u00e1 su vibrante rivalidad con el espa\u00f1ol y n\u00famero tres Carlos Alcaraz en las semifinales del viernes.<\/p>\n<p>Alcaraz qued\u00f3 entre los cuatros mejores en Par\u00eds por segundo a\u00f1o seguido \u2014 se acalambr\u00f3 y perdi\u00f3 ante Djokovic en 2023 \u2014 al vencer a 6-3, 7-6 (3), 6-4 al noveno preclasificado Stefanos Tsitsipas por la noche.<\/p>\n<p>Sinner y Alcaraz se han medido ocho veces, igualados 4-4. Han chocado dos veces en las grandes citas, empatados 1-1.<\/p>\n<p>\u201cEs un reto muy dif\u00edcil. No voy a menter. Ahora mismo es el mejor del mundo o el que mejor tenis est\u00e1 jugando\u201d, declar\u00f3 Alcaraz. \u201cEs el partido que todo el mundo quiere ver\u201d.<\/p>\n<p>En medio de una temporada en la que Djokovic tiene una foja de 18-6 y sin alcanzar ni siquiera una final, el serbio no ten\u00eda otra opci\u00f3n que repetir en la final de Roland Garros para prolongar su r\u00e9cord de semanas como n\u00famero uno.<\/p>\n<p>Durante una eternidad, Djokovic, Nadal y Roger Federer han sido los reyes del tenis masculino \u2014 Los Tres Grandes, acaparando 66 t\u00edtulos en los Slam entre ellos.<\/p>\n<div class=\"SovrnAd Advertisement sovrn-story-feed proper-dynamic-insertion\" data-module=\"\" data-class=\"sovrn-story-feed\" data-delayadinsertion=\"\" data-ad-position=\"4\">\n<p>Pero Federer, de 42 a\u00f1os, se retir\u00f3. Nadal, quien el lunes cumpli\u00f3 38 a\u00f1os, cavila si debe seguir en la gira tras perderse buena parte del \u00faltimo a\u00f1o y medio por culpa de lesiones.<\/p>\n<p>Nadie sabe con certeza cu\u00e1nto tiempo Djokovic estar\u00e1 fuera de actividad o sobre si esta lesi\u00f3n podr\u00e1 comprometer su futuro.<\/p>\n<\/div>\n<div class=\"SovrnAd Advertisement sovrn-story-feed proper-dynamic-insertion\" data-module=\"\" data-class=\"sovrn-story-feed\" data-delayadinsertion=\"\" data-ad-position=\"3\">FUENTE: AP NEWS<\/div>\n<div class=\"pvc_clear\"><\/div>\n<p id=\"pvc_stats_15467\" class=\"pvc_stats all  \" data-element-id=\"15467\" style=\"\"><i class=\"pvc-stats-icon large\" aria-hidden=\"true\"><svg xmlns=\"http:\/\/www.w3.org\/2000\/svg\" version=\"1.0\" viewBox=\"0 0 502 315\" preserveAspectRatio=\"xMidYMid meet\"><g transform=\"translate(0,332) scale(0.1,-0.1)\" fill=\"\" stroke=\"none\"><path d=\"M2394 3279 l-29 -30 -3 -207 c-2 -182 0 -211 15 -242 39 -76 157 -76 196 0 15 31 17 60 15 243 l-3 209 -33 29 c-26 23 -41 29 -80 29 -41 0 -53 -5 -78 -31z\"\/><path d=\"M3085 3251 c-45 -19 -58 -50 -96 -229 -47 -217 -49 -260 -13 -295 52 -53 146 -42 177 20 16 31 87 366 87 410 0 70 -86 122 -155 94z\"\/><path d=\"M1751 3234 c-13 -9 -29 -31 -37 -50 -12 -29 -10 -49 21 -204 19 -94 39 -189 45 -210 14 -50 54 -80 110 -80 34 0 48 6 76 34 21 21 34 44 34 59 0 14 -18 113 -40 219 -37 178 -43 195 -70 221 -36 32 -101 37 -139 11z\"\/><path d=\"M1163 3073 c-36 -7 -73 -59 -73 -102 0 -56 133 -378 171 -413 34 -32 83 -37 129 -13 70 36 67 87 -16 290 -86 209 -89 214 -129 231 -35 14 -42 15 -82 7z\"\/><path d=\"M3689 3066 c-15 -9 -33 -30 -42 -48 -48 -103 -147 -355 -147 -375 0 -98 131 -148 192 -74 13 15 57 108 97 206 80 196 84 226 37 273 -30 30 -99 39 -137 18z\"\/><path d=\"M583 2784 c-38 -19 -67 -74 -58 -113 9 -42 211 -354 242 -373 16 -10 45 -18 66 -18 51 0 107 52 107 100 0 39 -1 41 -124 234 -80 126 -108 162 -133 173 -41 17 -61 16 -100 -3z\"\/><path d=\"M4250 2784 c-14 -9 -74 -91 -133 -183 -95 -150 -107 -173 -107 -213 0 -55 33 -94 87 -104 67 -13 90 8 211 198 130 202 137 225 78 284 -27 27 -42 34 -72 34 -22 0 -50 -8 -64 -16z\"\/><path d=\"M2275 2693 c-553 -48 -1095 -270 -1585 -649 -135 -104 -459 -423 -483 -476 -23 -49 -22 -139 2 -186 73 -142 361 -457 571 -626 285 -228 642 -407 990 -497 242 -63 336 -73 660 -74 310 0 370 5 595 52 535 111 1045 392 1455 803 122 121 250 273 275 326 19 41 19 137 0 174 -41 79 -309 363 -465 492 -447 370 -946 591 -1479 653 -113 14 -422 18 -536 8z m395 -428 c171 -34 330 -124 456 -258 112 -119 167 -219 211 -378 27 -96 24 -300 -5 -401 -72 -255 -236 -447 -474 -557 -132 -62 -201 -76 -368 -76 -167 0 -236 14 -368 76 -213 98 -373 271 -451 485 -162 444 86 934 547 1084 153 49 292 57 452 25z m909 -232 c222 -123 408 -262 593 -441 76 -74 138 -139 138 -144 0 -16 -233 -242 -330 -319 -155 -123 -309 -223 -461 -299 l-81 -41 32 46 c18 26 49 83 70 128 143 306 141 649 -6 957 -25 52 -61 116 -79 142 l-34 47 45 -20 c26 -10 76 -36 113 -56z m-2057 25 c-40 -58 -105 -190 -130 -263 -110 -324 -59 -707 132 -981 25 -35 42 -64 37 -64 -19 0 -241 119 -326 174 -188 122 -406 314 -532 468 l-58 71 108 103 c185 178 428 349 672 473 66 33 121 60 123 61 2 0 -10 -19 -26 -42z\"\/><path d=\"M2375 1950 c-198 -44 -350 -190 -395 -379 -18 -76 -8 -221 19 -290 114 -284 457 -406 731 -260 98 52 188 154 231 260 27 69 37 214 19 290 -38 163 -166 304 -326 360 -67 23 -215 33 -279 19z\"\/><\/g><\/svg><\/i> <img decoding=\"async\" width=\"16\" height=\"16\" alt=\"Loading\" src=\"https:\/\/esviafm.com\/wp-content\/plugins\/page-views-count\/ajax-loader-2x.gif\" border=0 \/><\/p>\n<div class=\"pvc_clear\"><\/div>\n","protected":false},"excerpt":{"rendered":"<p>Novak Djokovic se retir\u00f3 el martes del Abierto de Francia debido a una lesi\u00f3n en la rodilla derecha, un abrupto final de la defensa de su t\u00edtulo y su actual reinado como n\u00famero uno del ranking. \u201cMe entristece mucho anunciar que tengo que retirarme de Roland Garros\u201d, escribi\u00f3 Djokovic en sus redes sociales. \u201cJugu\u00e9 con [&hellip;]<\/p>\n<div class=\"pvc_clear\"><\/div>\n<p id=\"pvc_stats_15467\" class=\"pvc_stats all  \" data-element-id=\"15467\" style=\"\"><i class=\"pvc-stats-icon large\" aria-hidden=\"true\"><svg xmlns=\"http:\/\/www.w3.org\/2000\/svg\" version=\"1.0\" viewBox=\"0 0 502 315\" preserveAspectRatio=\"xMidYMid meet\"><g transform=\"translate(0,332) scale(0.1,-0.1)\" fill=\"\" stroke=\"none\"><path d=\"M2394 3279 l-29 -30 -3 -207 c-2 -182 0 -211 15 -242 39 -76 157 -76 196 0 15 31 17 60 15 243 l-3 209 -33 29 c-26 23 -41 29 -80 29 -41 0 -53 -5 -78 -31z\"\/><path d=\"M3085 3251 c-45 -19 -58 -50 -96 -229 -47 -217 -49 -260 -13 -295 52 -53 146 -42 177 20 16 31 87 366 87 410 0 70 -86 122 -155 94z\"\/><path d=\"M1751 3234 c-13 -9 -29 -31 -37 -50 -12 -29 -10 -49 21 -204 19 -94 39 -189 45 -210 14 -50 54 -80 110 -80 34 0 48 6 76 34 21 21 34 44 34 59 0 14 -18 113 -40 219 -37 178 -43 195 -70 221 -36 32 -101 37 -139 11z\"\/><path d=\"M1163 3073 c-36 -7 -73 -59 -73 -102 0 -56 133 -378 171 -413 34 -32 83 -37 129 -13 70 36 67 87 -16 290 -86 209 -89 214 -129 231 -35 14 -42 15 -82 7z\"\/><path d=\"M3689 3066 c-15 -9 -33 -30 -42 -48 -48 -103 -147 -355 -147 -375 0 -98 131 -148 192 -74 13 15 57 108 97 206 80 196 84 226 37 273 -30 30 -99 39 -137 18z\"\/><path d=\"M583 2784 c-38 -19 -67 -74 -58 -113 9 -42 211 -354 242 -373 16 -10 45 -18 66 -18 51 0 107 52 107 100 0 39 -1 41 -124 234 -80 126 -108 162 -133 173 -41 17 -61 16 -100 -3z\"\/><path d=\"M4250 2784 c-14 -9 -74 -91 -133 -183 -95 -150 -107 -173 -107 -213 0 -55 33 -94 87 -104 67 -13 90 8 211 198 130 202 137 225 78 284 -27 27 -42 34 -72 34 -22 0 -50 -8 -64 -16z\"\/><path d=\"M2275 2693 c-553 -48 -1095 -270 -1585 -649 -135 -104 -459 -423 -483 -476 -23 -49 -22 -139 2 -186 73 -142 361 -457 571 -626 285 -228 642 -407 990 -497 242 -63 336 -73 660 -74 310 0 370 5 595 52 535 111 1045 392 1455 803 122 121 250 273 275 326 19 41 19 137 0 174 -41 79 -309 363 -465 492 -447 370 -946 591 -1479 653 -113 14 -422 18 -536 8z m395 -428 c171 -34 330 -124 456 -258 112 -119 167 -219 211 -378 27 -96 24 -300 -5 -401 -72 -255 -236 -447 -474 -557 -132 -62 -201 -76 -368 -76 -167 0 -236 14 -368 76 -213 98 -373 271 -451 485 -162 444 86 934 547 1084 153 49 292 57 452 25z m909 -232 c222 -123 408 -262 593 -441 76 -74 138 -139 138 -144 0 -16 -233 -242 -330 -319 -155 -123 -309 -223 -461 -299 l-81 -41 32 46 c18 26 49 83 70 128 143 306 141 649 -6 957 -25 52 -61 116 -79 142 l-34 47 45 -20 c26 -10 76 -36 113 -56z m-2057 25 c-40 -58 -105 -190 -130 -263 -110 -324 -59 -707 132 -981 25 -35 42 -64 37 -64 -19 0 -241 119 -326 174 -188 122 -406 314 -532 468 l-58 71 108 103 c185 178 428 349 672 473 66 33 121 60 123 61 2 0 -10 -19 -26 -42z\"\/><path d=\"M2375 1950 c-198 -44 -350 -190 -395 -379 -18 -76 -8 -221 19 -290 114 -284 457 -406 731 -260 98 52 188 154 231 260 27 69 37 214 19 290 -38 163 -166 304 -326 360 -67 23 -215 33 -279 19z\"\/><\/g><\/svg><\/i> <img decoding=\"async\" width=\"16\" height=\"16\" alt=\"Loading\" src=\"https:\/\/esviafm.com\/wp-content\/plugins\/page-views-count\/ajax-loader-2x.gif\" border=0 \/><\/p>\n<div class=\"pvc_clear\"><\/div>\n","protected":false},"author":1,"featured_media":0,"comment_status":"open","ping_status":"open","sticky":false,"template":"","format":"standard","meta":{"_et_pb_use_builder":"","_et_pb_old_content":"","_et_gb_content_width":"","footnotes":""},"categories":[13],"tags":[],"class_list":["post-15467","post","type-post","status-publish","format-standard","hentry","category-deportes"],"_links":{"self":[{"href":"https:\/\/esviafm.com\/index.php\/wp-json\/wp\/v2\/posts\/15467","targetHints":{"allow":["GET"]}}],"collection":[{"href":"https:\/\/esviafm.com\/index.php\/wp-json\/wp\/v2\/posts"}],"about":[{"href":"https:\/\/esviafm.com\/index.php\/wp-json\/wp\/v2\/types\/post"}],"author":[{"embeddable":true,"href":"https:\/\/esviafm.com\/index.php\/wp-json\/wp\/v2\/users\/1"}],"replies":[{"embeddable":true,"href":"https:\/\/esviafm.com\/index.php\/wp-json\/wp\/v2\/comments?post=15467"}],"version-history":[{"count":1,"href":"https:\/\/esviafm.com\/index.php\/wp-json\/wp\/v2\/posts\/15467\/revisions"}],"predecessor-version":[{"id":15469,"href":"https:\/\/esviafm.com\/index.php\/wp-json\/wp\/v2\/posts\/15467\/revisions\/15469"}],"wp:attachment":[{"href":"https:\/\/esviafm.com\/index.php\/wp-json\/wp\/v2\/media?parent=15467"}],"wp:term":[{"taxonomy":"category","embeddable":true,"href":"https:\/\/esviafm.com\/index.php\/wp-json\/wp\/v2\/categories?post=15467"},{"taxonomy":"post_tag","embeddable":true,"href":"https:\/\/esviafm.com\/index.php\/wp-json\/wp\/v2\/tags?post=15467"}],"curies":[{"name":"wp","href":"https:\/\/api.w.org\/{rel}","templated":true}]}}