{"id":15359,"date":"2024-06-04T08:03:36","date_gmt":"2024-06-04T12:33:36","guid":{"rendered":"https:\/\/esviafm.com\/?p=15359"},"modified":"2024-06-04T08:03:36","modified_gmt":"2024-06-04T12:33:36","slug":"asesinan-a-tiros-a-un-influencer-y-su-esposa-en-un-circo-en-una-ciudad-costera-de-ecuador","status":"publish","type":"post","link":"https:\/\/esviafm.com\/index.php\/asesinan-a-tiros-a-un-influencer-y-su-esposa-en-un-circo-en-una-ciudad-costera-de-ecuador\/","title":{"rendered":"Asesinan a tiros a un influencer y su esposa en un circo en una ciudad costera de Ecuador"},"content":{"rendered":"<p class=\"ue-c-article__paragraph\" data-mrf-recirculation=\"Links P\u00e1rrafos\">El influencer\u00a0<strong>Cristhian Nieto<\/strong>\u00a0y su mujer\u00a0<strong>Nicole Burgos<\/strong>\u00a0(tambi\u00e9n influyente de contenidos digitales) han sido<strong>\u00a0asesinados a tiros<\/strong>\u00a0esta noche en la ciudad costera de\u00a0<strong>Manta<\/strong>, en el oeste de Ecuador, cuando acud\u00edan al circo.<\/p>\n<p class=\"ue-c-article__paragraph\" data-mrf-recirculation=\"Links P\u00e1rrafos\">Seg\u00fan im\u00e1genes difundidas en redes sociales, un tiroteo se ha registrado cuando decenas de personas, entre ellas\u00a0<strong>muchos ni\u00f1os<\/strong>, hac\u00edan fila y empezaban a ocupar sus asientos en un circo.<\/p>\n<p class=\"ue-c-article__paragraph\" data-mrf-recirculation=\"Links P\u00e1rrafos\">Informaciones difundidas en redes sociales confirman que el periodista\u00a0<strong>Josu\u00e9 Su\u00e1rez<\/strong>\u00a0tambi\u00e9n ha resultado herido cuando transmit\u00eda en vivo por internet el ingreso de las personas al circo.<\/p>\n<p class=\"ue-c-article__paragraph\" data-mrf-recirculation=\"Links P\u00e1rrafos\">Nieto, que tambi\u00e9n era legislador alterno (de reemplazo) por el movimiento Revoluci\u00f3n Ciudadana, hab\u00eda acudido al espect\u00e1culo por ser uno de los organizadores del mismo, como homenaje por el\u00a0<strong>D\u00eda del Ni\u00f1o<\/strong>\u00a0que se celebra el 1 de junio, seg\u00fan varios portales digitales.<\/p>\n<p class=\"ue-c-article__paragraph\" data-mrf-recirculation=\"Links P\u00e1rrafos\">Este crimen de personas de la vida pol\u00edtica y p\u00fablica de Ecuador se ha repetido en varias ocasiones en los \u00faltimos a\u00f1os. En marzo pasado,\u00a0<strong>Brigitte Garc\u00eda<\/strong>, alcaldesa de la ciudad costera de San Vicente, tambi\u00e9n en la provincia de Manab\u00ed, fue asesinada a tiros, pese a que entonces reg\u00eda un\u00a0<a href=\"https:\/\/www.elmundo.es\/internacional\/2024\/04\/20\/66230745e9cf4a3a148b4598.html\" target=\"_blank\" rel=\"noopener\" data-mrf-link=\"https:\/\/www.elmundo.es\/internacional\/2024\/04\/20\/66230745e9cf4a3a148b4598.html\">estado de excepci\u00f3n decretado por el Gobierno para frenar la espiral de violencia<\/a>\u00a0que se hab\u00eda registrado a principios de a\u00f1o.<\/p>\n<p class=\"ue-c-article__paragraph\" data-mrf-recirculation=\"Links P\u00e1rrafos\">Brigitte Garc\u00eda, de 27 a\u00f1os, era considerada\u00a0<strong>la alcaldesa m\u00e1s joven del pa\u00eds<\/strong>\u00a0y tambi\u00e9n era militante del movimiento Revoluci\u00f3n Ciudadana, que lidera el expresidente\u00a0<a href=\"https:\/\/www.elmundo.es\/internacional\/rafael-correa.html\" target=\"_blank\" rel=\"noopener\" data-mrf-link=\"https:\/\/www.elmundo.es\/internacional\/rafael-correa.html\">Rafael Correa<\/a>\u00a0(2007-2017).<\/p>\n<p class=\"ue-c-article__paragraph\" data-mrf-recirculation=\"Links P\u00e1rrafos\">El crimen de Garc\u00eda hab\u00eda ocurrido a menos de dos meses del asesinato a tiros de\u00a0<strong>Diana Carnero<\/strong>, concejal del municipio costero de Naranjal, en la provincia de Guayas, ocurrido el 7 de febrero y tambi\u00e9n en medio del estado de excepci\u00f3n.<\/p>\n<p class=\"ue-c-article__paragraph\" data-mrf-recirculation=\"Links P\u00e1rrafos\">Carnero, de 29 a\u00f1os, fue acribillada por sicarios en plena v\u00eda p\u00fablica en Naranjal, un municipio cercano a la ciudad portuaria de Guayaquil. El presidente\u00a0<a href=\"https:\/\/www.elmundo.es\/internacional\/daniel-noboa.html\" target=\"_blank\" rel=\"noopener\" data-mrf-link=\"https:\/\/www.elmundo.es\/internacional\/daniel-noboa.html\">Daniel Noboa<\/a>\u00a0declar\u00f3 a principios de enero, cuando no llevaba ni dos meses en el poder, un estado de excepci\u00f3n y decret\u00f3 una situaci\u00f3n de\u00a0<strong>conflicto armado interno<\/strong>\u00a0para intentar frenar la espiral de violencia en las c\u00e1rceles y en las calles a escala nacional, atribuida a grupos del crimen organizado.<\/p>\n<p class=\"ue-c-article__paragraph\" data-mrf-recirculation=\"Links P\u00e1rrafos\">Al declarar el \u00abconflicto armado interno\u00bb, el Gobierno identific\u00f3 a al menos\u00a0<strong>22 grupos del crimen organizado transnacional<\/strong>\u00a0y los ubic\u00f3 \u00abcomo organizaciones terroristas\u00bb y \u00abactores no estatales beligerantes\u00bb.<\/p>\n<p class=\"ue-c-article__paragraph\" data-mrf-recirculation=\"Links P\u00e1rrafos\">La espiral de violencia se desat\u00f3 justo despu\u00e9s de que el presidente Noboa anunciara su decisi\u00f3n de poner en marcha su\u00a0<strong>&#8216;Plan F\u00e9\u00e9nix&#8217;<\/strong>, con el objetivo de recuperar el control de las prisiones, muchas de ellas dominadas por grupos de delincuentes, cuyas rivalidades ha dejado m\u00e1s de\u00a0<strong>450 presos asesinados<\/strong>\u00a0desde 2020 en una serie de masacres carcelarias.<\/p>\n<div id=\"cx_83a9b88a949e8d5637b6e6fe389963468546b555_1\" data-ue-id=\"cx_83a9b88a949e8d5637b6e6fe389963468546b555\">\n<div class=\"ue-c-article__taboola-in-body\" data-mrf-recirculation=\"Taboola in body\">\n<div class=\"ue-c-article__taboola-in-body__title\">\n<p class=\"ue-c-article__paragraph\" data-mrf-recirculation=\"Links P\u00e1rrafos\">Esa violencia tambi\u00e9n se traslad\u00f3 a las calles hasta convertir a Ecuador en\u00a0<strong>uno de los pa\u00edses m\u00e1s violentos<\/strong>\u00a0de la regi\u00f3n, con 45 homicidios intencionales por cada 100.000 habitantes en 2023.<\/p>\n<p class=\"ue-c-article__paragraph\" data-mrf-recirculation=\"Links P\u00e1rrafos\">El pasado 21 de abril los ecuatorianos participaron en un refer\u00e9ndum y consulta popular sobre varios temas de seguridad, justicia, inversiones y empleo. Los electores aprobaron entonces la posibilidad de que las Fuerzas Armadas participen en acciones de seguridad interna en apoyo a la Polic\u00eda, sobre todo en la\u00a0<strong>lucha contra el crimen organizado<\/strong>, sin necesidad de recurrir a los estados de excepci\u00f3n.<\/p>\n<p data-mrf-recirculation=\"Links P\u00e1rrafos\">FUENTE: EL MUNDO<\/p>\n<\/div>\n<\/div>\n<\/div>\n<div class=\"pvc_clear\"><\/div>\n<p id=\"pvc_stats_15359\" class=\"pvc_stats all  \" data-element-id=\"15359\" style=\"\"><i class=\"pvc-stats-icon large\" aria-hidden=\"true\"><svg xmlns=\"http:\/\/www.w3.org\/2000\/svg\" version=\"1.0\" viewBox=\"0 0 502 315\" preserveAspectRatio=\"xMidYMid meet\"><g transform=\"translate(0,332) scale(0.1,-0.1)\" fill=\"\" stroke=\"none\"><path d=\"M2394 3279 l-29 -30 -3 -207 c-2 -182 0 -211 15 -242 39 -76 157 -76 196 0 15 31 17 60 15 243 l-3 209 -33 29 c-26 23 -41 29 -80 29 -41 0 -53 -5 -78 -31z\"\/><path d=\"M3085 3251 c-45 -19 -58 -50 -96 -229 -47 -217 -49 -260 -13 -295 52 -53 146 -42 177 20 16 31 87 366 87 410 0 70 -86 122 -155 94z\"\/><path d=\"M1751 3234 c-13 -9 -29 -31 -37 -50 -12 -29 -10 -49 21 -204 19 -94 39 -189 45 -210 14 -50 54 -80 110 -80 34 0 48 6 76 34 21 21 34 44 34 59 0 14 -18 113 -40 219 -37 178 -43 195 -70 221 -36 32 -101 37 -139 11z\"\/><path d=\"M1163 3073 c-36 -7 -73 -59 -73 -102 0 -56 133 -378 171 -413 34 -32 83 -37 129 -13 70 36 67 87 -16 290 -86 209 -89 214 -129 231 -35 14 -42 15 -82 7z\"\/><path d=\"M3689 3066 c-15 -9 -33 -30 -42 -48 -48 -103 -147 -355 -147 -375 0 -98 131 -148 192 -74 13 15 57 108 97 206 80 196 84 226 37 273 -30 30 -99 39 -137 18z\"\/><path d=\"M583 2784 c-38 -19 -67 -74 -58 -113 9 -42 211 -354 242 -373 16 -10 45 -18 66 -18 51 0 107 52 107 100 0 39 -1 41 -124 234 -80 126 -108 162 -133 173 -41 17 -61 16 -100 -3z\"\/><path d=\"M4250 2784 c-14 -9 -74 -91 -133 -183 -95 -150 -107 -173 -107 -213 0 -55 33 -94 87 -104 67 -13 90 8 211 198 130 202 137 225 78 284 -27 27 -42 34 -72 34 -22 0 -50 -8 -64 -16z\"\/><path d=\"M2275 2693 c-553 -48 -1095 -270 -1585 -649 -135 -104 -459 -423 -483 -476 -23 -49 -22 -139 2 -186 73 -142 361 -457 571 -626 285 -228 642 -407 990 -497 242 -63 336 -73 660 -74 310 0 370 5 595 52 535 111 1045 392 1455 803 122 121 250 273 275 326 19 41 19 137 0 174 -41 79 -309 363 -465 492 -447 370 -946 591 -1479 653 -113 14 -422 18 -536 8z m395 -428 c171 -34 330 -124 456 -258 112 -119 167 -219 211 -378 27 -96 24 -300 -5 -401 -72 -255 -236 -447 -474 -557 -132 -62 -201 -76 -368 -76 -167 0 -236 14 -368 76 -213 98 -373 271 -451 485 -162 444 86 934 547 1084 153 49 292 57 452 25z m909 -232 c222 -123 408 -262 593 -441 76 -74 138 -139 138 -144 0 -16 -233 -242 -330 -319 -155 -123 -309 -223 -461 -299 l-81 -41 32 46 c18 26 49 83 70 128 143 306 141 649 -6 957 -25 52 -61 116 -79 142 l-34 47 45 -20 c26 -10 76 -36 113 -56z m-2057 25 c-40 -58 -105 -190 -130 -263 -110 -324 -59 -707 132 -981 25 -35 42 -64 37 -64 -19 0 -241 119 -326 174 -188 122 -406 314 -532 468 l-58 71 108 103 c185 178 428 349 672 473 66 33 121 60 123 61 2 0 -10 -19 -26 -42z\"\/><path d=\"M2375 1950 c-198 -44 -350 -190 -395 -379 -18 -76 -8 -221 19 -290 114 -284 457 -406 731 -260 98 52 188 154 231 260 27 69 37 214 19 290 -38 163 -166 304 -326 360 -67 23 -215 33 -279 19z\"\/><\/g><\/svg><\/i> <img decoding=\"async\" width=\"16\" height=\"16\" alt=\"Loading\" src=\"https:\/\/esviafm.com\/wp-content\/plugins\/page-views-count\/ajax-loader-2x.gif\" border=0 \/><\/p>\n<div class=\"pvc_clear\"><\/div>\n","protected":false},"excerpt":{"rendered":"<p>El influencer\u00a0Cristhian Nieto\u00a0y su mujer\u00a0Nicole Burgos\u00a0(tambi\u00e9n influyente de contenidos digitales) han sido\u00a0asesinados a tiros\u00a0esta noche en la ciudad costera de\u00a0Manta, en el oeste de Ecuador, cuando acud\u00edan al circo. Seg\u00fan im\u00e1genes difundidas en redes sociales, un tiroteo se ha registrado cuando decenas de personas, entre ellas\u00a0muchos ni\u00f1os, hac\u00edan fila y empezaban a ocupar sus asientos [&hellip;]<\/p>\n<div class=\"pvc_clear\"><\/div>\n<p id=\"pvc_stats_15359\" class=\"pvc_stats all  \" data-element-id=\"15359\" style=\"\"><i class=\"pvc-stats-icon large\" aria-hidden=\"true\"><svg xmlns=\"http:\/\/www.w3.org\/2000\/svg\" version=\"1.0\" viewBox=\"0 0 502 315\" preserveAspectRatio=\"xMidYMid meet\"><g transform=\"translate(0,332) scale(0.1,-0.1)\" fill=\"\" stroke=\"none\"><path d=\"M2394 3279 l-29 -30 -3 -207 c-2 -182 0 -211 15 -242 39 -76 157 -76 196 0 15 31 17 60 15 243 l-3 209 -33 29 c-26 23 -41 29 -80 29 -41 0 -53 -5 -78 -31z\"\/><path d=\"M3085 3251 c-45 -19 -58 -50 -96 -229 -47 -217 -49 -260 -13 -295 52 -53 146 -42 177 20 16 31 87 366 87 410 0 70 -86 122 -155 94z\"\/><path d=\"M1751 3234 c-13 -9 -29 -31 -37 -50 -12 -29 -10 -49 21 -204 19 -94 39 -189 45 -210 14 -50 54 -80 110 -80 34 0 48 6 76 34 21 21 34 44 34 59 0 14 -18 113 -40 219 -37 178 -43 195 -70 221 -36 32 -101 37 -139 11z\"\/><path d=\"M1163 3073 c-36 -7 -73 -59 -73 -102 0 -56 133 -378 171 -413 34 -32 83 -37 129 -13 70 36 67 87 -16 290 -86 209 -89 214 -129 231 -35 14 -42 15 -82 7z\"\/><path d=\"M3689 3066 c-15 -9 -33 -30 -42 -48 -48 -103 -147 -355 -147 -375 0 -98 131 -148 192 -74 13 15 57 108 97 206 80 196 84 226 37 273 -30 30 -99 39 -137 18z\"\/><path d=\"M583 2784 c-38 -19 -67 -74 -58 -113 9 -42 211 -354 242 -373 16 -10 45 -18 66 -18 51 0 107 52 107 100 0 39 -1 41 -124 234 -80 126 -108 162 -133 173 -41 17 -61 16 -100 -3z\"\/><path d=\"M4250 2784 c-14 -9 -74 -91 -133 -183 -95 -150 -107 -173 -107 -213 0 -55 33 -94 87 -104 67 -13 90 8 211 198 130 202 137 225 78 284 -27 27 -42 34 -72 34 -22 0 -50 -8 -64 -16z\"\/><path d=\"M2275 2693 c-553 -48 -1095 -270 -1585 -649 -135 -104 -459 -423 -483 -476 -23 -49 -22 -139 2 -186 73 -142 361 -457 571 -626 285 -228 642 -407 990 -497 242 -63 336 -73 660 -74 310 0 370 5 595 52 535 111 1045 392 1455 803 122 121 250 273 275 326 19 41 19 137 0 174 -41 79 -309 363 -465 492 -447 370 -946 591 -1479 653 -113 14 -422 18 -536 8z m395 -428 c171 -34 330 -124 456 -258 112 -119 167 -219 211 -378 27 -96 24 -300 -5 -401 -72 -255 -236 -447 -474 -557 -132 -62 -201 -76 -368 -76 -167 0 -236 14 -368 76 -213 98 -373 271 -451 485 -162 444 86 934 547 1084 153 49 292 57 452 25z m909 -232 c222 -123 408 -262 593 -441 76 -74 138 -139 138 -144 0 -16 -233 -242 -330 -319 -155 -123 -309 -223 -461 -299 l-81 -41 32 46 c18 26 49 83 70 128 143 306 141 649 -6 957 -25 52 -61 116 -79 142 l-34 47 45 -20 c26 -10 76 -36 113 -56z m-2057 25 c-40 -58 -105 -190 -130 -263 -110 -324 -59 -707 132 -981 25 -35 42 -64 37 -64 -19 0 -241 119 -326 174 -188 122 -406 314 -532 468 l-58 71 108 103 c185 178 428 349 672 473 66 33 121 60 123 61 2 0 -10 -19 -26 -42z\"\/><path d=\"M2375 1950 c-198 -44 -350 -190 -395 -379 -18 -76 -8 -221 19 -290 114 -284 457 -406 731 -260 98 52 188 154 231 260 27 69 37 214 19 290 -38 163 -166 304 -326 360 -67 23 -215 33 -279 19z\"\/><\/g><\/svg><\/i> <img decoding=\"async\" width=\"16\" height=\"16\" alt=\"Loading\" src=\"https:\/\/esviafm.com\/wp-content\/plugins\/page-views-count\/ajax-loader-2x.gif\" border=0 \/><\/p>\n<div class=\"pvc_clear\"><\/div>\n","protected":false},"author":1,"featured_media":0,"comment_status":"open","ping_status":"open","sticky":false,"template":"","format":"standard","meta":{"_et_pb_use_builder":"","_et_pb_old_content":"","_et_gb_content_width":"","footnotes":""},"categories":[17],"tags":[],"class_list":["post-15359","post","type-post","status-publish","format-standard","hentry","category-internacionales"],"_links":{"self":[{"href":"https:\/\/esviafm.com\/index.php\/wp-json\/wp\/v2\/posts\/15359","targetHints":{"allow":["GET"]}}],"collection":[{"href":"https:\/\/esviafm.com\/index.php\/wp-json\/wp\/v2\/posts"}],"about":[{"href":"https:\/\/esviafm.com\/index.php\/wp-json\/wp\/v2\/types\/post"}],"author":[{"embeddable":true,"href":"https:\/\/esviafm.com\/index.php\/wp-json\/wp\/v2\/users\/1"}],"replies":[{"embeddable":true,"href":"https:\/\/esviafm.com\/index.php\/wp-json\/wp\/v2\/comments?post=15359"}],"version-history":[{"count":1,"href":"https:\/\/esviafm.com\/index.php\/wp-json\/wp\/v2\/posts\/15359\/revisions"}],"predecessor-version":[{"id":15361,"href":"https:\/\/esviafm.com\/index.php\/wp-json\/wp\/v2\/posts\/15359\/revisions\/15361"}],"wp:attachment":[{"href":"https:\/\/esviafm.com\/index.php\/wp-json\/wp\/v2\/media?parent=15359"}],"wp:term":[{"taxonomy":"category","embeddable":true,"href":"https:\/\/esviafm.com\/index.php\/wp-json\/wp\/v2\/categories?post=15359"},{"taxonomy":"post_tag","embeddable":true,"href":"https:\/\/esviafm.com\/index.php\/wp-json\/wp\/v2\/tags?post=15359"}],"curies":[{"name":"wp","href":"https:\/\/api.w.org\/{rel}","templated":true}]}}