{"id":15355,"date":"2024-06-04T07:55:39","date_gmt":"2024-06-04T12:25:39","guid":{"rendered":"https:\/\/esviafm.com\/?p=15355"},"modified":"2024-06-04T07:55:39","modified_gmt":"2024-06-04T12:25:39","slug":"tribunal-superior-electoral-de-brasil-no-enviara-mision-de-observacion-a-venezuela","status":"publish","type":"post","link":"https:\/\/esviafm.com\/index.php\/tribunal-superior-electoral-de-brasil-no-enviara-mision-de-observacion-a-venezuela\/","title":{"rendered":"Tribunal Superior Electoral de Brasil no enviar\u00e1 misi\u00f3n de observaci\u00f3n a Venezuela."},"content":{"rendered":"<p>El\u00a0<strong>Tribunal Superior Electoral<\/strong>\u00a0de Brasil ha decidido no desplegar observadores para las pr\u00f3ximas\u00a0<strong>elecciones presidenciales en Venezuela<\/strong>, previstas para el 28 de julio. La entidad no proporcion\u00f3 detalles sobre los motivos de esta decisi\u00f3n ni confirm\u00f3 su participaci\u00f3n en una misi\u00f3n de observaci\u00f3n del grupo BRICS, a pesar de haber sido invitada por el pa\u00eds anfitri\u00f3n.<\/p>\n<div class=\"google-auto-placed ap_container\"><ins class=\"adsbygoogle adsbygoogle-noablate\" data-ad-format=\"auto\" data-ad-client=\"ca-pub-1335675150850756\" data-adsbygoogle-status=\"done\" data-ad-status=\"unfilled\"><\/p>\n<div id=\"aswift_4_host\"><\/div>\n<p><\/ins><\/div>\n<p>Asimismo, no se ha confirmado si\u00a0<strong>Brasil\u00a0<\/strong>optar\u00e1 por enviar una delegaci\u00f3n de parlamentarios, una pr\u00e1ctica com\u00fan en otros procesos electorales regionales, seg\u00fan la rese\u00f1a de la agencia EFE.<\/p>\n<div class=\"td-a-ad id_inline_ad0 id_ad_content-horiz-right\"><\/div>\n<h2 class=\"wp-block-heading\">Negativa de Colombia para las elecciones en Venezuela<\/h2>\n<p>Esta noticia sigue al anuncio de\u00a0<strong>Colombia<\/strong>, que la semana pasada tambi\u00e9n\u00a0<a href=\"https:\/\/www.elimpulso.com\/2024\/05\/30\/colombia-descarta-enviar-observadores-a-elecciones-venezolanas-por-restricciones-de-tiempo-30may\/\">opt\u00f3 por no enviar observadores<\/a>. El canciller colombiano cit\u00f3 la falta de tiempo para organizar una misi\u00f3n que cumpla con los requisitos t\u00e9cnicos impuestos por Venezuela.<\/p>\n<p>\u00abTen\u00edamos la intenci\u00f3n de enviar unos observadores t\u00e9cnicos, tuvimos conversaciones con la MOE para hacer esa observaci\u00f3n, sin embargo, por el tiempo no se pod\u00eda estructurar una observaci\u00f3n con las caracter\u00edsticas t\u00e9cnicas que exig\u00eda la MOE\u00bb, manifest\u00f3 a los medios de comunicaci\u00f3n el ministro de Exteriores el pasado 30 de mayo.<\/p>\n<h2 class=\"wp-block-heading\">Movidas en el panorama electoral de Venezuela<\/h2>\n<p>En un giro reciente, el\u00a0<strong>Consejo Nacional Electoral<\/strong>\u00a0(CNE) de Venezuela\u00a0<a href=\"https:\/\/www.elimpulso.com\/2024\/05\/28\/cne-revoca-invitacion-a-la-union-europea-para-participar-como-observador-en-las-elecciones-28may\/\">cancel\u00f3 la invitaci\u00f3n previamente extendida a la Uni\u00f3n Europea para observar las elecciones<\/a>, en respuesta a la continuaci\u00f3n de sanciones impuestas por el bloque a figuras gubernamentales y al partido en el poder.<\/p>\n<p>La UE lament\u00f3 \u201cprofundamente\u201d, a trav\u00e9s de un comunicado difundido en su cuenta en la red social X, la\u00a0<a href=\"https:\/\/www.elimpulso.com\/2024\/05\/29\/union-europea-rechaza-revocacion-del-cne-para-observar-elecciones-presidenciales-29may\/\">\u201cdecisi\u00f3n unilateral\u201d del CNE de retirar la invitaci\u00f3n\u00a0<\/a>a dicha instituci\u00f3n para observar las elecciones presidenciales.<\/p>\n<p>La situaci\u00f3n electoral ha generado inquietud entre los l\u00edderes de Brasil y Colombia, quienes han manifestado su preocupaci\u00f3n por los obst\u00e1culos enfrentados por los candidatos de la oposici\u00f3n. A pesar de las tensiones diplom\u00e1ticas resultantes, la inscripci\u00f3n del exdiplom\u00e1tico\u00a0<strong><a href=\"https:\/\/www.elimpulso.com\/2024\/05\/13\/infografia-perfiles-de-los-candidatos-presidenciales-edmundo-gonzalez-urrutia-aspira-dirigir-una-transicion-democratica-13may\/\">Edmundo Gonz\u00e1lez Urrutia<\/a><\/strong>\u00a0como candidato presidencial por la principal coalici\u00f3n opositora parece indicar un avance en el proceso electoral.<\/p>\n<p>FUENTE: EL IMPULSO<\/p>\n<div class=\"pvc_clear\"><\/div>\n<p id=\"pvc_stats_15355\" class=\"pvc_stats all  \" data-element-id=\"15355\" style=\"\"><i class=\"pvc-stats-icon large\" aria-hidden=\"true\"><svg xmlns=\"http:\/\/www.w3.org\/2000\/svg\" version=\"1.0\" viewBox=\"0 0 502 315\" preserveAspectRatio=\"xMidYMid meet\"><g transform=\"translate(0,332) scale(0.1,-0.1)\" fill=\"\" stroke=\"none\"><path d=\"M2394 3279 l-29 -30 -3 -207 c-2 -182 0 -211 15 -242 39 -76 157 -76 196 0 15 31 17 60 15 243 l-3 209 -33 29 c-26 23 -41 29 -80 29 -41 0 -53 -5 -78 -31z\"\/><path d=\"M3085 3251 c-45 -19 -58 -50 -96 -229 -47 -217 -49 -260 -13 -295 52 -53 146 -42 177 20 16 31 87 366 87 410 0 70 -86 122 -155 94z\"\/><path d=\"M1751 3234 c-13 -9 -29 -31 -37 -50 -12 -29 -10 -49 21 -204 19 -94 39 -189 45 -210 14 -50 54 -80 110 -80 34 0 48 6 76 34 21 21 34 44 34 59 0 14 -18 113 -40 219 -37 178 -43 195 -70 221 -36 32 -101 37 -139 11z\"\/><path d=\"M1163 3073 c-36 -7 -73 -59 -73 -102 0 -56 133 -378 171 -413 34 -32 83 -37 129 -13 70 36 67 87 -16 290 -86 209 -89 214 -129 231 -35 14 -42 15 -82 7z\"\/><path d=\"M3689 3066 c-15 -9 -33 -30 -42 -48 -48 -103 -147 -355 -147 -375 0 -98 131 -148 192 -74 13 15 57 108 97 206 80 196 84 226 37 273 -30 30 -99 39 -137 18z\"\/><path d=\"M583 2784 c-38 -19 -67 -74 -58 -113 9 -42 211 -354 242 -373 16 -10 45 -18 66 -18 51 0 107 52 107 100 0 39 -1 41 -124 234 -80 126 -108 162 -133 173 -41 17 -61 16 -100 -3z\"\/><path d=\"M4250 2784 c-14 -9 -74 -91 -133 -183 -95 -150 -107 -173 -107 -213 0 -55 33 -94 87 -104 67 -13 90 8 211 198 130 202 137 225 78 284 -27 27 -42 34 -72 34 -22 0 -50 -8 -64 -16z\"\/><path d=\"M2275 2693 c-553 -48 -1095 -270 -1585 -649 -135 -104 -459 -423 -483 -476 -23 -49 -22 -139 2 -186 73 -142 361 -457 571 -626 285 -228 642 -407 990 -497 242 -63 336 -73 660 -74 310 0 370 5 595 52 535 111 1045 392 1455 803 122 121 250 273 275 326 19 41 19 137 0 174 -41 79 -309 363 -465 492 -447 370 -946 591 -1479 653 -113 14 -422 18 -536 8z m395 -428 c171 -34 330 -124 456 -258 112 -119 167 -219 211 -378 27 -96 24 -300 -5 -401 -72 -255 -236 -447 -474 -557 -132 -62 -201 -76 -368 -76 -167 0 -236 14 -368 76 -213 98 -373 271 -451 485 -162 444 86 934 547 1084 153 49 292 57 452 25z m909 -232 c222 -123 408 -262 593 -441 76 -74 138 -139 138 -144 0 -16 -233 -242 -330 -319 -155 -123 -309 -223 -461 -299 l-81 -41 32 46 c18 26 49 83 70 128 143 306 141 649 -6 957 -25 52 -61 116 -79 142 l-34 47 45 -20 c26 -10 76 -36 113 -56z m-2057 25 c-40 -58 -105 -190 -130 -263 -110 -324 -59 -707 132 -981 25 -35 42 -64 37 -64 -19 0 -241 119 -326 174 -188 122 -406 314 -532 468 l-58 71 108 103 c185 178 428 349 672 473 66 33 121 60 123 61 2 0 -10 -19 -26 -42z\"\/><path d=\"M2375 1950 c-198 -44 -350 -190 -395 -379 -18 -76 -8 -221 19 -290 114 -284 457 -406 731 -260 98 52 188 154 231 260 27 69 37 214 19 290 -38 163 -166 304 -326 360 -67 23 -215 33 -279 19z\"\/><\/g><\/svg><\/i> <img decoding=\"async\" width=\"16\" height=\"16\" alt=\"Loading\" src=\"https:\/\/esviafm.com\/wp-content\/plugins\/page-views-count\/ajax-loader-2x.gif\" border=0 \/><\/p>\n<div class=\"pvc_clear\"><\/div>\n","protected":false},"excerpt":{"rendered":"<p>El\u00a0Tribunal Superior Electoral\u00a0de Brasil ha decidido no desplegar observadores para las pr\u00f3ximas\u00a0elecciones presidenciales en Venezuela, previstas para el 28 de julio. La entidad no proporcion\u00f3 detalles sobre los motivos de esta decisi\u00f3n ni confirm\u00f3 su participaci\u00f3n en una misi\u00f3n de observaci\u00f3n del grupo BRICS, a pesar de haber sido invitada por el pa\u00eds anfitri\u00f3n. Asimismo, [&hellip;]<\/p>\n<div class=\"pvc_clear\"><\/div>\n<p id=\"pvc_stats_15355\" class=\"pvc_stats all  \" data-element-id=\"15355\" style=\"\"><i class=\"pvc-stats-icon large\" aria-hidden=\"true\"><svg xmlns=\"http:\/\/www.w3.org\/2000\/svg\" version=\"1.0\" viewBox=\"0 0 502 315\" preserveAspectRatio=\"xMidYMid meet\"><g transform=\"translate(0,332) scale(0.1,-0.1)\" fill=\"\" stroke=\"none\"><path d=\"M2394 3279 l-29 -30 -3 -207 c-2 -182 0 -211 15 -242 39 -76 157 -76 196 0 15 31 17 60 15 243 l-3 209 -33 29 c-26 23 -41 29 -80 29 -41 0 -53 -5 -78 -31z\"\/><path d=\"M3085 3251 c-45 -19 -58 -50 -96 -229 -47 -217 -49 -260 -13 -295 52 -53 146 -42 177 20 16 31 87 366 87 410 0 70 -86 122 -155 94z\"\/><path d=\"M1751 3234 c-13 -9 -29 -31 -37 -50 -12 -29 -10 -49 21 -204 19 -94 39 -189 45 -210 14 -50 54 -80 110 -80 34 0 48 6 76 34 21 21 34 44 34 59 0 14 -18 113 -40 219 -37 178 -43 195 -70 221 -36 32 -101 37 -139 11z\"\/><path d=\"M1163 3073 c-36 -7 -73 -59 -73 -102 0 -56 133 -378 171 -413 34 -32 83 -37 129 -13 70 36 67 87 -16 290 -86 209 -89 214 -129 231 -35 14 -42 15 -82 7z\"\/><path d=\"M3689 3066 c-15 -9 -33 -30 -42 -48 -48 -103 -147 -355 -147 -375 0 -98 131 -148 192 -74 13 15 57 108 97 206 80 196 84 226 37 273 -30 30 -99 39 -137 18z\"\/><path d=\"M583 2784 c-38 -19 -67 -74 -58 -113 9 -42 211 -354 242 -373 16 -10 45 -18 66 -18 51 0 107 52 107 100 0 39 -1 41 -124 234 -80 126 -108 162 -133 173 -41 17 -61 16 -100 -3z\"\/><path d=\"M4250 2784 c-14 -9 -74 -91 -133 -183 -95 -150 -107 -173 -107 -213 0 -55 33 -94 87 -104 67 -13 90 8 211 198 130 202 137 225 78 284 -27 27 -42 34 -72 34 -22 0 -50 -8 -64 -16z\"\/><path d=\"M2275 2693 c-553 -48 -1095 -270 -1585 -649 -135 -104 -459 -423 -483 -476 -23 -49 -22 -139 2 -186 73 -142 361 -457 571 -626 285 -228 642 -407 990 -497 242 -63 336 -73 660 -74 310 0 370 5 595 52 535 111 1045 392 1455 803 122 121 250 273 275 326 19 41 19 137 0 174 -41 79 -309 363 -465 492 -447 370 -946 591 -1479 653 -113 14 -422 18 -536 8z m395 -428 c171 -34 330 -124 456 -258 112 -119 167 -219 211 -378 27 -96 24 -300 -5 -401 -72 -255 -236 -447 -474 -557 -132 -62 -201 -76 -368 -76 -167 0 -236 14 -368 76 -213 98 -373 271 -451 485 -162 444 86 934 547 1084 153 49 292 57 452 25z m909 -232 c222 -123 408 -262 593 -441 76 -74 138 -139 138 -144 0 -16 -233 -242 -330 -319 -155 -123 -309 -223 -461 -299 l-81 -41 32 46 c18 26 49 83 70 128 143 306 141 649 -6 957 -25 52 -61 116 -79 142 l-34 47 45 -20 c26 -10 76 -36 113 -56z m-2057 25 c-40 -58 -105 -190 -130 -263 -110 -324 -59 -707 132 -981 25 -35 42 -64 37 -64 -19 0 -241 119 -326 174 -188 122 -406 314 -532 468 l-58 71 108 103 c185 178 428 349 672 473 66 33 121 60 123 61 2 0 -10 -19 -26 -42z\"\/><path d=\"M2375 1950 c-198 -44 -350 -190 -395 -379 -18 -76 -8 -221 19 -290 114 -284 457 -406 731 -260 98 52 188 154 231 260 27 69 37 214 19 290 -38 163 -166 304 -326 360 -67 23 -215 33 -279 19z\"\/><\/g><\/svg><\/i> <img decoding=\"async\" width=\"16\" height=\"16\" alt=\"Loading\" src=\"https:\/\/esviafm.com\/wp-content\/plugins\/page-views-count\/ajax-loader-2x.gif\" border=0 \/><\/p>\n<div class=\"pvc_clear\"><\/div>\n","protected":false},"author":1,"featured_media":0,"comment_status":"open","ping_status":"open","sticky":false,"template":"","format":"standard","meta":{"_et_pb_use_builder":"","_et_pb_old_content":"","_et_gb_content_width":"","footnotes":""},"categories":[17],"tags":[],"class_list":["post-15355","post","type-post","status-publish","format-standard","hentry","category-internacionales"],"_links":{"self":[{"href":"https:\/\/esviafm.com\/index.php\/wp-json\/wp\/v2\/posts\/15355","targetHints":{"allow":["GET"]}}],"collection":[{"href":"https:\/\/esviafm.com\/index.php\/wp-json\/wp\/v2\/posts"}],"about":[{"href":"https:\/\/esviafm.com\/index.php\/wp-json\/wp\/v2\/types\/post"}],"author":[{"embeddable":true,"href":"https:\/\/esviafm.com\/index.php\/wp-json\/wp\/v2\/users\/1"}],"replies":[{"embeddable":true,"href":"https:\/\/esviafm.com\/index.php\/wp-json\/wp\/v2\/comments?post=15355"}],"version-history":[{"count":1,"href":"https:\/\/esviafm.com\/index.php\/wp-json\/wp\/v2\/posts\/15355\/revisions"}],"predecessor-version":[{"id":15357,"href":"https:\/\/esviafm.com\/index.php\/wp-json\/wp\/v2\/posts\/15355\/revisions\/15357"}],"wp:attachment":[{"href":"https:\/\/esviafm.com\/index.php\/wp-json\/wp\/v2\/media?parent=15355"}],"wp:term":[{"taxonomy":"category","embeddable":true,"href":"https:\/\/esviafm.com\/index.php\/wp-json\/wp\/v2\/categories?post=15355"},{"taxonomy":"post_tag","embeddable":true,"href":"https:\/\/esviafm.com\/index.php\/wp-json\/wp\/v2\/tags?post=15355"}],"curies":[{"name":"wp","href":"https:\/\/api.w.org\/{rel}","templated":true}]}}