{"id":15225,"date":"2024-05-31T08:15:03","date_gmt":"2024-05-31T12:45:03","guid":{"rendered":"https:\/\/esviafm.com\/?p=15225"},"modified":"2024-05-31T08:15:03","modified_gmt":"2024-05-31T12:45:03","slug":"milei-defiende-en-california-que-el-estado-no-debe-hacer-nada-ante-una-muerte-por-hambre-alguien-lo-va-a-resolver","status":"publish","type":"post","link":"https:\/\/esviafm.com\/index.php\/milei-defiende-en-california-que-el-estado-no-debe-hacer-nada-ante-una-muerte-por-hambre-alguien-lo-va-a-resolver\/","title":{"rendered":"Milei defiende en California que el Estado no debe hacer nada ante una muerte por hambre: \u201cAlguien lo va a resolver\u201d"},"content":{"rendered":"<p class=\"\">De visita en California, Estados Unidos, el presidente Javier Milei mantuvo reuniones con empresarios del sector tecnol\u00f3gico, en busca de inversiones para Argentina, y volvi\u00f3 a su actividad favorita: disertar sobre sus ideas \u201clibertarias\u201d y anatemizar cualquier forma de intervenci\u00f3n estatal en la econom\u00eda. Este mi\u00e9rcoles fue en la Universidad de Stanford, donde habl\u00f3 durante casi una hora y pronunci\u00f3 una frase que ilustra su credo. \u201c\u00bfUstedes se creen que la gente es tan idiota que no va a poder decidir?\u201d, le pregunt\u00f3 a su auditorio. \u201cVa a llegar un momento que<a href=\"https:\/\/elpais.com\/argentina\/2024-03-03\/el-hambre-argentina.html\" target=\"_blank\" rel=\"noopener\" data-link-track-dtm=\"\" data-mrf-link=\"https:\/\/elpais.com\/argentina\/2024-03-03\/el-hambre-argentina.html\">\u00a0se va a morir de hambre<\/a>, con lo cual, digamos, o sea, va a decidir de alguna manera para no morirse. Entonces no necesito que alguien intervenga para resolverme la externalidad del consumo porque, a la postre, alguien lo va a resolver\u201d.<\/p>\n<div id=\"elpais_gpt-INTEXT\" data-google-query-id=\"CIvay_v0t4YDFcMligMdsTABhQ\">\n<div id=\"google_ads_iframe_7811748\/elpais_argentina_web_5__container__\" class=\"primisslate\">\n<div><\/div>\n<div id=\"primis_container_div\">El ultraderechista puso ese ejemplo para cuestionar el concepto de \u201cfallo de mercado\u201d, que en su visi\u00f3n nunca falla. Inevitablemente, la frase reson\u00f3 en Argentina en el contexto de la negativa del Gobierno a enviar alimentos a los comedores populares. En medio de una profunda crisis econ\u00f3mica y del aumento de la pobreza \u2014llega al 57,4% de la poblaci\u00f3n, seg\u00fan el Observatorio de la Deuda Social de la Universidad Cat\u00f3lica Argentina\u2014, la administraci\u00f3n de\u00a0<a href=\"https:\/\/elpais.com\/argentina\/2024-05-26\/milei-festeja-su-fama-mundial-sobre-una-argentina-en-llamas.html\" target=\"_blank\" rel=\"noopener\" data-link-track-dtm=\"\" data-mrf-link=\"https:\/\/elpais.com\/argentina\/2024-05-26\/milei-festeja-su-fama-mundial-sobre-una-argentina-en-llamas.html\">Milei<\/a>\u00a0suspendi\u00f3 en diciembre la entrega de comida denunciando supuestas irregularidades en los comedores administrados por cooperativas y organizaciones sociales. En los dep\u00f3sitos del Estado hay al menos 5.000 toneladas de alimentos no perecederos, comprados por el Gobierno anterior, a la espera de ser distribuidos, tal como orden\u00f3\u00a0<a href=\"https:\/\/elpais.com\/argentina\/2024-05-28\/un-fallo-judicial-exige-al-gobierno-de-milei-que-envie-alimentos-a-los-comedores-populares.html\" target=\"_blank\" rel=\"noopener\" data-link-track-dtm=\"\" data-mrf-link=\"https:\/\/elpais.com\/argentina\/2024-05-28\/un-fallo-judicial-exige-al-gobierno-de-milei-que-envie-alimentos-a-los-comedores-populares.html\">un fallo judicial a\u00fan incumplido<\/a>.<\/div>\n<\/div>\n<\/div>\n<div><\/div>\n<div>Milei se refiri\u00f3 la semana pasada a esa situaci\u00f3n, cuando sal\u00eda de una exposici\u00f3n rural. \u201c\u00bfPor qu\u00e9 no reparten los alimentos que est\u00e1n en los galpones?\u201d, le pregunt\u00f3 un periodista. \u201cS\u00ed, se est\u00e1n repartiendo, lo que pasa que hay gente que curra [roba], que est\u00e1 perdiendo su curro\u201d, contest\u00f3. \u201cLa gente no llega a fin de mes, presidente\u201d, insisti\u00f3 el cronista. \u201cSi la gente no llegara a fin de mes, se estar\u00eda muriendo en la calle\u201d, respondi\u00f3 Milei.<\/div>\n<div><\/div>\n<div>\n<p class=\"\">Mientras en Argentina su Gobierno intenta superar la<a href=\"https:\/\/elpais.com\/argentina\/2024-05-29\/el-gobierno-de-milei-se-autoinflige-una-crisis-para-intentar-recuperar-la-iniciativa.html\" target=\"_blank\" rel=\"noopener\" data-link-track-dtm=\"\" data-mrf-link=\"https:\/\/elpais.com\/argentina\/2024-05-29\/el-gobierno-de-milei-se-autoinflige-una-crisis-para-intentar-recuperar-la-iniciativa.html\">\u00a0crisis interna que deriv\u00f3 en el despido de su jefe de Gabinete<\/a>, el presidente Milei cumpli\u00f3 su segunda jornada de actividades en San Francisco. Al llegar a la Universidad de Stanford le dio la bienvenida un grupo de estudiantes con banderas de Palestina. \u201cMilei, fascista, \u00a1no queremos tu visita!\u201d, le gritaron. El mandatario, que apoya sin matices al Gobierno de Israel, les respondi\u00f3: \u201c\u00bfPor qu\u00e9 no van a estudiar? As\u00ed no dicen burradas. Los fascistas son los socialistas. Los liberales somos opositores. Dejen de defender a asesinos\u201d.<\/p>\n<p class=\"\">Ya dentro del edificio, Milei fue recibido por la exsecretaria de Estado Condoleezza Rice, directora del Instituto Hoover. All\u00ed, el presidente se reuni\u00f3 con profesores y luego dio su discurso sobre las bondades del libre mercado. \u201cLa intervenci\u00f3n del Estado siempre es mala, porque est\u00e1 basada en la fuerza\u201d, sostuvo. \u201cCuando m\u00e1s intervenci\u00f3n hay, cuando m\u00e1s se violenta y se vulnera el derecho de propiedad, la se\u00f1al que se trasmite cada vez es peor (\u2026) En todos los lugares donde se aplic\u00f3, el socialismo fue un fracaso en lo econ\u00f3mico, en lo social y en lo cultural\u201d, reiter\u00f3 sus afirmaciones habituales.<\/p>\n<p class=\"\">En su diatriba contra los \u201csocialismos del siglo XXI\u201d incluy\u00f3 en ese conjunto a distintos gobiernos latinoamericanos actuales y recientes, a los que sum\u00f3, sonriendo y alzando las cejas: \u201cY en Espa\u00f1a tienen a Pedro S\u00e1nchez, que es algo as\u00ed como un kirchnerista, ya no dir\u00eda de buenos modales, porque no los tiene\u201d. Espa\u00f1a acaba de oficializar el retiro de su embajadora en Argentina, despu\u00e9s de\u00a0<a href=\"https:\/\/elpais.com\/argentina\/2024-05-24\/milei-redobla-los-insultos-contra-sanchez-y-hace-malabares-para-justificar-su-viaje-a-espana.html\" target=\"_blank\" rel=\"noopener\" data-link-track-dtm=\"\" data-mrf-link=\"https:\/\/elpais.com\/argentina\/2024-05-24\/milei-redobla-los-insultos-contra-sanchez-y-hace-malabares-para-justificar-su-viaje-a-espana.html\">los insultos de Milei contra S\u00e1nchez y su esposa<\/a>.<\/p>\n<p>FUENTE: EL PA\u00cdS<\/p>\n<figure class=\"a_m a_m-h \"><\/figure>\n<\/div>\n<div class=\"pvc_clear\"><\/div>\n<p id=\"pvc_stats_15225\" class=\"pvc_stats all  \" data-element-id=\"15225\" style=\"\"><i class=\"pvc-stats-icon large\" aria-hidden=\"true\"><svg xmlns=\"http:\/\/www.w3.org\/2000\/svg\" version=\"1.0\" viewBox=\"0 0 502 315\" preserveAspectRatio=\"xMidYMid meet\"><g transform=\"translate(0,332) scale(0.1,-0.1)\" fill=\"\" stroke=\"none\"><path d=\"M2394 3279 l-29 -30 -3 -207 c-2 -182 0 -211 15 -242 39 -76 157 -76 196 0 15 31 17 60 15 243 l-3 209 -33 29 c-26 23 -41 29 -80 29 -41 0 -53 -5 -78 -31z\"\/><path d=\"M3085 3251 c-45 -19 -58 -50 -96 -229 -47 -217 -49 -260 -13 -295 52 -53 146 -42 177 20 16 31 87 366 87 410 0 70 -86 122 -155 94z\"\/><path d=\"M1751 3234 c-13 -9 -29 -31 -37 -50 -12 -29 -10 -49 21 -204 19 -94 39 -189 45 -210 14 -50 54 -80 110 -80 34 0 48 6 76 34 21 21 34 44 34 59 0 14 -18 113 -40 219 -37 178 -43 195 -70 221 -36 32 -101 37 -139 11z\"\/><path d=\"M1163 3073 c-36 -7 -73 -59 -73 -102 0 -56 133 -378 171 -413 34 -32 83 -37 129 -13 70 36 67 87 -16 290 -86 209 -89 214 -129 231 -35 14 -42 15 -82 7z\"\/><path d=\"M3689 3066 c-15 -9 -33 -30 -42 -48 -48 -103 -147 -355 -147 -375 0 -98 131 -148 192 -74 13 15 57 108 97 206 80 196 84 226 37 273 -30 30 -99 39 -137 18z\"\/><path d=\"M583 2784 c-38 -19 -67 -74 -58 -113 9 -42 211 -354 242 -373 16 -10 45 -18 66 -18 51 0 107 52 107 100 0 39 -1 41 -124 234 -80 126 -108 162 -133 173 -41 17 -61 16 -100 -3z\"\/><path d=\"M4250 2784 c-14 -9 -74 -91 -133 -183 -95 -150 -107 -173 -107 -213 0 -55 33 -94 87 -104 67 -13 90 8 211 198 130 202 137 225 78 284 -27 27 -42 34 -72 34 -22 0 -50 -8 -64 -16z\"\/><path d=\"M2275 2693 c-553 -48 -1095 -270 -1585 -649 -135 -104 -459 -423 -483 -476 -23 -49 -22 -139 2 -186 73 -142 361 -457 571 -626 285 -228 642 -407 990 -497 242 -63 336 -73 660 -74 310 0 370 5 595 52 535 111 1045 392 1455 803 122 121 250 273 275 326 19 41 19 137 0 174 -41 79 -309 363 -465 492 -447 370 -946 591 -1479 653 -113 14 -422 18 -536 8z m395 -428 c171 -34 330 -124 456 -258 112 -119 167 -219 211 -378 27 -96 24 -300 -5 -401 -72 -255 -236 -447 -474 -557 -132 -62 -201 -76 -368 -76 -167 0 -236 14 -368 76 -213 98 -373 271 -451 485 -162 444 86 934 547 1084 153 49 292 57 452 25z m909 -232 c222 -123 408 -262 593 -441 76 -74 138 -139 138 -144 0 -16 -233 -242 -330 -319 -155 -123 -309 -223 -461 -299 l-81 -41 32 46 c18 26 49 83 70 128 143 306 141 649 -6 957 -25 52 -61 116 -79 142 l-34 47 45 -20 c26 -10 76 -36 113 -56z m-2057 25 c-40 -58 -105 -190 -130 -263 -110 -324 -59 -707 132 -981 25 -35 42 -64 37 -64 -19 0 -241 119 -326 174 -188 122 -406 314 -532 468 l-58 71 108 103 c185 178 428 349 672 473 66 33 121 60 123 61 2 0 -10 -19 -26 -42z\"\/><path d=\"M2375 1950 c-198 -44 -350 -190 -395 -379 -18 -76 -8 -221 19 -290 114 -284 457 -406 731 -260 98 52 188 154 231 260 27 69 37 214 19 290 -38 163 -166 304 -326 360 -67 23 -215 33 -279 19z\"\/><\/g><\/svg><\/i> <img decoding=\"async\" width=\"16\" height=\"16\" alt=\"Loading\" src=\"https:\/\/esviafm.com\/wp-content\/plugins\/page-views-count\/ajax-loader-2x.gif\" border=0 \/><\/p>\n<div class=\"pvc_clear\"><\/div>\n","protected":false},"excerpt":{"rendered":"<p>De visita en California, Estados Unidos, el presidente Javier Milei mantuvo reuniones con empresarios del sector tecnol\u00f3gico, en busca de inversiones para Argentina, y volvi\u00f3 a su actividad favorita: disertar sobre sus ideas \u201clibertarias\u201d y anatemizar cualquier forma de intervenci\u00f3n estatal en la econom\u00eda. Este mi\u00e9rcoles fue en la Universidad de Stanford, donde habl\u00f3 durante [&hellip;]<\/p>\n<div class=\"pvc_clear\"><\/div>\n<p id=\"pvc_stats_15225\" class=\"pvc_stats all  \" data-element-id=\"15225\" style=\"\"><i class=\"pvc-stats-icon large\" aria-hidden=\"true\"><svg xmlns=\"http:\/\/www.w3.org\/2000\/svg\" version=\"1.0\" viewBox=\"0 0 502 315\" preserveAspectRatio=\"xMidYMid meet\"><g transform=\"translate(0,332) scale(0.1,-0.1)\" fill=\"\" stroke=\"none\"><path d=\"M2394 3279 l-29 -30 -3 -207 c-2 -182 0 -211 15 -242 39 -76 157 -76 196 0 15 31 17 60 15 243 l-3 209 -33 29 c-26 23 -41 29 -80 29 -41 0 -53 -5 -78 -31z\"\/><path d=\"M3085 3251 c-45 -19 -58 -50 -96 -229 -47 -217 -49 -260 -13 -295 52 -53 146 -42 177 20 16 31 87 366 87 410 0 70 -86 122 -155 94z\"\/><path d=\"M1751 3234 c-13 -9 -29 -31 -37 -50 -12 -29 -10 -49 21 -204 19 -94 39 -189 45 -210 14 -50 54 -80 110 -80 34 0 48 6 76 34 21 21 34 44 34 59 0 14 -18 113 -40 219 -37 178 -43 195 -70 221 -36 32 -101 37 -139 11z\"\/><path d=\"M1163 3073 c-36 -7 -73 -59 -73 -102 0 -56 133 -378 171 -413 34 -32 83 -37 129 -13 70 36 67 87 -16 290 -86 209 -89 214 -129 231 -35 14 -42 15 -82 7z\"\/><path d=\"M3689 3066 c-15 -9 -33 -30 -42 -48 -48 -103 -147 -355 -147 -375 0 -98 131 -148 192 -74 13 15 57 108 97 206 80 196 84 226 37 273 -30 30 -99 39 -137 18z\"\/><path d=\"M583 2784 c-38 -19 -67 -74 -58 -113 9 -42 211 -354 242 -373 16 -10 45 -18 66 -18 51 0 107 52 107 100 0 39 -1 41 -124 234 -80 126 -108 162 -133 173 -41 17 -61 16 -100 -3z\"\/><path d=\"M4250 2784 c-14 -9 -74 -91 -133 -183 -95 -150 -107 -173 -107 -213 0 -55 33 -94 87 -104 67 -13 90 8 211 198 130 202 137 225 78 284 -27 27 -42 34 -72 34 -22 0 -50 -8 -64 -16z\"\/><path d=\"M2275 2693 c-553 -48 -1095 -270 -1585 -649 -135 -104 -459 -423 -483 -476 -23 -49 -22 -139 2 -186 73 -142 361 -457 571 -626 285 -228 642 -407 990 -497 242 -63 336 -73 660 -74 310 0 370 5 595 52 535 111 1045 392 1455 803 122 121 250 273 275 326 19 41 19 137 0 174 -41 79 -309 363 -465 492 -447 370 -946 591 -1479 653 -113 14 -422 18 -536 8z m395 -428 c171 -34 330 -124 456 -258 112 -119 167 -219 211 -378 27 -96 24 -300 -5 -401 -72 -255 -236 -447 -474 -557 -132 -62 -201 -76 -368 -76 -167 0 -236 14 -368 76 -213 98 -373 271 -451 485 -162 444 86 934 547 1084 153 49 292 57 452 25z m909 -232 c222 -123 408 -262 593 -441 76 -74 138 -139 138 -144 0 -16 -233 -242 -330 -319 -155 -123 -309 -223 -461 -299 l-81 -41 32 46 c18 26 49 83 70 128 143 306 141 649 -6 957 -25 52 -61 116 -79 142 l-34 47 45 -20 c26 -10 76 -36 113 -56z m-2057 25 c-40 -58 -105 -190 -130 -263 -110 -324 -59 -707 132 -981 25 -35 42 -64 37 -64 -19 0 -241 119 -326 174 -188 122 -406 314 -532 468 l-58 71 108 103 c185 178 428 349 672 473 66 33 121 60 123 61 2 0 -10 -19 -26 -42z\"\/><path d=\"M2375 1950 c-198 -44 -350 -190 -395 -379 -18 -76 -8 -221 19 -290 114 -284 457 -406 731 -260 98 52 188 154 231 260 27 69 37 214 19 290 -38 163 -166 304 -326 360 -67 23 -215 33 -279 19z\"\/><\/g><\/svg><\/i> <img decoding=\"async\" width=\"16\" height=\"16\" alt=\"Loading\" src=\"https:\/\/esviafm.com\/wp-content\/plugins\/page-views-count\/ajax-loader-2x.gif\" border=0 \/><\/p>\n<div class=\"pvc_clear\"><\/div>\n","protected":false},"author":1,"featured_media":0,"comment_status":"open","ping_status":"open","sticky":false,"template":"","format":"standard","meta":{"_et_pb_use_builder":"","_et_pb_old_content":"","_et_gb_content_width":"","footnotes":""},"categories":[17],"tags":[],"class_list":["post-15225","post","type-post","status-publish","format-standard","hentry","category-internacionales"],"_links":{"self":[{"href":"https:\/\/esviafm.com\/index.php\/wp-json\/wp\/v2\/posts\/15225","targetHints":{"allow":["GET"]}}],"collection":[{"href":"https:\/\/esviafm.com\/index.php\/wp-json\/wp\/v2\/posts"}],"about":[{"href":"https:\/\/esviafm.com\/index.php\/wp-json\/wp\/v2\/types\/post"}],"author":[{"embeddable":true,"href":"https:\/\/esviafm.com\/index.php\/wp-json\/wp\/v2\/users\/1"}],"replies":[{"embeddable":true,"href":"https:\/\/esviafm.com\/index.php\/wp-json\/wp\/v2\/comments?post=15225"}],"version-history":[{"count":1,"href":"https:\/\/esviafm.com\/index.php\/wp-json\/wp\/v2\/posts\/15225\/revisions"}],"predecessor-version":[{"id":15227,"href":"https:\/\/esviafm.com\/index.php\/wp-json\/wp\/v2\/posts\/15225\/revisions\/15227"}],"wp:attachment":[{"href":"https:\/\/esviafm.com\/index.php\/wp-json\/wp\/v2\/media?parent=15225"}],"wp:term":[{"taxonomy":"category","embeddable":true,"href":"https:\/\/esviafm.com\/index.php\/wp-json\/wp\/v2\/categories?post=15225"},{"taxonomy":"post_tag","embeddable":true,"href":"https:\/\/esviafm.com\/index.php\/wp-json\/wp\/v2\/tags?post=15225"}],"curies":[{"name":"wp","href":"https:\/\/api.w.org\/{rel}","templated":true}]}}