{"id":15096,"date":"2024-05-29T07:19:47","date_gmt":"2024-05-29T11:49:47","guid":{"rendered":"https:\/\/esviafm.com\/?p=15096"},"modified":"2024-05-29T07:19:47","modified_gmt":"2024-05-29T11:49:47","slug":"espana-noruega-e-irlanda-reconocen-formalmente-a-palestina-como-estado","status":"publish","type":"post","link":"https:\/\/esviafm.com\/index.php\/espana-noruega-e-irlanda-reconocen-formalmente-a-palestina-como-estado\/","title":{"rendered":"Espa\u00f1a, Noruega e Irlanda reconocen formalmente a Palestina como Estado"},"content":{"rendered":"<p>Espa\u00f1a, Noruega e Irlanda reconocieron formalmente al Estado de Palestina este martes, tal como hab\u00edan anunciado que har\u00edan d\u00edas atr\u00e1s, con mensajes en los que destacaron la\u00a0<a href=\"https:\/\/cnnespanol.cnn.com\/2024\/01\/22\/solucion-dos-estados-israel-palestinos-orix\/\" target=\"_blank\" rel=\"noopener\">necesidad de alcanzar una soluci\u00f3n de dos Estados<\/a>\u00a0para poner fin al conflicto de Medio Oriente.<\/p>\n<p>&nbsp;<\/p>\n<h2>\u201cEs una necesidad perentoria si queremos entre todos avanzar hacia la paz\u00bb<\/h2>\n<p>La decisi\u00f3n de Espa\u00f1a fue tomada por \u201cuna cuesti\u00f3n de justicia hist\u00f3rica con las aspiraciones leg\u00edtimas del pueblo de Palestina\u201d, seg\u00fan dijo el presidente del Gobierno, Pedro S\u00e1nchez, en una declaraci\u00f3n institucional realizada a primera hora de la ma\u00f1ana.<\/p>\n<p>El canciller Jos\u00e9 Manuel Albares confirm\u00f3 m\u00e1s tarde en conferencia de prensa que se hab\u00eda realizado el reconocimiento durante una reuni\u00f3n de Gabinete. \u201cEs una necesidad perentoria si queremos entre todos avanzar hacia la paz\u201d, hab\u00eda dicho S\u00e1nchez m\u00e1s temprano.<\/p>\n<p>\u201cEl Estado de Palestina deber ser, en primer lugar, viable; con Cisjordania (Ribera Occidental del Jord\u00e1n) y Gaza conectadas por un corredor y con Jerusal\u00e9n Este como su capital, y unificados bajo el Gobierno leg\u00edtimo de la Autoridad Nacional Palestina\u201d, manifest\u00f3 S\u00e1nchez, a la vez que matizaba que no reconocer\u00e1n cambios en las l\u00edneas fronterizas de 1967 que no sean acordados por las partes.<\/p>\n<p>Dada la pol\u00e9mica que ha levantado esta decisi\u00f3n en jornadas anteriores, el jefe del Ejecutivo espa\u00f1ol se\u00f1al\u00f3 que esta decisi\u00f3n no se adopta \u201ccontra nadie, menos a\u00fan en contra de Israel, un pueblo amigo al que respetamos, al que apreciamos, y con el que queremos tener la mejor relaci\u00f3n posible\u201d.<\/p>\n<div class=\"outstream\"><\/div>\n<p>La semana anterior, el primer ministro de Israel, Benjamin Netanyahu, asegur\u00f3 en su cuenta oficial de X, antes Twitter, que este reconocimiento supone \u201cpremiar al terrorismo\u201d. Un planteamiento sobre el que S\u00e1nchez se ha posicionado en contra al declarar que esta decisi\u00f3n refleja su rechazo \u201cfrontal, rotundo a Hamas, que est\u00e1 en contra de la soluci\u00f3n de los dos Estados\u201d. Palabras a las que a\u00f1adi\u00f3 su condena a los ataques terroristas del 7 de octubre como forma de expresar su \u201ccompromiso absoluto en la lucha contra el terrorismo\u201d.<\/p>\n<p>De ahora en adelante, apuntaba S\u00e1nchez, procurar\u00e1n unir fuerzas para lograr que se materialice la soluci\u00f3n de los dos Estados con la vista puesta en tres prioridades: poner fin al conflicto en Gaza, dar apoyo a la Autoridad Nacional Palestina y cooperar con los pa\u00edses \u00e1rabes para lograr la paz en la regi\u00f3n.<\/p>\n<p>\u201cCon el paso que hoy damos, asumimos nuestra responsabilidad en la b\u00fasqueda de la paz, de la seguridad, de la prosperidad de todos los pueblos conforme al mandato que establece el pre\u00e1mbulo de la Constituci\u00f3n espa\u00f1ola, pero, por encima de todo, actuamos conforme a lo que se espera de un gran pa\u00eds como es Espa\u00f1a\u201d, zanjaba S\u00e1nchez.<\/p>\n<h2>\u00abLa comunidad internacional debe aumentar su apoyo pol\u00edtico y econ\u00f3mico a Palestina\u00bb<\/h2>\n<p>El ministro de Asuntos Exteriores de Noruega dijo que el reconocimiento oficial del martes marca \u00abun hito en la relaci\u00f3n entre Noruega y Palestina\u00bb.<\/p>\n<p>\u00abDurante m\u00e1s de 30 a\u00f1os, Noruega ha sido uno de los m\u00e1s firmes defensores de un Estado palestino\u00bb, dijo el canciller Espen Barth Eide en un comunicado este martes, cuando el reconocimiento formal del pa\u00eds entr\u00f3 en vigor. \u00abTengo confianza en que el gobierno palestino continuar\u00e1 con la dif\u00edcil tarea de reformar y sentar las bases para gobernar tanto la Ribera Occidental como Gaza despu\u00e9s de un alto el fuego\u00bb.<\/p>\n<p>\u00abEs lamentable que el gobierno israel\u00ed no muestre se\u00f1ales de comprometerse de manera constructiva\u00bb, a\u00f1adi\u00f3, afirmando que \u00abla comunidad internacional debe aumentar su apoyo pol\u00edtico y econ\u00f3mico a Palestina y continuar el trabajo por una soluci\u00f3n de dos Estados\u00bb.<\/p>\n<p>Eide entreg\u00f3 al primer ministro del Gobierno Aut\u00f3nomo Palestino, Mohammed Mustafa, \u00abun documento formal de reconocimiento\u00bb cuando se reunieron en Bruselas el domingo.<\/p>\n<h2>Irlanda pide a Netanyahu que \u00abdetenga la cat\u00e1strofe humanitaria\u00bb en Gaza<\/h2>\n<p>Irlanda tambi\u00e9n avanz\u00f3 el martes en el reconocimiento en una reuni\u00f3n gubernamental.<\/p>\n<p>\u00abEl Gobierno reconoce a Palestina como Estado soberano e independiente y acuerda establecer relaciones diplom\u00e1ticas plenas entre Dubl\u00edn y Ramala\u00bb, se\u00f1ala un comunicado oficial, en el que se a\u00f1ade que \u00abse nombrar\u00e1 un embajador de Irlanda en el Estado de Palestina, as\u00ed como una embajada de pleno derecho de Irlanda en Ramala\u00bb.<\/p>\n<p>El primer ministro Simon Harris declar\u00f3: \u00abHab\u00edamos querido reconocer a Palestina al final de un proceso de paz. Sin embargo, hemos dado este paso junto a Espa\u00f1a y Noruega para mantener vivo el milagro de la paz\u00bb.<\/p>\n<p>\u00abSe trata de creer que una soluci\u00f3n de dos Estados es la \u00fanica manera de que Israel y Palestina vivan uno al lado del otro en paz y seguridad\u00bb, a\u00f1adi\u00f3 Harris. \u00abVuelvo a pedir al primer ministro Netanyahu de Israel que escuche al mundo y detenga la cat\u00e1strofe humanitaria que estamos viendo en Gaza\u00bb.<\/p>\n<p>FUENTE: CNN<\/p>\n<div class=\"pvc_clear\"><\/div>\n<p id=\"pvc_stats_15096\" class=\"pvc_stats all  \" data-element-id=\"15096\" style=\"\"><i class=\"pvc-stats-icon large\" aria-hidden=\"true\"><svg xmlns=\"http:\/\/www.w3.org\/2000\/svg\" version=\"1.0\" viewBox=\"0 0 502 315\" preserveAspectRatio=\"xMidYMid meet\"><g transform=\"translate(0,332) scale(0.1,-0.1)\" fill=\"\" stroke=\"none\"><path d=\"M2394 3279 l-29 -30 -3 -207 c-2 -182 0 -211 15 -242 39 -76 157 -76 196 0 15 31 17 60 15 243 l-3 209 -33 29 c-26 23 -41 29 -80 29 -41 0 -53 -5 -78 -31z\"\/><path d=\"M3085 3251 c-45 -19 -58 -50 -96 -229 -47 -217 -49 -260 -13 -295 52 -53 146 -42 177 20 16 31 87 366 87 410 0 70 -86 122 -155 94z\"\/><path d=\"M1751 3234 c-13 -9 -29 -31 -37 -50 -12 -29 -10 -49 21 -204 19 -94 39 -189 45 -210 14 -50 54 -80 110 -80 34 0 48 6 76 34 21 21 34 44 34 59 0 14 -18 113 -40 219 -37 178 -43 195 -70 221 -36 32 -101 37 -139 11z\"\/><path d=\"M1163 3073 c-36 -7 -73 -59 -73 -102 0 -56 133 -378 171 -413 34 -32 83 -37 129 -13 70 36 67 87 -16 290 -86 209 -89 214 -129 231 -35 14 -42 15 -82 7z\"\/><path d=\"M3689 3066 c-15 -9 -33 -30 -42 -48 -48 -103 -147 -355 -147 -375 0 -98 131 -148 192 -74 13 15 57 108 97 206 80 196 84 226 37 273 -30 30 -99 39 -137 18z\"\/><path d=\"M583 2784 c-38 -19 -67 -74 -58 -113 9 -42 211 -354 242 -373 16 -10 45 -18 66 -18 51 0 107 52 107 100 0 39 -1 41 -124 234 -80 126 -108 162 -133 173 -41 17 -61 16 -100 -3z\"\/><path d=\"M4250 2784 c-14 -9 -74 -91 -133 -183 -95 -150 -107 -173 -107 -213 0 -55 33 -94 87 -104 67 -13 90 8 211 198 130 202 137 225 78 284 -27 27 -42 34 -72 34 -22 0 -50 -8 -64 -16z\"\/><path d=\"M2275 2693 c-553 -48 -1095 -270 -1585 -649 -135 -104 -459 -423 -483 -476 -23 -49 -22 -139 2 -186 73 -142 361 -457 571 -626 285 -228 642 -407 990 -497 242 -63 336 -73 660 -74 310 0 370 5 595 52 535 111 1045 392 1455 803 122 121 250 273 275 326 19 41 19 137 0 174 -41 79 -309 363 -465 492 -447 370 -946 591 -1479 653 -113 14 -422 18 -536 8z m395 -428 c171 -34 330 -124 456 -258 112 -119 167 -219 211 -378 27 -96 24 -300 -5 -401 -72 -255 -236 -447 -474 -557 -132 -62 -201 -76 -368 -76 -167 0 -236 14 -368 76 -213 98 -373 271 -451 485 -162 444 86 934 547 1084 153 49 292 57 452 25z m909 -232 c222 -123 408 -262 593 -441 76 -74 138 -139 138 -144 0 -16 -233 -242 -330 -319 -155 -123 -309 -223 -461 -299 l-81 -41 32 46 c18 26 49 83 70 128 143 306 141 649 -6 957 -25 52 -61 116 -79 142 l-34 47 45 -20 c26 -10 76 -36 113 -56z m-2057 25 c-40 -58 -105 -190 -130 -263 -110 -324 -59 -707 132 -981 25 -35 42 -64 37 -64 -19 0 -241 119 -326 174 -188 122 -406 314 -532 468 l-58 71 108 103 c185 178 428 349 672 473 66 33 121 60 123 61 2 0 -10 -19 -26 -42z\"\/><path d=\"M2375 1950 c-198 -44 -350 -190 -395 -379 -18 -76 -8 -221 19 -290 114 -284 457 -406 731 -260 98 52 188 154 231 260 27 69 37 214 19 290 -38 163 -166 304 -326 360 -67 23 -215 33 -279 19z\"\/><\/g><\/svg><\/i> <img decoding=\"async\" width=\"16\" height=\"16\" alt=\"Loading\" src=\"https:\/\/esviafm.com\/wp-content\/plugins\/page-views-count\/ajax-loader-2x.gif\" border=0 \/><\/p>\n<div class=\"pvc_clear\"><\/div>\n","protected":false},"excerpt":{"rendered":"<p>Espa\u00f1a, Noruega e Irlanda reconocieron formalmente al Estado de Palestina este martes, tal como hab\u00edan anunciado que har\u00edan d\u00edas atr\u00e1s, con mensajes en los que destacaron la\u00a0necesidad de alcanzar una soluci\u00f3n de dos Estados\u00a0para poner fin al conflicto de Medio Oriente. &nbsp; \u201cEs una necesidad perentoria si queremos entre todos avanzar hacia la paz\u00bb La [&hellip;]<\/p>\n<div class=\"pvc_clear\"><\/div>\n<p id=\"pvc_stats_15096\" class=\"pvc_stats all  \" data-element-id=\"15096\" style=\"\"><i class=\"pvc-stats-icon large\" aria-hidden=\"true\"><svg xmlns=\"http:\/\/www.w3.org\/2000\/svg\" version=\"1.0\" viewBox=\"0 0 502 315\" preserveAspectRatio=\"xMidYMid meet\"><g transform=\"translate(0,332) scale(0.1,-0.1)\" fill=\"\" stroke=\"none\"><path d=\"M2394 3279 l-29 -30 -3 -207 c-2 -182 0 -211 15 -242 39 -76 157 -76 196 0 15 31 17 60 15 243 l-3 209 -33 29 c-26 23 -41 29 -80 29 -41 0 -53 -5 -78 -31z\"\/><path d=\"M3085 3251 c-45 -19 -58 -50 -96 -229 -47 -217 -49 -260 -13 -295 52 -53 146 -42 177 20 16 31 87 366 87 410 0 70 -86 122 -155 94z\"\/><path d=\"M1751 3234 c-13 -9 -29 -31 -37 -50 -12 -29 -10 -49 21 -204 19 -94 39 -189 45 -210 14 -50 54 -80 110 -80 34 0 48 6 76 34 21 21 34 44 34 59 0 14 -18 113 -40 219 -37 178 -43 195 -70 221 -36 32 -101 37 -139 11z\"\/><path d=\"M1163 3073 c-36 -7 -73 -59 -73 -102 0 -56 133 -378 171 -413 34 -32 83 -37 129 -13 70 36 67 87 -16 290 -86 209 -89 214 -129 231 -35 14 -42 15 -82 7z\"\/><path d=\"M3689 3066 c-15 -9 -33 -30 -42 -48 -48 -103 -147 -355 -147 -375 0 -98 131 -148 192 -74 13 15 57 108 97 206 80 196 84 226 37 273 -30 30 -99 39 -137 18z\"\/><path d=\"M583 2784 c-38 -19 -67 -74 -58 -113 9 -42 211 -354 242 -373 16 -10 45 -18 66 -18 51 0 107 52 107 100 0 39 -1 41 -124 234 -80 126 -108 162 -133 173 -41 17 -61 16 -100 -3z\"\/><path d=\"M4250 2784 c-14 -9 -74 -91 -133 -183 -95 -150 -107 -173 -107 -213 0 -55 33 -94 87 -104 67 -13 90 8 211 198 130 202 137 225 78 284 -27 27 -42 34 -72 34 -22 0 -50 -8 -64 -16z\"\/><path d=\"M2275 2693 c-553 -48 -1095 -270 -1585 -649 -135 -104 -459 -423 -483 -476 -23 -49 -22 -139 2 -186 73 -142 361 -457 571 -626 285 -228 642 -407 990 -497 242 -63 336 -73 660 -74 310 0 370 5 595 52 535 111 1045 392 1455 803 122 121 250 273 275 326 19 41 19 137 0 174 -41 79 -309 363 -465 492 -447 370 -946 591 -1479 653 -113 14 -422 18 -536 8z m395 -428 c171 -34 330 -124 456 -258 112 -119 167 -219 211 -378 27 -96 24 -300 -5 -401 -72 -255 -236 -447 -474 -557 -132 -62 -201 -76 -368 -76 -167 0 -236 14 -368 76 -213 98 -373 271 -451 485 -162 444 86 934 547 1084 153 49 292 57 452 25z m909 -232 c222 -123 408 -262 593 -441 76 -74 138 -139 138 -144 0 -16 -233 -242 -330 -319 -155 -123 -309 -223 -461 -299 l-81 -41 32 46 c18 26 49 83 70 128 143 306 141 649 -6 957 -25 52 -61 116 -79 142 l-34 47 45 -20 c26 -10 76 -36 113 -56z m-2057 25 c-40 -58 -105 -190 -130 -263 -110 -324 -59 -707 132 -981 25 -35 42 -64 37 -64 -19 0 -241 119 -326 174 -188 122 -406 314 -532 468 l-58 71 108 103 c185 178 428 349 672 473 66 33 121 60 123 61 2 0 -10 -19 -26 -42z\"\/><path d=\"M2375 1950 c-198 -44 -350 -190 -395 -379 -18 -76 -8 -221 19 -290 114 -284 457 -406 731 -260 98 52 188 154 231 260 27 69 37 214 19 290 -38 163 -166 304 -326 360 -67 23 -215 33 -279 19z\"\/><\/g><\/svg><\/i> <img decoding=\"async\" width=\"16\" height=\"16\" alt=\"Loading\" src=\"https:\/\/esviafm.com\/wp-content\/plugins\/page-views-count\/ajax-loader-2x.gif\" border=0 \/><\/p>\n<div class=\"pvc_clear\"><\/div>\n","protected":false},"author":1,"featured_media":0,"comment_status":"open","ping_status":"open","sticky":false,"template":"","format":"standard","meta":{"_et_pb_use_builder":"","_et_pb_old_content":"","_et_gb_content_width":"","footnotes":""},"categories":[17],"tags":[],"class_list":["post-15096","post","type-post","status-publish","format-standard","hentry","category-internacionales"],"_links":{"self":[{"href":"https:\/\/esviafm.com\/index.php\/wp-json\/wp\/v2\/posts\/15096","targetHints":{"allow":["GET"]}}],"collection":[{"href":"https:\/\/esviafm.com\/index.php\/wp-json\/wp\/v2\/posts"}],"about":[{"href":"https:\/\/esviafm.com\/index.php\/wp-json\/wp\/v2\/types\/post"}],"author":[{"embeddable":true,"href":"https:\/\/esviafm.com\/index.php\/wp-json\/wp\/v2\/users\/1"}],"replies":[{"embeddable":true,"href":"https:\/\/esviafm.com\/index.php\/wp-json\/wp\/v2\/comments?post=15096"}],"version-history":[{"count":1,"href":"https:\/\/esviafm.com\/index.php\/wp-json\/wp\/v2\/posts\/15096\/revisions"}],"predecessor-version":[{"id":15098,"href":"https:\/\/esviafm.com\/index.php\/wp-json\/wp\/v2\/posts\/15096\/revisions\/15098"}],"wp:attachment":[{"href":"https:\/\/esviafm.com\/index.php\/wp-json\/wp\/v2\/media?parent=15096"}],"wp:term":[{"taxonomy":"category","embeddable":true,"href":"https:\/\/esviafm.com\/index.php\/wp-json\/wp\/v2\/categories?post=15096"},{"taxonomy":"post_tag","embeddable":true,"href":"https:\/\/esviafm.com\/index.php\/wp-json\/wp\/v2\/tags?post=15096"}],"curies":[{"name":"wp","href":"https:\/\/api.w.org\/{rel}","templated":true}]}}