{"id":15020,"date":"2024-05-28T06:57:15","date_gmt":"2024-05-28T11:27:15","guid":{"rendered":"https:\/\/esviafm.com\/?p=15020"},"modified":"2024-05-28T06:57:15","modified_gmt":"2024-05-28T11:27:15","slug":"el-papa-es-fuerte-y-esta-preparado-para-el-jubileo-que-atraera-a-32-millones-de-fieles","status":"publish","type":"post","link":"https:\/\/esviafm.com\/index.php\/el-papa-es-fuerte-y-esta-preparado-para-el-jubileo-que-atraera-a-32-millones-de-fieles\/","title":{"rendered":"El Papa \u00abes fuerte y est\u00e1 preparado\u00bb para el Jubileo, que atraer\u00e1 a 32 millones de fieles"},"content":{"rendered":"<div>El papa Francisco \u00abes muy fuerte\u00bb y \u00abest\u00e1 preparado\u00bb para afrontar todos los compromisos del Jubileo de 2025, en el que se espera acudan a Roma cerca 32 millones de personas, explic\u00f3 este lunes el responsable vaticano para el A\u00f1o Santo, Rino Fisichella.<\/p>\n<p>\u00abEl papa Francisco es muy fuerte afortunadamente y ya ha firmado todos los compromisos del calendario que le present\u00e9 hace meses, incluso en los \u00faltimos d\u00edas lo llev\u00e9 a una parroquia de la periferia de Roma y no quer\u00eda irse\u00bb, dijo Fisichella en un encuentro en la sede de la prensa extranjera sobre la salud del papa ante el intenso A\u00f1o Santo.<\/p>\n<p>Adelant\u00f3 que el pont\u00edfice \u00abha firmado el calendario y adem\u00e1s de las audiencias de los mi\u00e9rcoles tendr\u00e1 tambi\u00e9n audiencias los s\u00e1bados, extraordinarias\u00bb. \u00ab\u00c9l est\u00e1 preparado\u00bb, asegur\u00f3.<\/p>\n<p>Sobre la seguridad durante todo el Jubileo, el responsable vaticano respondi\u00f3: \u00abTodos estamos preocupados, la Santa Sede e Italia, pero debo confesar que Roma es una ciudad segura, aunque esto no significa bajar la guardia\u00bb.<\/p>\n<p>Explic\u00f3 que aunque \u00abno hay eventos espec\u00edficos para la promoci\u00f3n de la paz\u00bb se ha pensado en un \u00abJubileo de los gobernantes, al que asistir\u00e1n varios jefes de Estado o de Gobierno\u00bb y \u00abque podr\u00eda ser una gran oportunidad\u00bb para convertirse \u00aben un momento de confrontaci\u00f3n sobre la paz\u00bb.<\/p>\n<p>La cita con los Gobernadores ser\u00e1 entre el 20 y el 22 de junio de 2025, aunque los diversos programas preparados para la celebraci\u00f3n del A\u00f1o Santo se someter\u00e1n a la aprobaci\u00f3n del papa el pr\u00f3ximo 6 de junio.<\/p>\n<p>Sobre las previsiones de peregrinos que visitar\u00e1n Roma en el A\u00f1o Santo, Fisichella calcul\u00f3 que llegar\u00e1n 32 millones de personas y precis\u00f3 que los datos son fruto de un estudio de la facultad de sociolog\u00eda de Roma Tre, que se basa en diversos an\u00e1lisis.<\/p>\n<p>Preguntado tambi\u00e9n sobre qu\u00e9 pasar\u00eda con el Jubileo si el papa renunciara, el prelado se\u00f1al\u00f3: \u00abYo no soy canonista, sino te\u00f3logo pero el Jubileo cesar\u00eda\u00bb con una renuncia, \u00abcomo todas las actividades, porque los jefes de dicasterio, nosotros, cesamos en nuestro cargo una vez que el papa pone fecha a la renuncia\u00bb.<\/p>\n<p>Seg\u00fan la bula papal titulada \u00abSpes non confundit\u00bb (la esperanza no defrauda) con la que se anunci\u00f3 el que ser\u00e1 el primer Jubileo ordinario, el que se celebra cada 25 a\u00f1os, de Jorge Bergoglio, comenzar\u00e1 con la apertura de la Puerta Santa de la bas\u00edlica de San Pedro el pr\u00f3ximo 24 de diciembre y se clausurar\u00e1 el 6 de enero de 2026.<\/p><\/div>\n<div><\/div>\n<div>FUENTE: GLOBOVISION<\/div>\n<div class=\"pvc_clear\"><\/div>\n<p id=\"pvc_stats_15020\" class=\"pvc_stats all  \" data-element-id=\"15020\" style=\"\"><i class=\"pvc-stats-icon large\" aria-hidden=\"true\"><svg xmlns=\"http:\/\/www.w3.org\/2000\/svg\" version=\"1.0\" viewBox=\"0 0 502 315\" preserveAspectRatio=\"xMidYMid meet\"><g transform=\"translate(0,332) scale(0.1,-0.1)\" fill=\"\" stroke=\"none\"><path d=\"M2394 3279 l-29 -30 -3 -207 c-2 -182 0 -211 15 -242 39 -76 157 -76 196 0 15 31 17 60 15 243 l-3 209 -33 29 c-26 23 -41 29 -80 29 -41 0 -53 -5 -78 -31z\"\/><path d=\"M3085 3251 c-45 -19 -58 -50 -96 -229 -47 -217 -49 -260 -13 -295 52 -53 146 -42 177 20 16 31 87 366 87 410 0 70 -86 122 -155 94z\"\/><path d=\"M1751 3234 c-13 -9 -29 -31 -37 -50 -12 -29 -10 -49 21 -204 19 -94 39 -189 45 -210 14 -50 54 -80 110 -80 34 0 48 6 76 34 21 21 34 44 34 59 0 14 -18 113 -40 219 -37 178 -43 195 -70 221 -36 32 -101 37 -139 11z\"\/><path d=\"M1163 3073 c-36 -7 -73 -59 -73 -102 0 -56 133 -378 171 -413 34 -32 83 -37 129 -13 70 36 67 87 -16 290 -86 209 -89 214 -129 231 -35 14 -42 15 -82 7z\"\/><path d=\"M3689 3066 c-15 -9 -33 -30 -42 -48 -48 -103 -147 -355 -147 -375 0 -98 131 -148 192 -74 13 15 57 108 97 206 80 196 84 226 37 273 -30 30 -99 39 -137 18z\"\/><path d=\"M583 2784 c-38 -19 -67 -74 -58 -113 9 -42 211 -354 242 -373 16 -10 45 -18 66 -18 51 0 107 52 107 100 0 39 -1 41 -124 234 -80 126 -108 162 -133 173 -41 17 -61 16 -100 -3z\"\/><path d=\"M4250 2784 c-14 -9 -74 -91 -133 -183 -95 -150 -107 -173 -107 -213 0 -55 33 -94 87 -104 67 -13 90 8 211 198 130 202 137 225 78 284 -27 27 -42 34 -72 34 -22 0 -50 -8 -64 -16z\"\/><path d=\"M2275 2693 c-553 -48 -1095 -270 -1585 -649 -135 -104 -459 -423 -483 -476 -23 -49 -22 -139 2 -186 73 -142 361 -457 571 -626 285 -228 642 -407 990 -497 242 -63 336 -73 660 -74 310 0 370 5 595 52 535 111 1045 392 1455 803 122 121 250 273 275 326 19 41 19 137 0 174 -41 79 -309 363 -465 492 -447 370 -946 591 -1479 653 -113 14 -422 18 -536 8z m395 -428 c171 -34 330 -124 456 -258 112 -119 167 -219 211 -378 27 -96 24 -300 -5 -401 -72 -255 -236 -447 -474 -557 -132 -62 -201 -76 -368 -76 -167 0 -236 14 -368 76 -213 98 -373 271 -451 485 -162 444 86 934 547 1084 153 49 292 57 452 25z m909 -232 c222 -123 408 -262 593 -441 76 -74 138 -139 138 -144 0 -16 -233 -242 -330 -319 -155 -123 -309 -223 -461 -299 l-81 -41 32 46 c18 26 49 83 70 128 143 306 141 649 -6 957 -25 52 -61 116 -79 142 l-34 47 45 -20 c26 -10 76 -36 113 -56z m-2057 25 c-40 -58 -105 -190 -130 -263 -110 -324 -59 -707 132 -981 25 -35 42 -64 37 -64 -19 0 -241 119 -326 174 -188 122 -406 314 -532 468 l-58 71 108 103 c185 178 428 349 672 473 66 33 121 60 123 61 2 0 -10 -19 -26 -42z\"\/><path d=\"M2375 1950 c-198 -44 -350 -190 -395 -379 -18 -76 -8 -221 19 -290 114 -284 457 -406 731 -260 98 52 188 154 231 260 27 69 37 214 19 290 -38 163 -166 304 -326 360 -67 23 -215 33 -279 19z\"\/><\/g><\/svg><\/i> <img decoding=\"async\" width=\"16\" height=\"16\" alt=\"Loading\" src=\"https:\/\/esviafm.com\/wp-content\/plugins\/page-views-count\/ajax-loader-2x.gif\" border=0 \/><\/p>\n<div class=\"pvc_clear\"><\/div>\n","protected":false},"excerpt":{"rendered":"<p>El papa Francisco \u00abes muy fuerte\u00bb y \u00abest\u00e1 preparado\u00bb para afrontar todos los compromisos del Jubileo de 2025, en el que se espera acudan a Roma cerca 32 millones de personas, explic\u00f3 este lunes el responsable vaticano para el A\u00f1o Santo, Rino Fisichella. \u00abEl papa Francisco es muy fuerte afortunadamente y ya ha firmado todos [&hellip;]<\/p>\n<div class=\"pvc_clear\"><\/div>\n<p id=\"pvc_stats_15020\" class=\"pvc_stats all  \" data-element-id=\"15020\" style=\"\"><i class=\"pvc-stats-icon large\" aria-hidden=\"true\"><svg xmlns=\"http:\/\/www.w3.org\/2000\/svg\" version=\"1.0\" viewBox=\"0 0 502 315\" preserveAspectRatio=\"xMidYMid meet\"><g transform=\"translate(0,332) scale(0.1,-0.1)\" fill=\"\" stroke=\"none\"><path d=\"M2394 3279 l-29 -30 -3 -207 c-2 -182 0 -211 15 -242 39 -76 157 -76 196 0 15 31 17 60 15 243 l-3 209 -33 29 c-26 23 -41 29 -80 29 -41 0 -53 -5 -78 -31z\"\/><path d=\"M3085 3251 c-45 -19 -58 -50 -96 -229 -47 -217 -49 -260 -13 -295 52 -53 146 -42 177 20 16 31 87 366 87 410 0 70 -86 122 -155 94z\"\/><path d=\"M1751 3234 c-13 -9 -29 -31 -37 -50 -12 -29 -10 -49 21 -204 19 -94 39 -189 45 -210 14 -50 54 -80 110 -80 34 0 48 6 76 34 21 21 34 44 34 59 0 14 -18 113 -40 219 -37 178 -43 195 -70 221 -36 32 -101 37 -139 11z\"\/><path d=\"M1163 3073 c-36 -7 -73 -59 -73 -102 0 -56 133 -378 171 -413 34 -32 83 -37 129 -13 70 36 67 87 -16 290 -86 209 -89 214 -129 231 -35 14 -42 15 -82 7z\"\/><path d=\"M3689 3066 c-15 -9 -33 -30 -42 -48 -48 -103 -147 -355 -147 -375 0 -98 131 -148 192 -74 13 15 57 108 97 206 80 196 84 226 37 273 -30 30 -99 39 -137 18z\"\/><path d=\"M583 2784 c-38 -19 -67 -74 -58 -113 9 -42 211 -354 242 -373 16 -10 45 -18 66 -18 51 0 107 52 107 100 0 39 -1 41 -124 234 -80 126 -108 162 -133 173 -41 17 -61 16 -100 -3z\"\/><path d=\"M4250 2784 c-14 -9 -74 -91 -133 -183 -95 -150 -107 -173 -107 -213 0 -55 33 -94 87 -104 67 -13 90 8 211 198 130 202 137 225 78 284 -27 27 -42 34 -72 34 -22 0 -50 -8 -64 -16z\"\/><path d=\"M2275 2693 c-553 -48 -1095 -270 -1585 -649 -135 -104 -459 -423 -483 -476 -23 -49 -22 -139 2 -186 73 -142 361 -457 571 -626 285 -228 642 -407 990 -497 242 -63 336 -73 660 -74 310 0 370 5 595 52 535 111 1045 392 1455 803 122 121 250 273 275 326 19 41 19 137 0 174 -41 79 -309 363 -465 492 -447 370 -946 591 -1479 653 -113 14 -422 18 -536 8z m395 -428 c171 -34 330 -124 456 -258 112 -119 167 -219 211 -378 27 -96 24 -300 -5 -401 -72 -255 -236 -447 -474 -557 -132 -62 -201 -76 -368 -76 -167 0 -236 14 -368 76 -213 98 -373 271 -451 485 -162 444 86 934 547 1084 153 49 292 57 452 25z m909 -232 c222 -123 408 -262 593 -441 76 -74 138 -139 138 -144 0 -16 -233 -242 -330 -319 -155 -123 -309 -223 -461 -299 l-81 -41 32 46 c18 26 49 83 70 128 143 306 141 649 -6 957 -25 52 -61 116 -79 142 l-34 47 45 -20 c26 -10 76 -36 113 -56z m-2057 25 c-40 -58 -105 -190 -130 -263 -110 -324 -59 -707 132 -981 25 -35 42 -64 37 -64 -19 0 -241 119 -326 174 -188 122 -406 314 -532 468 l-58 71 108 103 c185 178 428 349 672 473 66 33 121 60 123 61 2 0 -10 -19 -26 -42z\"\/><path d=\"M2375 1950 c-198 -44 -350 -190 -395 -379 -18 -76 -8 -221 19 -290 114 -284 457 -406 731 -260 98 52 188 154 231 260 27 69 37 214 19 290 -38 163 -166 304 -326 360 -67 23 -215 33 -279 19z\"\/><\/g><\/svg><\/i> <img decoding=\"async\" width=\"16\" height=\"16\" alt=\"Loading\" src=\"https:\/\/esviafm.com\/wp-content\/plugins\/page-views-count\/ajax-loader-2x.gif\" border=0 \/><\/p>\n<div class=\"pvc_clear\"><\/div>\n","protected":false},"author":1,"featured_media":0,"comment_status":"open","ping_status":"open","sticky":false,"template":"","format":"standard","meta":{"_et_pb_use_builder":"","_et_pb_old_content":"","_et_gb_content_width":"","footnotes":""},"categories":[17],"tags":[],"class_list":["post-15020","post","type-post","status-publish","format-standard","hentry","category-internacionales"],"_links":{"self":[{"href":"https:\/\/esviafm.com\/index.php\/wp-json\/wp\/v2\/posts\/15020","targetHints":{"allow":["GET"]}}],"collection":[{"href":"https:\/\/esviafm.com\/index.php\/wp-json\/wp\/v2\/posts"}],"about":[{"href":"https:\/\/esviafm.com\/index.php\/wp-json\/wp\/v2\/types\/post"}],"author":[{"embeddable":true,"href":"https:\/\/esviafm.com\/index.php\/wp-json\/wp\/v2\/users\/1"}],"replies":[{"embeddable":true,"href":"https:\/\/esviafm.com\/index.php\/wp-json\/wp\/v2\/comments?post=15020"}],"version-history":[{"count":1,"href":"https:\/\/esviafm.com\/index.php\/wp-json\/wp\/v2\/posts\/15020\/revisions"}],"predecessor-version":[{"id":15022,"href":"https:\/\/esviafm.com\/index.php\/wp-json\/wp\/v2\/posts\/15020\/revisions\/15022"}],"wp:attachment":[{"href":"https:\/\/esviafm.com\/index.php\/wp-json\/wp\/v2\/media?parent=15020"}],"wp:term":[{"taxonomy":"category","embeddable":true,"href":"https:\/\/esviafm.com\/index.php\/wp-json\/wp\/v2\/categories?post=15020"},{"taxonomy":"post_tag","embeddable":true,"href":"https:\/\/esviafm.com\/index.php\/wp-json\/wp\/v2\/tags?post=15020"}],"curies":[{"name":"wp","href":"https:\/\/api.w.org\/{rel}","templated":true}]}}