{"id":14658,"date":"2024-05-22T07:26:44","date_gmt":"2024-05-22T11:56:44","guid":{"rendered":"https:\/\/esviafm.com\/?p=14658"},"modified":"2024-05-22T07:26:44","modified_gmt":"2024-05-22T11:56:44","slug":"miles-de-iranies-participan-en-las-procesiones-funebres-del-presidente-raisi-en-tabriz","status":"publish","type":"post","link":"https:\/\/esviafm.com\/index.php\/miles-de-iranies-participan-en-las-procesiones-funebres-del-presidente-raisi-en-tabriz\/","title":{"rendered":"Miles de iran\u00edes participan en las procesiones f\u00fanebres del presidente Raisi en Tabriz"},"content":{"rendered":"<p>Los iran\u00edes est\u00e1n de luto y as\u00ed le rinden homenaje este 21 de mayo al presidente Ebrahim Raisi, cuyo funeral comienza en Tabriz, capital de la provincia de Azerbaiy\u00e1n Oriental, provincia de Ir\u00e1n, donde falleci\u00f3 al estrellarse su helic\u00f3ptero.<\/p>\n<p>Este mismo martes, despu\u00e9s de Tabriz, el cuerpo de Raisi ser\u00e1 trasladado a la ciudad santa de Qom, al sur de Teher\u00e1n, antes de regresar a la capital.<\/p>\n<p>Est\u00e1 previsto que el l\u00edder supremo, el ayatol\u00e1 Al\u00ed Jamenei, m\u00e1xima autoridad en Ir\u00e1n, dirija las oraciones en una ceremonia de despedida prevista en Teher\u00e1n por la tarde, antes de las grandes procesiones que comenzar\u00e1n en la capital el mi\u00e9rcoles por la ma\u00f1ana.<\/p>\n<p>Los restos de Raisi ser\u00e1n trasladados el jueves por la ma\u00f1ana a la provincia de Joras\u00e1n del Sur (este), y despu\u00e9s a su ciudad natal, Mashhad (noreste), donde ser\u00e1 enterrado por la noche.<\/p>\n<div><\/div>\n<div>El helic\u00f3ptero del presidente regresaba a Tabriz, en el noroeste del pa\u00eds, tras asistir a la inauguraci\u00f3n conjunta de una presa con su hom\u00f3logo azer\u00ed, Ilham Aliyev, en la frontera com\u00fan.<\/p>\n<p>Las operaciones de b\u00fasqueda y rescate comenzaron el domingo por la tarde, cuando otros dos helic\u00f3pteros de su convoy perdieron contacto con su aeronave debido a las dif\u00edciles condiciones meteorol\u00f3gicas en esta regi\u00f3n escarpada y boscosa.<\/p><\/div>\n<div><\/div>\n<div>\n<div><b>Investigaci\u00f3n de las causas del accidente<\/b><\/div>\n<div><b><br \/>\n<\/b>La televisi\u00f3n estatal anunci\u00f3 su muerte el lunes por la ma\u00f1ana, diciendo que \u00abel servidor de la naci\u00f3n iran\u00ed, el ayatol\u00e1 Ebrahim Raisi, hab\u00eda alcanzado el nivel m\u00e1s alto del martirio\u00bb, mostrando fotos suyas mientras una voz recitaba el Cor\u00e1n.<\/p>\n<p>El jefe del Estado Mayor de las Fuerzas Armadas, Mohammad Bagheri, ha ordenado una investigaci\u00f3n sobre las causas del accidente. Numerosos pa\u00edses ofrecieron sus condolencias a la Rep\u00fablica Isl\u00e1mica.<\/p><\/div>\n<div><\/div>\n<div>En Ir\u00e1n se celebraron concentraciones en varias ciudades para rendir homenaje al fallecido presidente, que muri\u00f3 en el accidente junto con otras ocho personas, entre ellas el ministro de Asuntos Exteriores, Hossein Amir-Abdollahian, funcionarios de la provincia de Azerbaiy\u00e1n Oriental y el jefe de su equipo de seguridad. En Teher\u00e1n, miles de dolientes portando retratos de Raisi se congregaron el lunes en la plaza Valiasr, en el centro de la capital.<\/p>\n<p><b>Luto nacional<\/b><\/div>\n<div><b>\u00a0<\/b><\/div>\n<div>El l\u00edder supremo, el ayatol\u00e1 Al\u00ed Jamenei, ha declarado cinco d\u00edas de luto y ha nombrado al vicepresidente Mohammad Mokhber, de 68 a\u00f1os, presidente interino antes de las elecciones presidenciales, que deben celebrarse en un plazo de 50 d\u00edas y se han fijado para el 28 de junio.<\/p>\n<p>El principal negociador nuclear iran\u00ed, Ali Bagheri, que fue adjunto de Amir-Abdollahian, ha sido nombrado ministro de Asuntos Exteriores en funciones.<\/p><\/div>\n<div><\/div>\n<div>El ultraconservador Raisi, de 63 a\u00f1os, era considerado uno de los favoritos para suceder al ayatol\u00e1 Al\u00ed Jamenei, de 85 a\u00f1os.<\/p>\n<p>Llevaba en el poder desde 2021, sucediendo al presidente moderado Hassan Rohani, en un momento en que Ir\u00e1n se ve\u00eda sacudido por protestas callejeras, una crisis econ\u00f3mica agravada por las sanciones estadounidenses e intercambios armados con el archienemigo Israel.<\/p><\/div>\n<div><\/div>\n<div><b>Ir\u00e1n: la muerte de Raisi reabre la cuesti\u00f3n de la sucesi\u00f3n de Jamenei<br \/>\n<\/b>El Ham\u00e1s palestino, el Hezbol\u00e1 liban\u00e9s y Siria, todos ellos aliados de la Rep\u00fablica Isl\u00e1mica y que afirman formar parte del eje de resistencia contra Israel, rindieron homenaje al difunto presidente.<\/p>\n<p>La guerra de Gaza ha elevado las tensiones en la regi\u00f3n, y Teher\u00e1n lanz\u00f3 el 13 de abril un ataque sin precedentes contra Israel, utilizando 350 aviones no tripulados y misiles, la mayor\u00eda de los cuales fueron interceptados con ayuda de Estados Unidos y varios otros pa\u00edses aliados. El ataque fue una represalia por un mort\u00edfero ataque a\u00e9reo -del que se culp\u00f3 a Israel- que destruy\u00f3 el consulado iran\u00ed en Damasco.<\/p><\/div>\n<\/div>\n<div><\/div>\n<div><\/div>\n<div>FUENTE: EL UNIVERSAL<\/div>\n<div class=\"pvc_clear\"><\/div>\n<p id=\"pvc_stats_14658\" class=\"pvc_stats all  \" data-element-id=\"14658\" style=\"\"><i class=\"pvc-stats-icon large\" aria-hidden=\"true\"><svg xmlns=\"http:\/\/www.w3.org\/2000\/svg\" version=\"1.0\" viewBox=\"0 0 502 315\" preserveAspectRatio=\"xMidYMid meet\"><g transform=\"translate(0,332) scale(0.1,-0.1)\" fill=\"\" stroke=\"none\"><path d=\"M2394 3279 l-29 -30 -3 -207 c-2 -182 0 -211 15 -242 39 -76 157 -76 196 0 15 31 17 60 15 243 l-3 209 -33 29 c-26 23 -41 29 -80 29 -41 0 -53 -5 -78 -31z\"\/><path d=\"M3085 3251 c-45 -19 -58 -50 -96 -229 -47 -217 -49 -260 -13 -295 52 -53 146 -42 177 20 16 31 87 366 87 410 0 70 -86 122 -155 94z\"\/><path d=\"M1751 3234 c-13 -9 -29 -31 -37 -50 -12 -29 -10 -49 21 -204 19 -94 39 -189 45 -210 14 -50 54 -80 110 -80 34 0 48 6 76 34 21 21 34 44 34 59 0 14 -18 113 -40 219 -37 178 -43 195 -70 221 -36 32 -101 37 -139 11z\"\/><path d=\"M1163 3073 c-36 -7 -73 -59 -73 -102 0 -56 133 -378 171 -413 34 -32 83 -37 129 -13 70 36 67 87 -16 290 -86 209 -89 214 -129 231 -35 14 -42 15 -82 7z\"\/><path d=\"M3689 3066 c-15 -9 -33 -30 -42 -48 -48 -103 -147 -355 -147 -375 0 -98 131 -148 192 -74 13 15 57 108 97 206 80 196 84 226 37 273 -30 30 -99 39 -137 18z\"\/><path d=\"M583 2784 c-38 -19 -67 -74 -58 -113 9 -42 211 -354 242 -373 16 -10 45 -18 66 -18 51 0 107 52 107 100 0 39 -1 41 -124 234 -80 126 -108 162 -133 173 -41 17 -61 16 -100 -3z\"\/><path d=\"M4250 2784 c-14 -9 -74 -91 -133 -183 -95 -150 -107 -173 -107 -213 0 -55 33 -94 87 -104 67 -13 90 8 211 198 130 202 137 225 78 284 -27 27 -42 34 -72 34 -22 0 -50 -8 -64 -16z\"\/><path d=\"M2275 2693 c-553 -48 -1095 -270 -1585 -649 -135 -104 -459 -423 -483 -476 -23 -49 -22 -139 2 -186 73 -142 361 -457 571 -626 285 -228 642 -407 990 -497 242 -63 336 -73 660 -74 310 0 370 5 595 52 535 111 1045 392 1455 803 122 121 250 273 275 326 19 41 19 137 0 174 -41 79 -309 363 -465 492 -447 370 -946 591 -1479 653 -113 14 -422 18 -536 8z m395 -428 c171 -34 330 -124 456 -258 112 -119 167 -219 211 -378 27 -96 24 -300 -5 -401 -72 -255 -236 -447 -474 -557 -132 -62 -201 -76 -368 -76 -167 0 -236 14 -368 76 -213 98 -373 271 -451 485 -162 444 86 934 547 1084 153 49 292 57 452 25z m909 -232 c222 -123 408 -262 593 -441 76 -74 138 -139 138 -144 0 -16 -233 -242 -330 -319 -155 -123 -309 -223 -461 -299 l-81 -41 32 46 c18 26 49 83 70 128 143 306 141 649 -6 957 -25 52 -61 116 -79 142 l-34 47 45 -20 c26 -10 76 -36 113 -56z m-2057 25 c-40 -58 -105 -190 -130 -263 -110 -324 -59 -707 132 -981 25 -35 42 -64 37 -64 -19 0 -241 119 -326 174 -188 122 -406 314 -532 468 l-58 71 108 103 c185 178 428 349 672 473 66 33 121 60 123 61 2 0 -10 -19 -26 -42z\"\/><path d=\"M2375 1950 c-198 -44 -350 -190 -395 -379 -18 -76 -8 -221 19 -290 114 -284 457 -406 731 -260 98 52 188 154 231 260 27 69 37 214 19 290 -38 163 -166 304 -326 360 -67 23 -215 33 -279 19z\"\/><\/g><\/svg><\/i> <img decoding=\"async\" width=\"16\" height=\"16\" alt=\"Loading\" src=\"https:\/\/esviafm.com\/wp-content\/plugins\/page-views-count\/ajax-loader-2x.gif\" border=0 \/><\/p>\n<div class=\"pvc_clear\"><\/div>\n","protected":false},"excerpt":{"rendered":"<p>Los iran\u00edes est\u00e1n de luto y as\u00ed le rinden homenaje este 21 de mayo al presidente Ebrahim Raisi, cuyo funeral comienza en Tabriz, capital de la provincia de Azerbaiy\u00e1n Oriental, provincia de Ir\u00e1n, donde falleci\u00f3 al estrellarse su helic\u00f3ptero. Este mismo martes, despu\u00e9s de Tabriz, el cuerpo de Raisi ser\u00e1 trasladado a la ciudad santa [&hellip;]<\/p>\n<div class=\"pvc_clear\"><\/div>\n<p id=\"pvc_stats_14658\" class=\"pvc_stats all  \" data-element-id=\"14658\" style=\"\"><i class=\"pvc-stats-icon large\" aria-hidden=\"true\"><svg xmlns=\"http:\/\/www.w3.org\/2000\/svg\" version=\"1.0\" viewBox=\"0 0 502 315\" preserveAspectRatio=\"xMidYMid meet\"><g transform=\"translate(0,332) scale(0.1,-0.1)\" fill=\"\" stroke=\"none\"><path d=\"M2394 3279 l-29 -30 -3 -207 c-2 -182 0 -211 15 -242 39 -76 157 -76 196 0 15 31 17 60 15 243 l-3 209 -33 29 c-26 23 -41 29 -80 29 -41 0 -53 -5 -78 -31z\"\/><path d=\"M3085 3251 c-45 -19 -58 -50 -96 -229 -47 -217 -49 -260 -13 -295 52 -53 146 -42 177 20 16 31 87 366 87 410 0 70 -86 122 -155 94z\"\/><path d=\"M1751 3234 c-13 -9 -29 -31 -37 -50 -12 -29 -10 -49 21 -204 19 -94 39 -189 45 -210 14 -50 54 -80 110 -80 34 0 48 6 76 34 21 21 34 44 34 59 0 14 -18 113 -40 219 -37 178 -43 195 -70 221 -36 32 -101 37 -139 11z\"\/><path d=\"M1163 3073 c-36 -7 -73 -59 -73 -102 0 -56 133 -378 171 -413 34 -32 83 -37 129 -13 70 36 67 87 -16 290 -86 209 -89 214 -129 231 -35 14 -42 15 -82 7z\"\/><path d=\"M3689 3066 c-15 -9 -33 -30 -42 -48 -48 -103 -147 -355 -147 -375 0 -98 131 -148 192 -74 13 15 57 108 97 206 80 196 84 226 37 273 -30 30 -99 39 -137 18z\"\/><path d=\"M583 2784 c-38 -19 -67 -74 -58 -113 9 -42 211 -354 242 -373 16 -10 45 -18 66 -18 51 0 107 52 107 100 0 39 -1 41 -124 234 -80 126 -108 162 -133 173 -41 17 -61 16 -100 -3z\"\/><path d=\"M4250 2784 c-14 -9 -74 -91 -133 -183 -95 -150 -107 -173 -107 -213 0 -55 33 -94 87 -104 67 -13 90 8 211 198 130 202 137 225 78 284 -27 27 -42 34 -72 34 -22 0 -50 -8 -64 -16z\"\/><path d=\"M2275 2693 c-553 -48 -1095 -270 -1585 -649 -135 -104 -459 -423 -483 -476 -23 -49 -22 -139 2 -186 73 -142 361 -457 571 -626 285 -228 642 -407 990 -497 242 -63 336 -73 660 -74 310 0 370 5 595 52 535 111 1045 392 1455 803 122 121 250 273 275 326 19 41 19 137 0 174 -41 79 -309 363 -465 492 -447 370 -946 591 -1479 653 -113 14 -422 18 -536 8z m395 -428 c171 -34 330 -124 456 -258 112 -119 167 -219 211 -378 27 -96 24 -300 -5 -401 -72 -255 -236 -447 -474 -557 -132 -62 -201 -76 -368 -76 -167 0 -236 14 -368 76 -213 98 -373 271 -451 485 -162 444 86 934 547 1084 153 49 292 57 452 25z m909 -232 c222 -123 408 -262 593 -441 76 -74 138 -139 138 -144 0 -16 -233 -242 -330 -319 -155 -123 -309 -223 -461 -299 l-81 -41 32 46 c18 26 49 83 70 128 143 306 141 649 -6 957 -25 52 -61 116 -79 142 l-34 47 45 -20 c26 -10 76 -36 113 -56z m-2057 25 c-40 -58 -105 -190 -130 -263 -110 -324 -59 -707 132 -981 25 -35 42 -64 37 -64 -19 0 -241 119 -326 174 -188 122 -406 314 -532 468 l-58 71 108 103 c185 178 428 349 672 473 66 33 121 60 123 61 2 0 -10 -19 -26 -42z\"\/><path d=\"M2375 1950 c-198 -44 -350 -190 -395 -379 -18 -76 -8 -221 19 -290 114 -284 457 -406 731 -260 98 52 188 154 231 260 27 69 37 214 19 290 -38 163 -166 304 -326 360 -67 23 -215 33 -279 19z\"\/><\/g><\/svg><\/i> <img decoding=\"async\" width=\"16\" height=\"16\" alt=\"Loading\" src=\"https:\/\/esviafm.com\/wp-content\/plugins\/page-views-count\/ajax-loader-2x.gif\" border=0 \/><\/p>\n<div class=\"pvc_clear\"><\/div>\n","protected":false},"author":1,"featured_media":0,"comment_status":"open","ping_status":"open","sticky":false,"template":"","format":"standard","meta":{"_et_pb_use_builder":"","_et_pb_old_content":"","_et_gb_content_width":"","footnotes":""},"categories":[17],"tags":[],"class_list":["post-14658","post","type-post","status-publish","format-standard","hentry","category-internacionales"],"_links":{"self":[{"href":"https:\/\/esviafm.com\/index.php\/wp-json\/wp\/v2\/posts\/14658","targetHints":{"allow":["GET"]}}],"collection":[{"href":"https:\/\/esviafm.com\/index.php\/wp-json\/wp\/v2\/posts"}],"about":[{"href":"https:\/\/esviafm.com\/index.php\/wp-json\/wp\/v2\/types\/post"}],"author":[{"embeddable":true,"href":"https:\/\/esviafm.com\/index.php\/wp-json\/wp\/v2\/users\/1"}],"replies":[{"embeddable":true,"href":"https:\/\/esviafm.com\/index.php\/wp-json\/wp\/v2\/comments?post=14658"}],"version-history":[{"count":1,"href":"https:\/\/esviafm.com\/index.php\/wp-json\/wp\/v2\/posts\/14658\/revisions"}],"predecessor-version":[{"id":14660,"href":"https:\/\/esviafm.com\/index.php\/wp-json\/wp\/v2\/posts\/14658\/revisions\/14660"}],"wp:attachment":[{"href":"https:\/\/esviafm.com\/index.php\/wp-json\/wp\/v2\/media?parent=14658"}],"wp:term":[{"taxonomy":"category","embeddable":true,"href":"https:\/\/esviafm.com\/index.php\/wp-json\/wp\/v2\/categories?post=14658"},{"taxonomy":"post_tag","embeddable":true,"href":"https:\/\/esviafm.com\/index.php\/wp-json\/wp\/v2\/tags?post=14658"}],"curies":[{"name":"wp","href":"https:\/\/api.w.org\/{rel}","templated":true}]}}