{"id":14654,"date":"2024-05-22T07:23:27","date_gmt":"2024-05-22T11:53:27","guid":{"rendered":"https:\/\/esviafm.com\/?p=14654"},"modified":"2024-05-22T07:23:27","modified_gmt":"2024-05-22T11:53:27","slug":"espana-retira-a-embajadora-de-argentina-milei-lo-califica-de-disparate","status":"publish","type":"post","link":"https:\/\/esviafm.com\/index.php\/espana-retira-a-embajadora-de-argentina-milei-lo-califica-de-disparate\/","title":{"rendered":"Espa\u00f1a retira a embajadora de Argentina, Milei lo califica de disparate"},"content":{"rendered":"<p>La tensi\u00f3n entre Espa\u00f1a y Argentina escal\u00f3 al m\u00e1ximo el martes luego de la decisi\u00f3n del presidente del gobierno espa\u00f1ol, Pedro S\u00e1nchez, de retirar definitivamente a su embajadora en el pa\u00eds sudamericano, lo que fue calificado por el presidente argentino Javier Milei de \u201cun disparate propio de un socialista fatalmente arrogante\u201d.<\/p>\n<p>La medida de retirar a Mar\u00eda Jes\u00fas Alonso de su puesto en Buenos Aires fue anunciada por el ministro de Asuntos Exteriores de Espa\u00f1a, Jos\u00e9 Manuel Albares, a ra\u00edz de la escalada del enfrentamiento entre S\u00e1nchez y Milei, un economista de extrema derecha que asumi\u00f3 la presidencia en diciembre.<\/p>\n<p>\u201cLa embajadora se quedar\u00e1 definitivamente en Madrid. Argentina continuar\u00e1 sin embajador\u201d, dijo Albares en una rueda de prensa en la capital espa\u00f1ola.<\/p>\n<p>El funcionario espa\u00f1ol se\u00f1al\u00f3 que la relaci\u00f3n \u201ccontinuar\u00e1 a nivel encargado de negocios\u201d y consider\u00f3 que el conflicto bilateral \u201cno es solamente \u00fanico para este gobierno, sino \u00fanico en la historia de las relaciones internacionales\u201d, aunque luego acot\u00f3 que \u201cpara quien quiera entender la colaboraci\u00f3n es siempre m\u00e1s poderosa que la confrontaci\u00f3n\u201d.<\/p>\n<p>Conocida la noticia, Milei descalific\u00f3 a S\u00e1nchez y dijo que Argentina no tomar\u00e1 una medida similar con el embajador argentino en Espa\u00f1a, Roberto Bosch Est\u00e9vez. El mandatario tambi\u00e9n confirm\u00f3 que volver\u00e1 a Madrid el 21 de junio para recibir un premio del grupo de estudios liberal Instituto Juan de Mariana.<\/p>\n<p>\u201cLa cantidad de lazos comunes que tenemos, culturales, econ\u00f3micos lo determinan los individuos y esos v\u00ednculos van a permanecer. S\u00e1nchez se convertir\u00e1 en el hazmerre\u00edr de todo el mundo por la payasada que est\u00e1 haciendo como consecuencia de un tema de \u00edndole personal\u201d, sostuvo Milei en una entrevista con el canal de noticias por cable La Naci\u00f3n.<\/p>\n<div class=\"HTMLModuleEnhancement\" data-align-center=\"\">\n<div class=\"HTMLModuleEnhancement-item\">\n<div class=\"HTMLModuleEnhancement-embed\">\n<div class=\"HtmlModule\" data-module-tracksubscribe=\"\" data-gtm-topic=\"No Value\" data-module-number=\"2\" data-main-module-number=\"2\">\n<p class=\"embed-caption\">\n<\/div>\n<\/div>\n<\/div>\n<\/div>\n<p>Luego achac\u00f3 al S\u00e1nchez sufrir de un \u201ccomplejo de inferioridad\u201d. Asimismo, advirti\u00f3 que el premier espa\u00f1ol deber\u00eda ser ayudado por un psic\u00f3logo y su esposa Bego\u00f1a G\u00f3mez por \u201cun buen abogado\u201d porque \u201ctiene un mont\u00f3n de causas en las que est\u00e1 sospechado de tr\u00e1fico de influencias\u201d.<\/p>\n<p>G\u00f3mez ha sido blanco de cr\u00edticas del partido ultraderechista Vox y otros dirigentes de la derecha espa\u00f1ola a ra\u00edz de que un juzgado de Madrid abri\u00f3 una pesquisa para investigar si cometi\u00f3 alg\u00fan delito tras la denuncia realizada por el grupo conservador Manos Limpias de que habr\u00eda utilizado su posici\u00f3n para influir en acuerdos empresariales. M\u00e1s tarde, Manos Limpias reconoci\u00f3 que la demanda se basaba en reportes de medios y la fiscal\u00eda espa\u00f1ola indic\u00f3 que deb\u00eda desestimarse.<\/p>\n<p>La tormenta diplom\u00e1tica se termin\u00f3 de desatar el fin de semana luego de que durante una visita a Madrid el mandatario argentino critic\u00f3 a S\u00e1nchez y tach\u00f3 a su esposa de corrupta.<\/p>\n<p>Los dichos de Milei, realizados en una reuni\u00f3n de dirigentes de ultraderecha de Europa, provocaron que el gobierno de Espa\u00f1a primero llamara a consultas a su embajadora en Argentina y le exigiera al mandatario un pedido de disculpas.<\/p>\n<p>Luego de que el canciller espa\u00f1ol Albares expresara tambi\u00e9n el martes reparos a un nuevo viaje de Milei a Espa\u00f1a, el presidente argentino confirm\u00f3 la visita en X. \u201cVeremos hasta d\u00f3nde llega el totalitarismo en sangre\u201d, advirti\u00f3 Milei. \u201cAviso, yo viajar\u00e9 a recibir el Premio Juan de Mariana&#8230; veremos si su gran complejo de inferioridad le permite que los liberales espa\u00f1oles puedan galardonarme en persona\u201d.<\/p>\n<p>Sin \u00e1nimos de bajar el tono ante el peor conflicto diplom\u00e1tico entre ambas naciones, Milei considera que \u201cbajo ning\u00fan punto de vista\u201d pedir\u00eda disculpas al considerar que \u00e9l hab\u00eda sido el agredido.<\/p>\n<p>El mandatario argumenta que desde hace semanas es v\u00edctima de los embates de varios ministros de S\u00e1nchez que le han lanzado ataques de distinta \u00edndole, como que es un \u201cxen\u00f3fobo, mis\u00f3gino y cultor del odio\u201d o que consume drogas, tal como insinu\u00f3 el ministro de Transporte espa\u00f1ol, Oscar Puente. El funcionario espa\u00f1ol acept\u00f3 luego haber cometido un error tras la gran repercusi\u00f3n que tuvieron sus palabras en el pa\u00eds sudamericano.<\/p>\n<p>En el encuentro de ultraderechistas donde Milei arremeti\u00f3 contra S\u00e1nchez y su esposa participaron la l\u00edder de la Agrupaci\u00f3n Nacional de Francia, Marine Le Pen, y la primera ministra de Italia, Giorgia Meloni. Tuvo lugar en v\u00edsperas de los comicios del Parlamento Europeo que se celebrar\u00e1n entre el 6 y el 9 de junio en los 27 pa\u00edses de la Uni\u00f3n Europea y en los que se espera un fuerte crecimiento de la extrema derecha.<\/p>\n<p>Milei tambi\u00e9n afirm\u00f3 que la controversia entre ambos pa\u00edses \u201cest\u00e1 promovida desde el kirchnerismo para armar revuelo en Argentina\u201d, en referencia a la corriente de centroizquierda del peronismo que gobern\u00f3 el pa\u00eds gran parte de los \u00faltimos 20 a\u00f1os.<\/p>\n<p>Al respecto, dijo que el expresidente Alberto Fern\u00e1ndez (2019- 2023) es asesor de S\u00e1nchez y que \u00e9ste \u00faltimo \u201ctrabaja alineado con el kirchnerismo\u201d para sabotear a su gobierno.<\/p>\n<p>Fern\u00e1ndez replic\u00f3 en su cuenta de X \u2014antes Twitter\u2014que \u201cMilei hizo en Espa\u00f1a un desastre pol\u00edtico internacional de magnitud\u201d. \u201c\u00bfYo asesor de Pedro S\u00e1nchez? El presidente necesita prontamente asistencia psicol\u00f3gica\u201d, agreg\u00f3.<\/p>\n<p>Argentina y Espa\u00f1a mantienen fuertes v\u00ednculos afectivos y econ\u00f3micos. Argentina ha recibido diversas oleadas de inmigrantes espa\u00f1oles desde el siglo XIX y el pa\u00eds europeo acoge en la actualidad a decenas de miles de argentinos que en muchos casos se trasladaron all\u00ed huyendo de las crisis recurrentes de su pa\u00eds.<\/p>\n<p>Espa\u00f1a es el segundo mayor inversor en el pa\u00eds sudamericano despu\u00e9s de Estados Unidos, con m\u00e1s de 21.000 millones de d\u00f3lares en 2023, seg\u00fan datos del Banco Central argentino.<\/p>\n<p>FUENTE: AP NEWS<\/p>\n<div class=\"pvc_clear\"><\/div>\n<p id=\"pvc_stats_14654\" class=\"pvc_stats all  \" data-element-id=\"14654\" style=\"\"><i class=\"pvc-stats-icon large\" aria-hidden=\"true\"><svg xmlns=\"http:\/\/www.w3.org\/2000\/svg\" version=\"1.0\" viewBox=\"0 0 502 315\" preserveAspectRatio=\"xMidYMid meet\"><g transform=\"translate(0,332) scale(0.1,-0.1)\" fill=\"\" stroke=\"none\"><path d=\"M2394 3279 l-29 -30 -3 -207 c-2 -182 0 -211 15 -242 39 -76 157 -76 196 0 15 31 17 60 15 243 l-3 209 -33 29 c-26 23 -41 29 -80 29 -41 0 -53 -5 -78 -31z\"\/><path d=\"M3085 3251 c-45 -19 -58 -50 -96 -229 -47 -217 -49 -260 -13 -295 52 -53 146 -42 177 20 16 31 87 366 87 410 0 70 -86 122 -155 94z\"\/><path d=\"M1751 3234 c-13 -9 -29 -31 -37 -50 -12 -29 -10 -49 21 -204 19 -94 39 -189 45 -210 14 -50 54 -80 110 -80 34 0 48 6 76 34 21 21 34 44 34 59 0 14 -18 113 -40 219 -37 178 -43 195 -70 221 -36 32 -101 37 -139 11z\"\/><path d=\"M1163 3073 c-36 -7 -73 -59 -73 -102 0 -56 133 -378 171 -413 34 -32 83 -37 129 -13 70 36 67 87 -16 290 -86 209 -89 214 -129 231 -35 14 -42 15 -82 7z\"\/><path d=\"M3689 3066 c-15 -9 -33 -30 -42 -48 -48 -103 -147 -355 -147 -375 0 -98 131 -148 192 -74 13 15 57 108 97 206 80 196 84 226 37 273 -30 30 -99 39 -137 18z\"\/><path d=\"M583 2784 c-38 -19 -67 -74 -58 -113 9 -42 211 -354 242 -373 16 -10 45 -18 66 -18 51 0 107 52 107 100 0 39 -1 41 -124 234 -80 126 -108 162 -133 173 -41 17 -61 16 -100 -3z\"\/><path d=\"M4250 2784 c-14 -9 -74 -91 -133 -183 -95 -150 -107 -173 -107 -213 0 -55 33 -94 87 -104 67 -13 90 8 211 198 130 202 137 225 78 284 -27 27 -42 34 -72 34 -22 0 -50 -8 -64 -16z\"\/><path d=\"M2275 2693 c-553 -48 -1095 -270 -1585 -649 -135 -104 -459 -423 -483 -476 -23 -49 -22 -139 2 -186 73 -142 361 -457 571 -626 285 -228 642 -407 990 -497 242 -63 336 -73 660 -74 310 0 370 5 595 52 535 111 1045 392 1455 803 122 121 250 273 275 326 19 41 19 137 0 174 -41 79 -309 363 -465 492 -447 370 -946 591 -1479 653 -113 14 -422 18 -536 8z m395 -428 c171 -34 330 -124 456 -258 112 -119 167 -219 211 -378 27 -96 24 -300 -5 -401 -72 -255 -236 -447 -474 -557 -132 -62 -201 -76 -368 -76 -167 0 -236 14 -368 76 -213 98 -373 271 -451 485 -162 444 86 934 547 1084 153 49 292 57 452 25z m909 -232 c222 -123 408 -262 593 -441 76 -74 138 -139 138 -144 0 -16 -233 -242 -330 -319 -155 -123 -309 -223 -461 -299 l-81 -41 32 46 c18 26 49 83 70 128 143 306 141 649 -6 957 -25 52 -61 116 -79 142 l-34 47 45 -20 c26 -10 76 -36 113 -56z m-2057 25 c-40 -58 -105 -190 -130 -263 -110 -324 -59 -707 132 -981 25 -35 42 -64 37 -64 -19 0 -241 119 -326 174 -188 122 -406 314 -532 468 l-58 71 108 103 c185 178 428 349 672 473 66 33 121 60 123 61 2 0 -10 -19 -26 -42z\"\/><path d=\"M2375 1950 c-198 -44 -350 -190 -395 -379 -18 -76 -8 -221 19 -290 114 -284 457 -406 731 -260 98 52 188 154 231 260 27 69 37 214 19 290 -38 163 -166 304 -326 360 -67 23 -215 33 -279 19z\"\/><\/g><\/svg><\/i> <img decoding=\"async\" width=\"16\" height=\"16\" alt=\"Loading\" src=\"https:\/\/esviafm.com\/wp-content\/plugins\/page-views-count\/ajax-loader-2x.gif\" border=0 \/><\/p>\n<div class=\"pvc_clear\"><\/div>\n","protected":false},"excerpt":{"rendered":"<p>La tensi\u00f3n entre Espa\u00f1a y Argentina escal\u00f3 al m\u00e1ximo el martes luego de la decisi\u00f3n del presidente del gobierno espa\u00f1ol, Pedro S\u00e1nchez, de retirar definitivamente a su embajadora en el pa\u00eds sudamericano, lo que fue calificado por el presidente argentino Javier Milei de \u201cun disparate propio de un socialista fatalmente arrogante\u201d. La medida de retirar [&hellip;]<\/p>\n<div class=\"pvc_clear\"><\/div>\n<p id=\"pvc_stats_14654\" class=\"pvc_stats all  \" data-element-id=\"14654\" style=\"\"><i class=\"pvc-stats-icon large\" aria-hidden=\"true\"><svg xmlns=\"http:\/\/www.w3.org\/2000\/svg\" version=\"1.0\" viewBox=\"0 0 502 315\" preserveAspectRatio=\"xMidYMid meet\"><g transform=\"translate(0,332) scale(0.1,-0.1)\" fill=\"\" stroke=\"none\"><path d=\"M2394 3279 l-29 -30 -3 -207 c-2 -182 0 -211 15 -242 39 -76 157 -76 196 0 15 31 17 60 15 243 l-3 209 -33 29 c-26 23 -41 29 -80 29 -41 0 -53 -5 -78 -31z\"\/><path d=\"M3085 3251 c-45 -19 -58 -50 -96 -229 -47 -217 -49 -260 -13 -295 52 -53 146 -42 177 20 16 31 87 366 87 410 0 70 -86 122 -155 94z\"\/><path d=\"M1751 3234 c-13 -9 -29 -31 -37 -50 -12 -29 -10 -49 21 -204 19 -94 39 -189 45 -210 14 -50 54 -80 110 -80 34 0 48 6 76 34 21 21 34 44 34 59 0 14 -18 113 -40 219 -37 178 -43 195 -70 221 -36 32 -101 37 -139 11z\"\/><path d=\"M1163 3073 c-36 -7 -73 -59 -73 -102 0 -56 133 -378 171 -413 34 -32 83 -37 129 -13 70 36 67 87 -16 290 -86 209 -89 214 -129 231 -35 14 -42 15 -82 7z\"\/><path d=\"M3689 3066 c-15 -9 -33 -30 -42 -48 -48 -103 -147 -355 -147 -375 0 -98 131 -148 192 -74 13 15 57 108 97 206 80 196 84 226 37 273 -30 30 -99 39 -137 18z\"\/><path d=\"M583 2784 c-38 -19 -67 -74 -58 -113 9 -42 211 -354 242 -373 16 -10 45 -18 66 -18 51 0 107 52 107 100 0 39 -1 41 -124 234 -80 126 -108 162 -133 173 -41 17 -61 16 -100 -3z\"\/><path d=\"M4250 2784 c-14 -9 -74 -91 -133 -183 -95 -150 -107 -173 -107 -213 0 -55 33 -94 87 -104 67 -13 90 8 211 198 130 202 137 225 78 284 -27 27 -42 34 -72 34 -22 0 -50 -8 -64 -16z\"\/><path d=\"M2275 2693 c-553 -48 -1095 -270 -1585 -649 -135 -104 -459 -423 -483 -476 -23 -49 -22 -139 2 -186 73 -142 361 -457 571 -626 285 -228 642 -407 990 -497 242 -63 336 -73 660 -74 310 0 370 5 595 52 535 111 1045 392 1455 803 122 121 250 273 275 326 19 41 19 137 0 174 -41 79 -309 363 -465 492 -447 370 -946 591 -1479 653 -113 14 -422 18 -536 8z m395 -428 c171 -34 330 -124 456 -258 112 -119 167 -219 211 -378 27 -96 24 -300 -5 -401 -72 -255 -236 -447 -474 -557 -132 -62 -201 -76 -368 -76 -167 0 -236 14 -368 76 -213 98 -373 271 -451 485 -162 444 86 934 547 1084 153 49 292 57 452 25z m909 -232 c222 -123 408 -262 593 -441 76 -74 138 -139 138 -144 0 -16 -233 -242 -330 -319 -155 -123 -309 -223 -461 -299 l-81 -41 32 46 c18 26 49 83 70 128 143 306 141 649 -6 957 -25 52 -61 116 -79 142 l-34 47 45 -20 c26 -10 76 -36 113 -56z m-2057 25 c-40 -58 -105 -190 -130 -263 -110 -324 -59 -707 132 -981 25 -35 42 -64 37 -64 -19 0 -241 119 -326 174 -188 122 -406 314 -532 468 l-58 71 108 103 c185 178 428 349 672 473 66 33 121 60 123 61 2 0 -10 -19 -26 -42z\"\/><path d=\"M2375 1950 c-198 -44 -350 -190 -395 -379 -18 -76 -8 -221 19 -290 114 -284 457 -406 731 -260 98 52 188 154 231 260 27 69 37 214 19 290 -38 163 -166 304 -326 360 -67 23 -215 33 -279 19z\"\/><\/g><\/svg><\/i> <img decoding=\"async\" width=\"16\" height=\"16\" alt=\"Loading\" src=\"https:\/\/esviafm.com\/wp-content\/plugins\/page-views-count\/ajax-loader-2x.gif\" border=0 \/><\/p>\n<div class=\"pvc_clear\"><\/div>\n","protected":false},"author":1,"featured_media":0,"comment_status":"open","ping_status":"open","sticky":false,"template":"","format":"standard","meta":{"_et_pb_use_builder":"","_et_pb_old_content":"","_et_gb_content_width":"","footnotes":""},"categories":[17],"tags":[],"class_list":["post-14654","post","type-post","status-publish","format-standard","hentry","category-internacionales"],"_links":{"self":[{"href":"https:\/\/esviafm.com\/index.php\/wp-json\/wp\/v2\/posts\/14654","targetHints":{"allow":["GET"]}}],"collection":[{"href":"https:\/\/esviafm.com\/index.php\/wp-json\/wp\/v2\/posts"}],"about":[{"href":"https:\/\/esviafm.com\/index.php\/wp-json\/wp\/v2\/types\/post"}],"author":[{"embeddable":true,"href":"https:\/\/esviafm.com\/index.php\/wp-json\/wp\/v2\/users\/1"}],"replies":[{"embeddable":true,"href":"https:\/\/esviafm.com\/index.php\/wp-json\/wp\/v2\/comments?post=14654"}],"version-history":[{"count":1,"href":"https:\/\/esviafm.com\/index.php\/wp-json\/wp\/v2\/posts\/14654\/revisions"}],"predecessor-version":[{"id":14656,"href":"https:\/\/esviafm.com\/index.php\/wp-json\/wp\/v2\/posts\/14654\/revisions\/14656"}],"wp:attachment":[{"href":"https:\/\/esviafm.com\/index.php\/wp-json\/wp\/v2\/media?parent=14654"}],"wp:term":[{"taxonomy":"category","embeddable":true,"href":"https:\/\/esviafm.com\/index.php\/wp-json\/wp\/v2\/categories?post=14654"},{"taxonomy":"post_tag","embeddable":true,"href":"https:\/\/esviafm.com\/index.php\/wp-json\/wp\/v2\/tags?post=14654"}],"curies":[{"name":"wp","href":"https:\/\/api.w.org\/{rel}","templated":true}]}}