{"id":14582,"date":"2024-05-21T07:15:15","date_gmt":"2024-05-21T11:45:15","guid":{"rendered":"https:\/\/esviafm.com\/?p=14582"},"modified":"2024-05-21T07:15:15","modified_gmt":"2024-05-21T11:45:15","slug":"la-peticion-del-fiscal-de-la-corte-penal-internacional-de-ordenes-de-arresto-causa-la-indignacion-de-israel-y-la-condena-de-hamas","status":"publish","type":"post","link":"https:\/\/esviafm.com\/index.php\/la-peticion-del-fiscal-de-la-corte-penal-internacional-de-ordenes-de-arresto-causa-la-indignacion-de-israel-y-la-condena-de-hamas\/","title":{"rendered":"La petici\u00f3n del fiscal de la Corte Penal Internacional de \u00f3rdenes de arresto causa la indignaci\u00f3n de Israel y la condena de Hamas"},"content":{"rendered":"<p>Alegando presuntos\u00a0<strong>cr\u00edmenes de guerra<\/strong>\u00a0y\u00a0<strong>cr\u00edmenes contra la humanidad<\/strong>, el fiscal jefe de la\u00a0<strong>Corte Penal Internacional<\/strong>\u00a0(CPI), Karim Khan, ha solicitado la\u00a0<strong>autorizaci\u00f3n para emitir \u00f3rdenes de arresto<\/strong>\u00a0contra el primer ministro israel\u00ed,\u00a0<a href=\"https:\/\/www.elmundo.es\/e\/be\/benjamin-netanyahu.html\" data-mrf-link=\"https:\/\/www.elmundo.es\/e\/be\/benjamin-netanyahu.html\">Benjamin Netanyahu<\/a>, el ministro de Defensa,\u00a0<strong>Yoav Gallant<\/strong>, y los l\u00edderes del grupo integrista\u00a0<a href=\"https:\/\/www.elmundo.es\/e\/ha\/hamas.html\" data-mrf-link=\"https:\/\/www.elmundo.es\/e\/ha\/hamas.html\">Hamas<\/a>,\u00a0<strong>Ismail Haniyah<\/strong>, que tiene su sede en\u00a0<a href=\"https:\/\/www.elmundo.es\/internacional\/qatar.html\" data-mrf-link=\"https:\/\/www.elmundo.es\/internacional\/qatar.html\">Qatar<\/a>, y\u00a0<strong>Yehie Sinwar<\/strong>\u00a0y\u00a0<strong>Mohamed Deif<\/strong>\u00a0(jefe del brazo armado), escondidos supuestamente en alg\u00fan t\u00fanel en la\u00a0<a href=\"https:\/\/www.elmundo.es\/e\/fr\/franja-de-gaza.html\" data-mrf-link=\"https:\/\/www.elmundo.es\/e\/fr\/franja-de-gaza.html\">Franja de Gaza<\/a>.<\/p>\n<p>La\u00a0<a href=\"https:\/\/www.elmundo.es\/internacional\/guerra-israel.html\" data-mrf-link=\"https:\/\/www.elmundo.es\/internacional\/guerra-israel.html\">guerra<\/a>\u00a0en el enclave palestino -iniciada tras el\u00a0<strong>ataque de Hamas del pasado 7 de octubre<\/strong>\u00a0y sin un alto el fuego en el horizonte- no solo causa efectos en la regi\u00f3n sino que puede provocarlos en\u00a0<strong>La Haya<\/strong>\u00a0si un panel de tres juezas de CPI aprueban la petici\u00f3n de Khan.\u00a0<strong>Ser\u00eda la primera orden internacional de detenci\u00f3n contra un dirigente israel\u00ed<\/strong>. La posibilidad m\u00e1s que real de este dram\u00e1tico precedente hist\u00f3rico y la equiparaci\u00f3n con un grupo considerado terrorista por muchos pa\u00edses provocaron la ira generalizada en\u00a0<a href=\"https:\/\/www.elmundo.es\/internacional\/israel.html\" data-mrf-link=\"https:\/\/www.elmundo.es\/internacional\/israel.html\">Israel<\/a>\u00a0que niega las acusaciones, pero es consciente de que se encuentra en un momento trascendental en la arena internacional. Como suele hacer en situaciones cr\u00edticas, espera la ayuda de\u00a0<a href=\"https:\/\/www.elmundo.es\/internacional\/estados-unidos.html\" data-mrf-link=\"https:\/\/www.elmundo.es\/internacional\/estados-unidos.html\">EEUU<\/a>, cuyo presidente,\u00a0<a href=\"https:\/\/www.elmundo.es\/e\/jo\/joe-biden.html\" data-mrf-link=\"https:\/\/www.elmundo.es\/e\/jo\/joe-biden.html\">Joe Biden<\/a>, define la decisi\u00f3n de la Fiscal\u00eda como \u00abescandalosa\u00bb.<\/p>\n<p>Khan afirm\u00f3 que posee \u00abmotivos razonables para creer\u00bb que\u00a0<strong>Netanyahu y Gallant tienen \u00abresponsabilidad penal por cr\u00edmenes de guerra y contra la humanidad cometidos en el territorio del Estado de Palestina<\/strong>, en la Franja de Gaza, al menos desde el 8 de octubre\u00bb, citando, por ejemplo, el uso de\u00a0<strong>hambre como \u00abarma de guerra\u00bb<\/strong>, \u00abhomicidio intencional\u00bb y \u00abataques intencionados contra la poblaci\u00f3n civil\u00bb. Seg\u00fan anunci\u00f3, las pruebas recopiladas \u00abmuestran que Israel priv\u00f3 de forma intencional y sistem\u00e1tica a la poblaci\u00f3n civil de Gaza de objetos indispensables para la supervivencia humana\u00bb.<\/p>\n<p class=\"ue-c-article__paragraph\" data-mrf-recirculation=\"Links P\u00e1rrafos\">Como ejemplos de\u00a0<strong>cr\u00edmenes<\/strong>\u00a0de guerra y contra la humanidad\u00a0<strong>atribuidos a Hamas<\/strong>, Khan cit\u00f3\u00a0<strong>exterminio, asesinato, toma de rehenes<\/strong>, violaci\u00f3n y otros actos de violencia sexual en cautiverio y tortura. Sus solicitudes ante el tribunal son \u00abresultado de una investigaci\u00f3n independiente e imparcial\u00bb, a\u00f1adi\u00f3.<\/p>\n<p>\u00abFiscal de La Haya, \u00bfCon qu\u00e9 descaro comparas a Hamas, que asesin\u00f3, quem\u00f3, masacr\u00f3, viol\u00f3 y secuestr\u00f3 a nuestros hermanos y hermanas con los soldados que est\u00e1n librando una guerra m\u00e1s justa que ninguna otra y con \u00e9tica?\u00bb, reaccion\u00f3\u00a0<strong>Netanyahu<\/strong>\u00a0tras una orden que, dijo, es \u00abfalsa y absurda\u00bb y est\u00e1 dirigida tambi\u00e9n contra todo su pa\u00eds. En un mensaje a sus ciudadanos, prometi\u00f3: \u00abEl intento de atarnos las manos fracasar\u00e1\u00bb.<\/p>\n<p class=\"ue-c-article__paragraph\" data-mrf-recirculation=\"Links P\u00e1rrafos\">El presidente,\u00a0<strong>Isaac Herzog<\/strong>, alert\u00f3 de que \u00abcualquier intento de establecer paralelismos entre estos terroristas atroces y un Gobierno de Israel elegido democr\u00e1ticamente, que act\u00faa para cumplir con su deber de defender a sus ciudadanos respetando plenamente los principios del Derecho Internacional, es escandaloso\u00bb. Seg\u00fan \u00e9l, \u00abenvalentona a los terroristas en todo el mundo\u00bb.<\/p>\n<p class=\"ue-c-article__paragraph\" data-mrf-recirculation=\"Links P\u00e1rrafos\">\u00abLa escandalosa decisi\u00f3n es un implacable ataque frontal contra las v\u00edctimas del 7-O y nuestros 128 secuestrados en Gaza\u00bb, coment\u00f3 el ministro de Exteriores, Israel Katz mientras el ministro centrista Benny Gantz, con un pie fuera de la coalici\u00f3n, se\u00f1al\u00f3 que \u00absi el tribunal admite la petici\u00f3n del fiscal, ser\u00e1 un crimen hist\u00f3rico\u00bb. \u00abColocar a los l\u00edderes de un pa\u00eds que entr\u00f3 en batalla para proteger a sus ciudadanos en la misma l\u00ednea que terroristas sedientos de sangre es ceguera moral\u00bb, concluy\u00f3.<\/p>\n<p>Hamas, por su parte, conden\u00f3 \u00aben\u00e9rgicamente los intentos del fiscal de CPI de equiparar a las v\u00edctimas con los agresores emitiendo \u00f3rdenes de detenci\u00f3n contra varios dirigentes de la resistencia palestina sin base legal\u00bb. Tambi\u00e9n pidi\u00f3 a Khan que \u00abdicte \u00f3rdenes de detenci\u00f3n contra todos los criminales de guerra entre los dirigentes, oficiales y soldados de la ocupaci\u00f3n que participaron en cr\u00edmenes contra el pueblo palestino y la anulaci\u00f3n de todas las \u00f3rdenes de detenci\u00f3n dictadas contra dirigentes de la resistencia palestina\u00bb. Seg\u00fan el portavoz islamista Sami Abu Zuhri, la decisi\u00f3n \u00abalienta a Israel a continuar la guerra de exterminio\u00bb.<\/p>\n<p class=\"ue-c-article__paragraph\" data-mrf-recirculation=\"Links P\u00e1rrafos\"><strong>El F\u00f3rum de Familias de los Secuestrados aplaudi\u00f3 las \u00f3rdenes de arresto contra la c\u00fapula de Hamas<\/strong>\u00a0\u00abal reconocer cr\u00edmenes contra la humanidad que cometieron el 7 de octubre y contin\u00faan cometiendo: 128 rehenes inocentes de 24 naciones siguen cautivos en los t\u00faneles de Hamas donde sufren diariamente abuso f\u00edsico, sexual y psicol\u00f3gico\u00bb. Ante el estancamiento de la negociaci\u00f3n, exigi\u00f3 \u00abel inicio inmediato de las negociaciones que les liberen: los vivos para su rehabilitaci\u00f3n y los fallecidos para su entierro\u00bb.<\/p>\n<p data-mrf-recirculation=\"Links P\u00e1rrafos\">FUENTE: EL MUNDO<\/p>\n<div class=\"pvc_clear\"><\/div>\n<p id=\"pvc_stats_14582\" class=\"pvc_stats all  \" data-element-id=\"14582\" style=\"\"><i class=\"pvc-stats-icon large\" aria-hidden=\"true\"><svg xmlns=\"http:\/\/www.w3.org\/2000\/svg\" version=\"1.0\" viewBox=\"0 0 502 315\" preserveAspectRatio=\"xMidYMid meet\"><g transform=\"translate(0,332) scale(0.1,-0.1)\" fill=\"\" stroke=\"none\"><path d=\"M2394 3279 l-29 -30 -3 -207 c-2 -182 0 -211 15 -242 39 -76 157 -76 196 0 15 31 17 60 15 243 l-3 209 -33 29 c-26 23 -41 29 -80 29 -41 0 -53 -5 -78 -31z\"\/><path d=\"M3085 3251 c-45 -19 -58 -50 -96 -229 -47 -217 -49 -260 -13 -295 52 -53 146 -42 177 20 16 31 87 366 87 410 0 70 -86 122 -155 94z\"\/><path d=\"M1751 3234 c-13 -9 -29 -31 -37 -50 -12 -29 -10 -49 21 -204 19 -94 39 -189 45 -210 14 -50 54 -80 110 -80 34 0 48 6 76 34 21 21 34 44 34 59 0 14 -18 113 -40 219 -37 178 -43 195 -70 221 -36 32 -101 37 -139 11z\"\/><path d=\"M1163 3073 c-36 -7 -73 -59 -73 -102 0 -56 133 -378 171 -413 34 -32 83 -37 129 -13 70 36 67 87 -16 290 -86 209 -89 214 -129 231 -35 14 -42 15 -82 7z\"\/><path d=\"M3689 3066 c-15 -9 -33 -30 -42 -48 -48 -103 -147 -355 -147 -375 0 -98 131 -148 192 -74 13 15 57 108 97 206 80 196 84 226 37 273 -30 30 -99 39 -137 18z\"\/><path d=\"M583 2784 c-38 -19 -67 -74 -58 -113 9 -42 211 -354 242 -373 16 -10 45 -18 66 -18 51 0 107 52 107 100 0 39 -1 41 -124 234 -80 126 -108 162 -133 173 -41 17 -61 16 -100 -3z\"\/><path d=\"M4250 2784 c-14 -9 -74 -91 -133 -183 -95 -150 -107 -173 -107 -213 0 -55 33 -94 87 -104 67 -13 90 8 211 198 130 202 137 225 78 284 -27 27 -42 34 -72 34 -22 0 -50 -8 -64 -16z\"\/><path d=\"M2275 2693 c-553 -48 -1095 -270 -1585 -649 -135 -104 -459 -423 -483 -476 -23 -49 -22 -139 2 -186 73 -142 361 -457 571 -626 285 -228 642 -407 990 -497 242 -63 336 -73 660 -74 310 0 370 5 595 52 535 111 1045 392 1455 803 122 121 250 273 275 326 19 41 19 137 0 174 -41 79 -309 363 -465 492 -447 370 -946 591 -1479 653 -113 14 -422 18 -536 8z m395 -428 c171 -34 330 -124 456 -258 112 -119 167 -219 211 -378 27 -96 24 -300 -5 -401 -72 -255 -236 -447 -474 -557 -132 -62 -201 -76 -368 -76 -167 0 -236 14 -368 76 -213 98 -373 271 -451 485 -162 444 86 934 547 1084 153 49 292 57 452 25z m909 -232 c222 -123 408 -262 593 -441 76 -74 138 -139 138 -144 0 -16 -233 -242 -330 -319 -155 -123 -309 -223 -461 -299 l-81 -41 32 46 c18 26 49 83 70 128 143 306 141 649 -6 957 -25 52 -61 116 -79 142 l-34 47 45 -20 c26 -10 76 -36 113 -56z m-2057 25 c-40 -58 -105 -190 -130 -263 -110 -324 -59 -707 132 -981 25 -35 42 -64 37 -64 -19 0 -241 119 -326 174 -188 122 -406 314 -532 468 l-58 71 108 103 c185 178 428 349 672 473 66 33 121 60 123 61 2 0 -10 -19 -26 -42z\"\/><path d=\"M2375 1950 c-198 -44 -350 -190 -395 -379 -18 -76 -8 -221 19 -290 114 -284 457 -406 731 -260 98 52 188 154 231 260 27 69 37 214 19 290 -38 163 -166 304 -326 360 -67 23 -215 33 -279 19z\"\/><\/g><\/svg><\/i> <img decoding=\"async\" width=\"16\" height=\"16\" alt=\"Loading\" src=\"https:\/\/esviafm.com\/wp-content\/plugins\/page-views-count\/ajax-loader-2x.gif\" border=0 \/><\/p>\n<div class=\"pvc_clear\"><\/div>\n","protected":false},"excerpt":{"rendered":"<p>Alegando presuntos\u00a0cr\u00edmenes de guerra\u00a0y\u00a0cr\u00edmenes contra la humanidad, el fiscal jefe de la\u00a0Corte Penal Internacional\u00a0(CPI), Karim Khan, ha solicitado la\u00a0autorizaci\u00f3n para emitir \u00f3rdenes de arresto\u00a0contra el primer ministro israel\u00ed,\u00a0Benjamin Netanyahu, el ministro de Defensa,\u00a0Yoav Gallant, y los l\u00edderes del grupo integrista\u00a0Hamas,\u00a0Ismail Haniyah, que tiene su sede en\u00a0Qatar, y\u00a0Yehie Sinwar\u00a0y\u00a0Mohamed Deif\u00a0(jefe del brazo armado), escondidos supuestamente en [&hellip;]<\/p>\n<div class=\"pvc_clear\"><\/div>\n<p id=\"pvc_stats_14582\" class=\"pvc_stats all  \" data-element-id=\"14582\" style=\"\"><i class=\"pvc-stats-icon large\" aria-hidden=\"true\"><svg xmlns=\"http:\/\/www.w3.org\/2000\/svg\" version=\"1.0\" viewBox=\"0 0 502 315\" preserveAspectRatio=\"xMidYMid meet\"><g transform=\"translate(0,332) scale(0.1,-0.1)\" fill=\"\" stroke=\"none\"><path d=\"M2394 3279 l-29 -30 -3 -207 c-2 -182 0 -211 15 -242 39 -76 157 -76 196 0 15 31 17 60 15 243 l-3 209 -33 29 c-26 23 -41 29 -80 29 -41 0 -53 -5 -78 -31z\"\/><path d=\"M3085 3251 c-45 -19 -58 -50 -96 -229 -47 -217 -49 -260 -13 -295 52 -53 146 -42 177 20 16 31 87 366 87 410 0 70 -86 122 -155 94z\"\/><path d=\"M1751 3234 c-13 -9 -29 -31 -37 -50 -12 -29 -10 -49 21 -204 19 -94 39 -189 45 -210 14 -50 54 -80 110 -80 34 0 48 6 76 34 21 21 34 44 34 59 0 14 -18 113 -40 219 -37 178 -43 195 -70 221 -36 32 -101 37 -139 11z\"\/><path d=\"M1163 3073 c-36 -7 -73 -59 -73 -102 0 -56 133 -378 171 -413 34 -32 83 -37 129 -13 70 36 67 87 -16 290 -86 209 -89 214 -129 231 -35 14 -42 15 -82 7z\"\/><path d=\"M3689 3066 c-15 -9 -33 -30 -42 -48 -48 -103 -147 -355 -147 -375 0 -98 131 -148 192 -74 13 15 57 108 97 206 80 196 84 226 37 273 -30 30 -99 39 -137 18z\"\/><path d=\"M583 2784 c-38 -19 -67 -74 -58 -113 9 -42 211 -354 242 -373 16 -10 45 -18 66 -18 51 0 107 52 107 100 0 39 -1 41 -124 234 -80 126 -108 162 -133 173 -41 17 -61 16 -100 -3z\"\/><path d=\"M4250 2784 c-14 -9 -74 -91 -133 -183 -95 -150 -107 -173 -107 -213 0 -55 33 -94 87 -104 67 -13 90 8 211 198 130 202 137 225 78 284 -27 27 -42 34 -72 34 -22 0 -50 -8 -64 -16z\"\/><path d=\"M2275 2693 c-553 -48 -1095 -270 -1585 -649 -135 -104 -459 -423 -483 -476 -23 -49 -22 -139 2 -186 73 -142 361 -457 571 -626 285 -228 642 -407 990 -497 242 -63 336 -73 660 -74 310 0 370 5 595 52 535 111 1045 392 1455 803 122 121 250 273 275 326 19 41 19 137 0 174 -41 79 -309 363 -465 492 -447 370 -946 591 -1479 653 -113 14 -422 18 -536 8z m395 -428 c171 -34 330 -124 456 -258 112 -119 167 -219 211 -378 27 -96 24 -300 -5 -401 -72 -255 -236 -447 -474 -557 -132 -62 -201 -76 -368 -76 -167 0 -236 14 -368 76 -213 98 -373 271 -451 485 -162 444 86 934 547 1084 153 49 292 57 452 25z m909 -232 c222 -123 408 -262 593 -441 76 -74 138 -139 138 -144 0 -16 -233 -242 -330 -319 -155 -123 -309 -223 -461 -299 l-81 -41 32 46 c18 26 49 83 70 128 143 306 141 649 -6 957 -25 52 -61 116 -79 142 l-34 47 45 -20 c26 -10 76 -36 113 -56z m-2057 25 c-40 -58 -105 -190 -130 -263 -110 -324 -59 -707 132 -981 25 -35 42 -64 37 -64 -19 0 -241 119 -326 174 -188 122 -406 314 -532 468 l-58 71 108 103 c185 178 428 349 672 473 66 33 121 60 123 61 2 0 -10 -19 -26 -42z\"\/><path d=\"M2375 1950 c-198 -44 -350 -190 -395 -379 -18 -76 -8 -221 19 -290 114 -284 457 -406 731 -260 98 52 188 154 231 260 27 69 37 214 19 290 -38 163 -166 304 -326 360 -67 23 -215 33 -279 19z\"\/><\/g><\/svg><\/i> <img decoding=\"async\" width=\"16\" height=\"16\" alt=\"Loading\" src=\"https:\/\/esviafm.com\/wp-content\/plugins\/page-views-count\/ajax-loader-2x.gif\" border=0 \/><\/p>\n<div class=\"pvc_clear\"><\/div>\n","protected":false},"author":1,"featured_media":0,"comment_status":"open","ping_status":"open","sticky":false,"template":"","format":"standard","meta":{"_et_pb_use_builder":"","_et_pb_old_content":"","_et_gb_content_width":"","footnotes":""},"categories":[17],"tags":[],"class_list":["post-14582","post","type-post","status-publish","format-standard","hentry","category-internacionales"],"_links":{"self":[{"href":"https:\/\/esviafm.com\/index.php\/wp-json\/wp\/v2\/posts\/14582","targetHints":{"allow":["GET"]}}],"collection":[{"href":"https:\/\/esviafm.com\/index.php\/wp-json\/wp\/v2\/posts"}],"about":[{"href":"https:\/\/esviafm.com\/index.php\/wp-json\/wp\/v2\/types\/post"}],"author":[{"embeddable":true,"href":"https:\/\/esviafm.com\/index.php\/wp-json\/wp\/v2\/users\/1"}],"replies":[{"embeddable":true,"href":"https:\/\/esviafm.com\/index.php\/wp-json\/wp\/v2\/comments?post=14582"}],"version-history":[{"count":1,"href":"https:\/\/esviafm.com\/index.php\/wp-json\/wp\/v2\/posts\/14582\/revisions"}],"predecessor-version":[{"id":14584,"href":"https:\/\/esviafm.com\/index.php\/wp-json\/wp\/v2\/posts\/14582\/revisions\/14584"}],"wp:attachment":[{"href":"https:\/\/esviafm.com\/index.php\/wp-json\/wp\/v2\/media?parent=14582"}],"wp:term":[{"taxonomy":"category","embeddable":true,"href":"https:\/\/esviafm.com\/index.php\/wp-json\/wp\/v2\/categories?post=14582"},{"taxonomy":"post_tag","embeddable":true,"href":"https:\/\/esviafm.com\/index.php\/wp-json\/wp\/v2\/tags?post=14582"}],"curies":[{"name":"wp","href":"https:\/\/api.w.org\/{rel}","templated":true}]}}