{"id":14563,"date":"2024-05-21T06:54:15","date_gmt":"2024-05-21T11:24:15","guid":{"rendered":"https:\/\/esviafm.com\/?p=14563"},"modified":"2024-05-21T06:54:15","modified_gmt":"2024-05-21T11:24:15","slug":"gobierno-de-argentina-no-habra-ninguna-disculpa-a-espana","status":"publish","type":"post","link":"https:\/\/esviafm.com\/index.php\/gobierno-de-argentina-no-habra-ninguna-disculpa-a-espana\/","title":{"rendered":"Gobierno de Argentina: no habr\u00e1 \u00abninguna disculpa\u00bb a Espa\u00f1a"},"content":{"rendered":"<p>Funcionarios del Ejecutivo de Javier Milei negaron el domingo (19.05.2024) que el presidente de Argentina deba pedir perd\u00f3n al jefe del Gobierno espa\u00f1ol, Pedro S\u00e1nchez, asegurando que es S\u00e1nchez quien le debe \u00abvarias disculpas\u00bb a Milei por \u00abel maltrato recibido\u00bb de Espa\u00f1a.<\/p>\n<p>\u00abNo corresponde ninguna disculpa. Ninguna disculpa. Al contrario, yo creo que deber\u00eda haber varias disculpas del Gobierno espa\u00f1ol por las cosas que han dicho del presidente Milei\u00bb, declar\u00f3 al canal TN el ministro del Interior, Guillermo Francos, poco despu\u00e9s de que el vocero presidencial Manuel Adorni se expresara en el mismo sentido.<\/p>\n<p>Con esto, se rompi\u00f3 el silencio de la Casa Rosada (sede del Ejecutivo) tras la crisis diplom\u00e1tica abierta a ra\u00edz de que Milei insultase a S\u00e1nchez y tildase a su esposa, Bego\u00f1a G\u00f3mez, de \u00abcorrupta\u00bb, durante un evento organizado en Madrid por el partido ultraderechista espa\u00f1ol VOX.<\/p>\n<p>\u00abLo trataron de odiador, de negacionista, de &#8216;ingerir sustancias&#8217;, de autoritario, de antidemocr\u00e1tico y de ser gente &#8216;muy mala&#8217;. Ojal\u00e1 en alg\u00fan momento reflexionen y pidan sinceras disculpas\u00bb, poste\u00f3 en la red social X (antes Twitter) el vocero presidencial, la cara visible del Ejecutivo, pues comparece casi a diario en la Casa Rosada.<\/p>\n<p>Previamente, su n\u00famero dos, Javier Lanari, hab\u00eda usado la misma red para responsabilizar al Gobierno espa\u00f1ol de la escalada en la tensi\u00f3n diplom\u00e1tica. \u00abEl ministro de Transporte de Espa\u00f1a (\u00d3scar Puente) insult\u00f3 a Milei y lo trat\u00f3 de &#8216;drogadicto&#8217;. No fue el \u00fanico: la ministra de Ciencia espa\u00f1ola (Diana Morant) tild\u00f3 a Milei de &#8216;negacionista&#8217; y dijo que &#8216;atenta contra la democracia'\u00bb, public\u00f3.<\/p>\n<p>Milei regresa el 20 de mayo Argentina tras un fin de semana en Madrid en el que, adem\u00e1s de participar en el evento que convoc\u00f3 a una nutrida representaci\u00f3n de la ultraderecha mundial, present\u00f3 la edici\u00f3n espa\u00f1ola de su libro El camino del libertario y se reuni\u00f3 con l\u00edderes de las empresas espa\u00f1olas con m\u00e1s presencia en el pa\u00eds suramericano.<\/p>\n<p>FUENTE: EL UNIVERSAL<\/p>\n<div class=\"pvc_clear\"><\/div>\n<p id=\"pvc_stats_14563\" class=\"pvc_stats all  \" data-element-id=\"14563\" style=\"\"><i class=\"pvc-stats-icon large\" aria-hidden=\"true\"><svg xmlns=\"http:\/\/www.w3.org\/2000\/svg\" version=\"1.0\" viewBox=\"0 0 502 315\" preserveAspectRatio=\"xMidYMid meet\"><g transform=\"translate(0,332) scale(0.1,-0.1)\" fill=\"\" stroke=\"none\"><path d=\"M2394 3279 l-29 -30 -3 -207 c-2 -182 0 -211 15 -242 39 -76 157 -76 196 0 15 31 17 60 15 243 l-3 209 -33 29 c-26 23 -41 29 -80 29 -41 0 -53 -5 -78 -31z\"\/><path d=\"M3085 3251 c-45 -19 -58 -50 -96 -229 -47 -217 -49 -260 -13 -295 52 -53 146 -42 177 20 16 31 87 366 87 410 0 70 -86 122 -155 94z\"\/><path d=\"M1751 3234 c-13 -9 -29 -31 -37 -50 -12 -29 -10 -49 21 -204 19 -94 39 -189 45 -210 14 -50 54 -80 110 -80 34 0 48 6 76 34 21 21 34 44 34 59 0 14 -18 113 -40 219 -37 178 -43 195 -70 221 -36 32 -101 37 -139 11z\"\/><path d=\"M1163 3073 c-36 -7 -73 -59 -73 -102 0 -56 133 -378 171 -413 34 -32 83 -37 129 -13 70 36 67 87 -16 290 -86 209 -89 214 -129 231 -35 14 -42 15 -82 7z\"\/><path d=\"M3689 3066 c-15 -9 -33 -30 -42 -48 -48 -103 -147 -355 -147 -375 0 -98 131 -148 192 -74 13 15 57 108 97 206 80 196 84 226 37 273 -30 30 -99 39 -137 18z\"\/><path d=\"M583 2784 c-38 -19 -67 -74 -58 -113 9 -42 211 -354 242 -373 16 -10 45 -18 66 -18 51 0 107 52 107 100 0 39 -1 41 -124 234 -80 126 -108 162 -133 173 -41 17 -61 16 -100 -3z\"\/><path d=\"M4250 2784 c-14 -9 -74 -91 -133 -183 -95 -150 -107 -173 -107 -213 0 -55 33 -94 87 -104 67 -13 90 8 211 198 130 202 137 225 78 284 -27 27 -42 34 -72 34 -22 0 -50 -8 -64 -16z\"\/><path d=\"M2275 2693 c-553 -48 -1095 -270 -1585 -649 -135 -104 -459 -423 -483 -476 -23 -49 -22 -139 2 -186 73 -142 361 -457 571 -626 285 -228 642 -407 990 -497 242 -63 336 -73 660 -74 310 0 370 5 595 52 535 111 1045 392 1455 803 122 121 250 273 275 326 19 41 19 137 0 174 -41 79 -309 363 -465 492 -447 370 -946 591 -1479 653 -113 14 -422 18 -536 8z m395 -428 c171 -34 330 -124 456 -258 112 -119 167 -219 211 -378 27 -96 24 -300 -5 -401 -72 -255 -236 -447 -474 -557 -132 -62 -201 -76 -368 -76 -167 0 -236 14 -368 76 -213 98 -373 271 -451 485 -162 444 86 934 547 1084 153 49 292 57 452 25z m909 -232 c222 -123 408 -262 593 -441 76 -74 138 -139 138 -144 0 -16 -233 -242 -330 -319 -155 -123 -309 -223 -461 -299 l-81 -41 32 46 c18 26 49 83 70 128 143 306 141 649 -6 957 -25 52 -61 116 -79 142 l-34 47 45 -20 c26 -10 76 -36 113 -56z m-2057 25 c-40 -58 -105 -190 -130 -263 -110 -324 -59 -707 132 -981 25 -35 42 -64 37 -64 -19 0 -241 119 -326 174 -188 122 -406 314 -532 468 l-58 71 108 103 c185 178 428 349 672 473 66 33 121 60 123 61 2 0 -10 -19 -26 -42z\"\/><path d=\"M2375 1950 c-198 -44 -350 -190 -395 -379 -18 -76 -8 -221 19 -290 114 -284 457 -406 731 -260 98 52 188 154 231 260 27 69 37 214 19 290 -38 163 -166 304 -326 360 -67 23 -215 33 -279 19z\"\/><\/g><\/svg><\/i> <img decoding=\"async\" width=\"16\" height=\"16\" alt=\"Loading\" src=\"https:\/\/esviafm.com\/wp-content\/plugins\/page-views-count\/ajax-loader-2x.gif\" border=0 \/><\/p>\n<div class=\"pvc_clear\"><\/div>\n","protected":false},"excerpt":{"rendered":"<p>Funcionarios del Ejecutivo de Javier Milei negaron el domingo (19.05.2024) que el presidente de Argentina deba pedir perd\u00f3n al jefe del Gobierno espa\u00f1ol, Pedro S\u00e1nchez, asegurando que es S\u00e1nchez quien le debe \u00abvarias disculpas\u00bb a Milei por \u00abel maltrato recibido\u00bb de Espa\u00f1a. \u00abNo corresponde ninguna disculpa. Ninguna disculpa. Al contrario, yo creo que deber\u00eda haber [&hellip;]<\/p>\n<div class=\"pvc_clear\"><\/div>\n<p id=\"pvc_stats_14563\" class=\"pvc_stats all  \" data-element-id=\"14563\" style=\"\"><i class=\"pvc-stats-icon large\" aria-hidden=\"true\"><svg xmlns=\"http:\/\/www.w3.org\/2000\/svg\" version=\"1.0\" viewBox=\"0 0 502 315\" preserveAspectRatio=\"xMidYMid meet\"><g transform=\"translate(0,332) scale(0.1,-0.1)\" fill=\"\" stroke=\"none\"><path d=\"M2394 3279 l-29 -30 -3 -207 c-2 -182 0 -211 15 -242 39 -76 157 -76 196 0 15 31 17 60 15 243 l-3 209 -33 29 c-26 23 -41 29 -80 29 -41 0 -53 -5 -78 -31z\"\/><path d=\"M3085 3251 c-45 -19 -58 -50 -96 -229 -47 -217 -49 -260 -13 -295 52 -53 146 -42 177 20 16 31 87 366 87 410 0 70 -86 122 -155 94z\"\/><path d=\"M1751 3234 c-13 -9 -29 -31 -37 -50 -12 -29 -10 -49 21 -204 19 -94 39 -189 45 -210 14 -50 54 -80 110 -80 34 0 48 6 76 34 21 21 34 44 34 59 0 14 -18 113 -40 219 -37 178 -43 195 -70 221 -36 32 -101 37 -139 11z\"\/><path d=\"M1163 3073 c-36 -7 -73 -59 -73 -102 0 -56 133 -378 171 -413 34 -32 83 -37 129 -13 70 36 67 87 -16 290 -86 209 -89 214 -129 231 -35 14 -42 15 -82 7z\"\/><path d=\"M3689 3066 c-15 -9 -33 -30 -42 -48 -48 -103 -147 -355 -147 -375 0 -98 131 -148 192 -74 13 15 57 108 97 206 80 196 84 226 37 273 -30 30 -99 39 -137 18z\"\/><path d=\"M583 2784 c-38 -19 -67 -74 -58 -113 9 -42 211 -354 242 -373 16 -10 45 -18 66 -18 51 0 107 52 107 100 0 39 -1 41 -124 234 -80 126 -108 162 -133 173 -41 17 -61 16 -100 -3z\"\/><path d=\"M4250 2784 c-14 -9 -74 -91 -133 -183 -95 -150 -107 -173 -107 -213 0 -55 33 -94 87 -104 67 -13 90 8 211 198 130 202 137 225 78 284 -27 27 -42 34 -72 34 -22 0 -50 -8 -64 -16z\"\/><path d=\"M2275 2693 c-553 -48 -1095 -270 -1585 -649 -135 -104 -459 -423 -483 -476 -23 -49 -22 -139 2 -186 73 -142 361 -457 571 -626 285 -228 642 -407 990 -497 242 -63 336 -73 660 -74 310 0 370 5 595 52 535 111 1045 392 1455 803 122 121 250 273 275 326 19 41 19 137 0 174 -41 79 -309 363 -465 492 -447 370 -946 591 -1479 653 -113 14 -422 18 -536 8z m395 -428 c171 -34 330 -124 456 -258 112 -119 167 -219 211 -378 27 -96 24 -300 -5 -401 -72 -255 -236 -447 -474 -557 -132 -62 -201 -76 -368 -76 -167 0 -236 14 -368 76 -213 98 -373 271 -451 485 -162 444 86 934 547 1084 153 49 292 57 452 25z m909 -232 c222 -123 408 -262 593 -441 76 -74 138 -139 138 -144 0 -16 -233 -242 -330 -319 -155 -123 -309 -223 -461 -299 l-81 -41 32 46 c18 26 49 83 70 128 143 306 141 649 -6 957 -25 52 -61 116 -79 142 l-34 47 45 -20 c26 -10 76 -36 113 -56z m-2057 25 c-40 -58 -105 -190 -130 -263 -110 -324 -59 -707 132 -981 25 -35 42 -64 37 -64 -19 0 -241 119 -326 174 -188 122 -406 314 -532 468 l-58 71 108 103 c185 178 428 349 672 473 66 33 121 60 123 61 2 0 -10 -19 -26 -42z\"\/><path d=\"M2375 1950 c-198 -44 -350 -190 -395 -379 -18 -76 -8 -221 19 -290 114 -284 457 -406 731 -260 98 52 188 154 231 260 27 69 37 214 19 290 -38 163 -166 304 -326 360 -67 23 -215 33 -279 19z\"\/><\/g><\/svg><\/i> <img decoding=\"async\" width=\"16\" height=\"16\" alt=\"Loading\" src=\"https:\/\/esviafm.com\/wp-content\/plugins\/page-views-count\/ajax-loader-2x.gif\" border=0 \/><\/p>\n<div class=\"pvc_clear\"><\/div>\n","protected":false},"author":1,"featured_media":0,"comment_status":"open","ping_status":"open","sticky":false,"template":"","format":"standard","meta":{"_et_pb_use_builder":"","_et_pb_old_content":"","_et_gb_content_width":"","footnotes":""},"categories":[17],"tags":[],"class_list":["post-14563","post","type-post","status-publish","format-standard","hentry","category-internacionales"],"_links":{"self":[{"href":"https:\/\/esviafm.com\/index.php\/wp-json\/wp\/v2\/posts\/14563","targetHints":{"allow":["GET"]}}],"collection":[{"href":"https:\/\/esviafm.com\/index.php\/wp-json\/wp\/v2\/posts"}],"about":[{"href":"https:\/\/esviafm.com\/index.php\/wp-json\/wp\/v2\/types\/post"}],"author":[{"embeddable":true,"href":"https:\/\/esviafm.com\/index.php\/wp-json\/wp\/v2\/users\/1"}],"replies":[{"embeddable":true,"href":"https:\/\/esviafm.com\/index.php\/wp-json\/wp\/v2\/comments?post=14563"}],"version-history":[{"count":1,"href":"https:\/\/esviafm.com\/index.php\/wp-json\/wp\/v2\/posts\/14563\/revisions"}],"predecessor-version":[{"id":14565,"href":"https:\/\/esviafm.com\/index.php\/wp-json\/wp\/v2\/posts\/14563\/revisions\/14565"}],"wp:attachment":[{"href":"https:\/\/esviafm.com\/index.php\/wp-json\/wp\/v2\/media?parent=14563"}],"wp:term":[{"taxonomy":"category","embeddable":true,"href":"https:\/\/esviafm.com\/index.php\/wp-json\/wp\/v2\/categories?post=14563"},{"taxonomy":"post_tag","embeddable":true,"href":"https:\/\/esviafm.com\/index.php\/wp-json\/wp\/v2\/tags?post=14563"}],"curies":[{"name":"wp","href":"https:\/\/api.w.org\/{rel}","templated":true}]}}