{"id":14481,"date":"2024-05-20T07:30:04","date_gmt":"2024-05-20T12:00:04","guid":{"rendered":"https:\/\/esviafm.com\/?p=14481"},"modified":"2024-05-20T07:30:04","modified_gmt":"2024-05-20T12:00:04","slug":"iran-confirma-la-muerte-del-presidente-ebrahim-raisi-en-un-accidente-de-helicoptero","status":"publish","type":"post","link":"https:\/\/esviafm.com\/index.php\/iran-confirma-la-muerte-del-presidente-ebrahim-raisi-en-un-accidente-de-helicoptero\/","title":{"rendered":"Ir\u00e1n confirma la muerte del presidente Ebrahim Rais\u00ed en un accidente de helic\u00f3ptero"},"content":{"rendered":"<p>El presidente de Ir\u00e1n, Ebrahim Rais\u00ed, y su ministro de Exteriores, Hossein Amir Abdollahian, han fallecido en un accidente de helic\u00f3ptero en una zona monta\u00f1osa y de dif\u00edcil acceso cerca de Varzeqan, en la provincia iran\u00ed de Azerbaiy\u00e1n Oriental, en el noroeste del pa\u00eds, seg\u00fan ha confirmado este lunes el Gobierno iran\u00ed. La noticia se ha conocido sobre las 7.30 de la ma\u00f1ana hora local (las 6 de la ma\u00f1ana en horario peninsular espa\u00f1ol), despu\u00e9s de que\u00a0<a href=\"https:\/\/elpais.com\/internacional\/2024-05-19\/un-helicoptero-en-el-que-volaba-el-presidente-irani-se-ve-obligado-a-hacer-un-aterrizaje-de-emergencia.html\" target=\"_blank\" rel=\"noopener\" data-link-track-dtm=\"\" data-mrf-link=\"https:\/\/elpais.com\/internacional\/2024-05-19\/un-helicoptero-en-el-que-volaba-el-presidente-irani-se-ve-obligado-a-hacer-un-aterrizaje-de-emergencia.html\">la televisi\u00f3n estatal confirmara que no hab\u00eda \u201csignos de vida\u201d en los restos de la aeronave<\/a>\u00a0siniestrada en la tarde del domingo y en la que tambi\u00e9n viajaban otros destacados dirigentes de la Rep\u00fablica Isl\u00e1mica, miembros de su equipo de seguridad y los pilotos del aparato, en total ocho personas, de las que ninguna ha sobrevivido. Se desconocen por el momento las causas del siniestro del aparato, que Ir\u00e1n ha atribuido a \u201ccondiciones metereol\u00f3gicas adversas\u201d. Otros dos helic\u00f3pteros que volaban en la comitiva del presidente Rais\u00ed con miembros del Gobierno iran\u00ed no sufrieron problemas y llegaron a su destino. El helic\u00f3ptero hab\u00eda ca\u00eddo en una zona monta\u00f1osa de dif\u00edcil acceso. Teher\u00e1n describi\u00f3 inicialmente el accidente como un \u201caterrizaje forzoso\u201d. Las labores de b\u00fasqueda del aparato accidentado se han visto dificultadas por la espesa niebla, la lluvia y el barro.<\/p>\n<p class=\"\">\u201cEl ayatol\u00e1 Ebrahim Rais\u00ed, presidente de la Rep\u00fablica Isl\u00e1mica de Ir\u00e1n, ha muerto mientras serv\u00eda al pueblo. El helic\u00f3ptero que transportaba a Rais\u00ed, (&#8230;) debido a las condiciones meteorol\u00f3gicas adversas, sufri\u00f3 un accidente\u201d, reza un comunicado del Gobierno iran\u00ed en su canal de Telegram. Con el presidente iran\u00ed viajaban, adem\u00e1s el ministro de Asuntos Exteriores, el gobernador de Azerbaiy\u00e1n Oriental, Malek Rahmati, y el ayatol\u00e1 Mohammad Ali Ale-Hashem, representante del l\u00edder supremo iran\u00ed en esta provincia. Todos han fallecido, seg\u00fan la nota del Ejecutivo iran\u00ed, que va a celebrar una reuni\u00f3n de urgencia, seg\u00fan ha informado la agencia de noticias Irna. El Gobierno ha manifestado tambi\u00e9n este lunes que la muerte de su presidente \u201cno supondr\u00e1 la menor perturbaci\u00f3n en la administraci\u00f3n\u201d de la naci\u00f3n.<\/p>\n<p class=\"\">Un portavoz gubernamental citado por esa agencia oficial de noticias ha confirmado ya que se seguir\u00e1n los pasos previstos por la Constituci\u00f3n iran\u00ed en caso de fallecimiento del presidente. El hasta ahora primer vicepresidente de Ir\u00e1n, Mohamad Mojber, asumir\u00e1 el liderazgo del Ejecutivo, tras obtener la luz verde del l\u00edder supremo, el ayatol\u00e1 Ali Jamene\u00ed. El nuevo presidente en funciones, junto con un consejo en el que participar\u00e1n el jefe del poder judicial del pa\u00eds y el presidente del Parlamento, \u201ctomar\u00e1 ahora medidas para celebrar elecciones presidenciales en un plazo de 50 d\u00edas\u201d, precis\u00f3 ese medio oficial.<\/p>\n<p class=\"\">Mojber, de 69 a\u00f1os, representa la continuidad. Al igual que a Rais\u00ed, se le considera un estrecho colaborador de Jamene\u00ed, quien tiene la \u00faltima palabra en todos los asuntos del Estado. Primer vicepresidente desde 2021, cuando el fallecido mandatario ascendi\u00f3 a la presidencia, anteriormente fue director de Setad, un fondo de inversi\u00f3n vinculado al l\u00edder supremo. En 2020, la Uni\u00f3n Europea lo sancion\u00f3 por su supuesta participaci\u00f3n en el programa nuclear iran\u00ed y el programa de misiles bal\u00edsticos del pa\u00eds, pero dos a\u00f1os despu\u00e9s, lo sac\u00f3 de la lista de sancionados.<\/p>\n<p class=\"\">El presidente en funciones ha nombrado ya al viceministro de Exteriores, Ali Bagheri Kani, como titular interino de esa cartera, seg\u00fan IRNA, que cita al portavoz del Gobierno, Ali Bahadari Jahormi. Bagheri es conocido por haber sido el jefe de la delegaci\u00f3n negociador iran\u00ed del acuerdo nuclear.<\/p>\n<p class=\"\">Previamente, el l\u00edder supremo Jamene\u00ed hab\u00eda divulgado, a trav\u00e9s de los medios oficiales, un mensaje de p\u00e9same por el fallecimiento de Rais\u00ed: \u201cEn esta amarga tragedia, la naci\u00f3n iran\u00ed perdi\u00f3 a un servidor de buen coraz\u00f3n, humilde y valioso\u201d, ha dicho Jamene\u00ed. Luego ha a\u00f1adido que el presidente Rais\u00ed nunca dej\u00f3 de trabajar \u201cduro y sin descanso para el pueblo de Ir\u00e1n a pesar de enfrentar cr\u00edticas de malvados\u201d. El l\u00edder supremo de Ir\u00e1n ha decretado cinco d\u00edas de luto p\u00fablico. Todas las competiciones deportivas y los actos culturales han sido pospuestos.<\/p>\n<p class=\"\">como la Uni\u00f3n Europea y grupos vinculados a Ir\u00e1n como la milicia Huthi de Yemen y la palestina Ham\u00e1s han presentado ya sus condolencias a Teher\u00e1n. Tambi\u00e9n el rey y el pr\u00edncipe heredero de Arabia Saud\u00ed, Mohamed Bin Salman, han transmitido su p\u00e9same a las autoridades iran\u00edes. Ir\u00e1n y Arabia Saud\u00ed reestablecieron sus relaciones diplom\u00e1ticas<\/p>\n<p class=\"\">Tras horas de un dif\u00edcil operativo de b\u00fasqueda, a primera hora del lunes, la Media Luna Roja inform\u00f3 del hallazgo de los restos del helic\u00f3ptero siniestrado. Al hacer el anuncio a los medios estatales iran\u00edes, el jefe de esa organizaci\u00f3n, Pir Hossein Kolivand, dijo que se encaminaban al lugar del accidente y asegur\u00f3 que la situaci\u00f3n no era buena. M\u00e1s tarde, un miembro del Gobierno iran\u00ed le dijo a la agencia Reuters que el helic\u00f3ptero estaba \u201ccompletamente calcinado\u201d.<\/p>\n<p class=\"\">FUENTE: EL PA\u00cdS<\/p>\n<div class=\"pvc_clear\"><\/div>\n<p id=\"pvc_stats_14481\" class=\"pvc_stats all  \" data-element-id=\"14481\" style=\"\"><i class=\"pvc-stats-icon large\" aria-hidden=\"true\"><svg xmlns=\"http:\/\/www.w3.org\/2000\/svg\" version=\"1.0\" viewBox=\"0 0 502 315\" preserveAspectRatio=\"xMidYMid meet\"><g transform=\"translate(0,332) scale(0.1,-0.1)\" fill=\"\" stroke=\"none\"><path d=\"M2394 3279 l-29 -30 -3 -207 c-2 -182 0 -211 15 -242 39 -76 157 -76 196 0 15 31 17 60 15 243 l-3 209 -33 29 c-26 23 -41 29 -80 29 -41 0 -53 -5 -78 -31z\"\/><path d=\"M3085 3251 c-45 -19 -58 -50 -96 -229 -47 -217 -49 -260 -13 -295 52 -53 146 -42 177 20 16 31 87 366 87 410 0 70 -86 122 -155 94z\"\/><path d=\"M1751 3234 c-13 -9 -29 -31 -37 -50 -12 -29 -10 -49 21 -204 19 -94 39 -189 45 -210 14 -50 54 -80 110 -80 34 0 48 6 76 34 21 21 34 44 34 59 0 14 -18 113 -40 219 -37 178 -43 195 -70 221 -36 32 -101 37 -139 11z\"\/><path d=\"M1163 3073 c-36 -7 -73 -59 -73 -102 0 -56 133 -378 171 -413 34 -32 83 -37 129 -13 70 36 67 87 -16 290 -86 209 -89 214 -129 231 -35 14 -42 15 -82 7z\"\/><path d=\"M3689 3066 c-15 -9 -33 -30 -42 -48 -48 -103 -147 -355 -147 -375 0 -98 131 -148 192 -74 13 15 57 108 97 206 80 196 84 226 37 273 -30 30 -99 39 -137 18z\"\/><path d=\"M583 2784 c-38 -19 -67 -74 -58 -113 9 -42 211 -354 242 -373 16 -10 45 -18 66 -18 51 0 107 52 107 100 0 39 -1 41 -124 234 -80 126 -108 162 -133 173 -41 17 -61 16 -100 -3z\"\/><path d=\"M4250 2784 c-14 -9 -74 -91 -133 -183 -95 -150 -107 -173 -107 -213 0 -55 33 -94 87 -104 67 -13 90 8 211 198 130 202 137 225 78 284 -27 27 -42 34 -72 34 -22 0 -50 -8 -64 -16z\"\/><path d=\"M2275 2693 c-553 -48 -1095 -270 -1585 -649 -135 -104 -459 -423 -483 -476 -23 -49 -22 -139 2 -186 73 -142 361 -457 571 -626 285 -228 642 -407 990 -497 242 -63 336 -73 660 -74 310 0 370 5 595 52 535 111 1045 392 1455 803 122 121 250 273 275 326 19 41 19 137 0 174 -41 79 -309 363 -465 492 -447 370 -946 591 -1479 653 -113 14 -422 18 -536 8z m395 -428 c171 -34 330 -124 456 -258 112 -119 167 -219 211 -378 27 -96 24 -300 -5 -401 -72 -255 -236 -447 -474 -557 -132 -62 -201 -76 -368 -76 -167 0 -236 14 -368 76 -213 98 -373 271 -451 485 -162 444 86 934 547 1084 153 49 292 57 452 25z m909 -232 c222 -123 408 -262 593 -441 76 -74 138 -139 138 -144 0 -16 -233 -242 -330 -319 -155 -123 -309 -223 -461 -299 l-81 -41 32 46 c18 26 49 83 70 128 143 306 141 649 -6 957 -25 52 -61 116 -79 142 l-34 47 45 -20 c26 -10 76 -36 113 -56z m-2057 25 c-40 -58 -105 -190 -130 -263 -110 -324 -59 -707 132 -981 25 -35 42 -64 37 -64 -19 0 -241 119 -326 174 -188 122 -406 314 -532 468 l-58 71 108 103 c185 178 428 349 672 473 66 33 121 60 123 61 2 0 -10 -19 -26 -42z\"\/><path d=\"M2375 1950 c-198 -44 -350 -190 -395 -379 -18 -76 -8 -221 19 -290 114 -284 457 -406 731 -260 98 52 188 154 231 260 27 69 37 214 19 290 -38 163 -166 304 -326 360 -67 23 -215 33 -279 19z\"\/><\/g><\/svg><\/i> <img decoding=\"async\" width=\"16\" height=\"16\" alt=\"Loading\" src=\"https:\/\/esviafm.com\/wp-content\/plugins\/page-views-count\/ajax-loader-2x.gif\" border=0 \/><\/p>\n<div class=\"pvc_clear\"><\/div>\n","protected":false},"excerpt":{"rendered":"<p>El presidente de Ir\u00e1n, Ebrahim Rais\u00ed, y su ministro de Exteriores, Hossein Amir Abdollahian, han fallecido en un accidente de helic\u00f3ptero en una zona monta\u00f1osa y de dif\u00edcil acceso cerca de Varzeqan, en la provincia iran\u00ed de Azerbaiy\u00e1n Oriental, en el noroeste del pa\u00eds, seg\u00fan ha confirmado este lunes el Gobierno iran\u00ed. La noticia se [&hellip;]<\/p>\n<div class=\"pvc_clear\"><\/div>\n<p id=\"pvc_stats_14481\" class=\"pvc_stats all  \" data-element-id=\"14481\" style=\"\"><i class=\"pvc-stats-icon large\" aria-hidden=\"true\"><svg xmlns=\"http:\/\/www.w3.org\/2000\/svg\" version=\"1.0\" viewBox=\"0 0 502 315\" preserveAspectRatio=\"xMidYMid meet\"><g transform=\"translate(0,332) scale(0.1,-0.1)\" fill=\"\" stroke=\"none\"><path d=\"M2394 3279 l-29 -30 -3 -207 c-2 -182 0 -211 15 -242 39 -76 157 -76 196 0 15 31 17 60 15 243 l-3 209 -33 29 c-26 23 -41 29 -80 29 -41 0 -53 -5 -78 -31z\"\/><path d=\"M3085 3251 c-45 -19 -58 -50 -96 -229 -47 -217 -49 -260 -13 -295 52 -53 146 -42 177 20 16 31 87 366 87 410 0 70 -86 122 -155 94z\"\/><path d=\"M1751 3234 c-13 -9 -29 -31 -37 -50 -12 -29 -10 -49 21 -204 19 -94 39 -189 45 -210 14 -50 54 -80 110 -80 34 0 48 6 76 34 21 21 34 44 34 59 0 14 -18 113 -40 219 -37 178 -43 195 -70 221 -36 32 -101 37 -139 11z\"\/><path d=\"M1163 3073 c-36 -7 -73 -59 -73 -102 0 -56 133 -378 171 -413 34 -32 83 -37 129 -13 70 36 67 87 -16 290 -86 209 -89 214 -129 231 -35 14 -42 15 -82 7z\"\/><path d=\"M3689 3066 c-15 -9 -33 -30 -42 -48 -48 -103 -147 -355 -147 -375 0 -98 131 -148 192 -74 13 15 57 108 97 206 80 196 84 226 37 273 -30 30 -99 39 -137 18z\"\/><path d=\"M583 2784 c-38 -19 -67 -74 -58 -113 9 -42 211 -354 242 -373 16 -10 45 -18 66 -18 51 0 107 52 107 100 0 39 -1 41 -124 234 -80 126 -108 162 -133 173 -41 17 -61 16 -100 -3z\"\/><path d=\"M4250 2784 c-14 -9 -74 -91 -133 -183 -95 -150 -107 -173 -107 -213 0 -55 33 -94 87 -104 67 -13 90 8 211 198 130 202 137 225 78 284 -27 27 -42 34 -72 34 -22 0 -50 -8 -64 -16z\"\/><path d=\"M2275 2693 c-553 -48 -1095 -270 -1585 -649 -135 -104 -459 -423 -483 -476 -23 -49 -22 -139 2 -186 73 -142 361 -457 571 -626 285 -228 642 -407 990 -497 242 -63 336 -73 660 -74 310 0 370 5 595 52 535 111 1045 392 1455 803 122 121 250 273 275 326 19 41 19 137 0 174 -41 79 -309 363 -465 492 -447 370 -946 591 -1479 653 -113 14 -422 18 -536 8z m395 -428 c171 -34 330 -124 456 -258 112 -119 167 -219 211 -378 27 -96 24 -300 -5 -401 -72 -255 -236 -447 -474 -557 -132 -62 -201 -76 -368 -76 -167 0 -236 14 -368 76 -213 98 -373 271 -451 485 -162 444 86 934 547 1084 153 49 292 57 452 25z m909 -232 c222 -123 408 -262 593 -441 76 -74 138 -139 138 -144 0 -16 -233 -242 -330 -319 -155 -123 -309 -223 -461 -299 l-81 -41 32 46 c18 26 49 83 70 128 143 306 141 649 -6 957 -25 52 -61 116 -79 142 l-34 47 45 -20 c26 -10 76 -36 113 -56z m-2057 25 c-40 -58 -105 -190 -130 -263 -110 -324 -59 -707 132 -981 25 -35 42 -64 37 -64 -19 0 -241 119 -326 174 -188 122 -406 314 -532 468 l-58 71 108 103 c185 178 428 349 672 473 66 33 121 60 123 61 2 0 -10 -19 -26 -42z\"\/><path d=\"M2375 1950 c-198 -44 -350 -190 -395 -379 -18 -76 -8 -221 19 -290 114 -284 457 -406 731 -260 98 52 188 154 231 260 27 69 37 214 19 290 -38 163 -166 304 -326 360 -67 23 -215 33 -279 19z\"\/><\/g><\/svg><\/i> <img decoding=\"async\" width=\"16\" height=\"16\" alt=\"Loading\" src=\"https:\/\/esviafm.com\/wp-content\/plugins\/page-views-count\/ajax-loader-2x.gif\" border=0 \/><\/p>\n<div class=\"pvc_clear\"><\/div>\n","protected":false},"author":1,"featured_media":0,"comment_status":"open","ping_status":"open","sticky":false,"template":"","format":"standard","meta":{"_et_pb_use_builder":"","_et_pb_old_content":"","_et_gb_content_width":"","footnotes":""},"categories":[17],"tags":[],"class_list":["post-14481","post","type-post","status-publish","format-standard","hentry","category-internacionales"],"_links":{"self":[{"href":"https:\/\/esviafm.com\/index.php\/wp-json\/wp\/v2\/posts\/14481","targetHints":{"allow":["GET"]}}],"collection":[{"href":"https:\/\/esviafm.com\/index.php\/wp-json\/wp\/v2\/posts"}],"about":[{"href":"https:\/\/esviafm.com\/index.php\/wp-json\/wp\/v2\/types\/post"}],"author":[{"embeddable":true,"href":"https:\/\/esviafm.com\/index.php\/wp-json\/wp\/v2\/users\/1"}],"replies":[{"embeddable":true,"href":"https:\/\/esviafm.com\/index.php\/wp-json\/wp\/v2\/comments?post=14481"}],"version-history":[{"count":1,"href":"https:\/\/esviafm.com\/index.php\/wp-json\/wp\/v2\/posts\/14481\/revisions"}],"predecessor-version":[{"id":14483,"href":"https:\/\/esviafm.com\/index.php\/wp-json\/wp\/v2\/posts\/14481\/revisions\/14483"}],"wp:attachment":[{"href":"https:\/\/esviafm.com\/index.php\/wp-json\/wp\/v2\/media?parent=14481"}],"wp:term":[{"taxonomy":"category","embeddable":true,"href":"https:\/\/esviafm.com\/index.php\/wp-json\/wp\/v2\/categories?post=14481"},{"taxonomy":"post_tag","embeddable":true,"href":"https:\/\/esviafm.com\/index.php\/wp-json\/wp\/v2\/tags?post=14481"}],"curies":[{"name":"wp","href":"https:\/\/api.w.org\/{rel}","templated":true}]}}