{"id":14464,"date":"2024-05-20T07:05:05","date_gmt":"2024-05-20T11:35:05","guid":{"rendered":"https:\/\/esviafm.com\/?p=14464"},"modified":"2024-05-20T07:05:05","modified_gmt":"2024-05-20T11:35:05","slug":"luis-abinader-presidente-reelecto-y-ceo-de-republica-dominicana","status":"publish","type":"post","link":"https:\/\/esviafm.com\/index.php\/luis-abinader-presidente-reelecto-y-ceo-de-republica-dominicana\/","title":{"rendered":"Luis Abinader, presidente reelecto y CEO de Rep\u00fablica Dominicana"},"content":{"rendered":"<p>Tres d\u00edas antes de que 8,1 millones de dominicanos y dominicanas estuvieran convocados a las urnas,<a href=\"https:\/\/elpais.com\/america\/2024-05-19\/cierran-las-urnas-en-republica-dominicana-con-abinader-como-claro-favorito-para-la-reeleccion.html\" target=\"_blank\" rel=\"noopener\" data-link-track-dtm=\"\" data-mrf-link=\"https:\/\/elpais.com\/america\/2024-05-19\/cierran-las-urnas-en-republica-dominicana-con-abinader-como-claro-favorito-para-la-reeleccion.html\">\u00a0Luis Abinader\u00a0<\/a>(Santo Domingo, 56) estaba celebrando su victoria en lo que llam\u00f3 la \u201cgran fiesta del triunfo\u201d. Rodeado de comparsas de merengue, bailando entre risas con su mujer y entrevistado por ni\u00f1os, el candidato del Partido Revolucionario Moderno (PRM) \u2015que se autodefine de orientaci\u00f3n \u201cdemocr\u00e1tica, liberal y progresista\u201d, pero cuyos cr\u00edticos aseguran que sigue una l\u00ednea conservadora\u2015 luc\u00eda plet\u00f3rico y victorioso. M\u00e1s incluso que cuando gan\u00f3 las elecciones de 2020, que asumi\u00f3 en plena pandemia. Mejorar la econom\u00eda, atraer m\u00e1s turistas al pa\u00eds, un discurso anticorrupci\u00f3n y controlar a toda costa la pol\u00edtica migratoria han sido los pilares de su Gobierno. Y muy probablemente lo seguir\u00e1n siendo. Por eso convoc\u00f3 a la oposici\u00f3n este mismo lunes. \u201cPara seguir construyendo ese pa\u00eds que nos merecemos. Esa Rep\u00fablica Dominicana que desea mostrarse al mundo alegre, hospitalaria, productiva y competitiva\u201d, afirm\u00f3 en su discurso tras conocer los resultados. Su visi\u00f3n, dicen sus detractores, es m\u00e1s cercana a la de un empresario que a la de un gobernante.\u00a0<a href=\"https:\/\/elpais.com\/america\/2024-05-19\/cierran-las-urnas-en-republica-dominicana-con-abinader-como-claro-favorito-para-la-reeleccion.html\" target=\"_blank\" rel=\"noopener\" data-link-track-dtm=\"\" data-mrf-link=\"https:\/\/elpais.com\/america\/2024-05-19\/cierran-las-urnas-en-republica-dominicana-con-abinader-como-claro-favorito-para-la-reeleccion.html\">Para el 59% de los votantes que lo reeligieron este domingo es todo un cumplido<\/a>.<\/p>\n<p class=\"\">Ambas ambiciones, la pol\u00edtica y la econ\u00f3mica, le vienen de cuna. Es hijo del empresario de ascendencia libanesa y exsenador de la Rep\u00fablica, Jos\u00e9 Rafael Abinader, una de las figuras m\u00e1s importantes en su vida. \u201cLa comida y la cena eran una c\u00e1tedra sobre la administraci\u00f3n p\u00fablica\u201d, dijo en el documental que lanz\u00f3 hace una semana,\u00a0<i>Presidente en tiempos de crisis<\/i>. El PRM, de hecho, se funda sobre el grupo pol\u00edtico de Abinader padre, el Partido Revolucionario Dominicano (PRD). \u201cSuele decirse que intenta hacer un tipo de Gobierno del cual su padre se sentir\u00eda orgulloso\u201d, cuentan fuentes cercanas.<\/p>\n<p class=\"\">Nacido el 12 de julio de 1967 en el seno de una familia acaudalada, Abinader estudi\u00f3 Econom\u00eda en el Instituto Tecnol\u00f3gico de Santo Domingo y curs\u00f3 el posgrado en Finanzas Corporativas e Ingenier\u00eda Financiera en la Universidad de Harvard y de Gerencia Avanzada en Dartmouth College. Antes de su irrupci\u00f3n en la pol\u00edtica, dedic\u00f3 su vida profesional al grupo Abicor, la empresa familiar fundada por su padre. Hoy, con un patrimonio de 75 millones de d\u00f3lares, es due\u00f1o de una cementera, varios hoteles y la Universidad O&amp;M. Para muchos dominicanos, \u00e9l es el rostro de un hombre exitoso que mantiene los valores cat\u00f3licos y la familia tradicional. Cuando apareci\u00f3 su nombre entre los Pandora Papers por tener cuentas\u00a0<i>offshore<\/i>, el revuelo en el pa\u00eds concluy\u00f3 r\u00e1pido cuando le espet\u00f3 a la oposici\u00f3n que \u00e9l pod\u00eda demostrar sus ingresos a diferencia de ellos. Hoy, pr\u00e1cticamente nadie le echa en cara este esc\u00e1ndalo.<\/p>\n<h3 class=\"\">\u201cNo le importan los derechos humanos\u201d<\/h3>\n<p class=\"\">Sus cr\u00edticos m\u00e1s f\u00e9rreos est\u00e1n en el ala progresista del pa\u00eds. Sergia Galv\u00e1n, una de las feministas m\u00e1s reconocidas de la isla, lamenta que crea \u201cque el pa\u00eds es una empresa\u201d: \u201cAunque hiciera campa\u00f1a [para las elecciones de 2020] apoyando los derechos de las mujeres, no le importamos. Ni nosotras ni los derechos sociales\u201d. Sin embargo, a pesar de los reproches del activismo social y el feminismo, existe un consenso entre los electores y su Gobierno en que \u201ces un hombre de palabra\u201d. La cercan\u00eda tanto de las clases trabajadoras como de los multimillonarios es una de las virtudes que m\u00e1s valoran. Seg\u00fan encuestas anteriores a estos comicios, el 70% de la poblaci\u00f3n apoyaba sus pol\u00edticas.<\/p>\n<p class=\"\">Su discurso econ\u00f3mico y la percepci\u00f3n de que todos los dominicanos han visto notablemente mejorada su condici\u00f3n econ\u00f3mica cala de igual manera en el due\u00f1o de una cadena hotelera como en la limpiadora que arregla las habitaciones. Fuentes cercanas a su equipo cuentan que lo primero que hace el presidente al llegar al Palacio Nacional es abrir una carpeta en la que est\u00e1n los \u00faltimos reportes de lo que buscan los dominicanos en internet. \u201cEs un hombre completamente volcado en las tendencias y en lo que est\u00e9 de moda en el momento. Venga de la clase social que venga\u201d, aseguran.<\/p>\n<p class=\"\">Aunque Abinader siempre ha sido rico, su pa\u00eds no ha tenido la misma suerte. Solo desde el a\u00f1o 2020, Rep\u00fablica Dominicana pas\u00f3 a convertirse en un pa\u00eds de renta media. Algo que hace que al presidente se le hinche el pecho de orgullo. El mandatario representa a su pa\u00eds como un nuevo rico empe\u00f1ado en enterrar un pasado menos pr\u00f3spero.<\/p>\n<p class=\"\">Cualquier ocasi\u00f3n le parec\u00eda buena para recordarlo. \u201cYa no somos un pa\u00eds tercermundista\u201d, asegur\u00f3 varias veces en campa\u00f1a. A pesar de que Rep\u00fablica Dominicana es el noveno pa\u00eds que m\u00e1s r\u00e1pido crece en la regi\u00f3n, la canasta b\u00e1sica sigue siendo m\u00e1s cara que el salario m\u00ednimo, que ronda los 500 d\u00f3lares. Francisco Tavares, economista, asegura que el mandatario \u201csabe perfectamente\u201d que las tasas de desigualdad son \u201cinsostenibles\u201d. Y a\u00f1ade: \u201cAhora que cumplir\u00e1 el \u00faltimo mandato, podr\u00e1 hacer las reformas fiscales y tributarias que tanto requiere el pa\u00eds\u201d. Abinader nunca ha escondido que quiere pasar a la historia como el presidente de las grandes reformas. As\u00ed lo record\u00f3 en su discurso presidencial: \u201cHemos recorrido una parte del camino y toca profundizar en los cambios y las reformas\u201d.<\/p>\n<h3 class=\"\">\u201cPas\u00f3 de dirigente a l\u00edder pol\u00edtico\u201d<\/h3>\n<p class=\"\">El presidente ha sido uno de los l\u00edderes que m\u00e1s ha promovido el turismo en la isla que, por primera vez en la historia, atrajo a m\u00e1s de 10 millones de extranjeros, un n\u00famero similar a la poblaci\u00f3n dominicana. Este sector \u2014que conoce muy bien\u2014 aport\u00f3 7.000 millones de d\u00f3lares al PIB en 2023 y se posicion\u00f3 como tercera fuente de ingresos. Ese ser\u00e1 uno de sus grandes legados. Los hoteleros recuerdan c\u00f3mo, tras la pandemia, asisti\u00f3 a cada reapertura de hoteles para felicitar y darle la mano a sus due\u00f1os.<\/p>\n<p class=\"\">El soci\u00f3logo Juan Miguel P\u00e9rez considera que, en cuatro a\u00f1os, \u201cel presidente pas\u00f3<b>\u00a0<\/b>de ser dirigente a convertirse en un l\u00edder pol\u00edtico\u201d. Y as\u00ed zafarse de esa cr\u00edtica que recib\u00eda de la sociedad de ser \u201cuna tayota\u201d [un fruto ins\u00edpido]. \u201cLe quer\u00edan decir con eso que era insulso; que, como la fruta, cog\u00eda el sabor de lo que t\u00fa le pongas. Eso ya no es as\u00ed\u201d, explica. Sin embargo, apunta que su popularidad en el partido puede empezar a ser cuestionada, ya que \u00e9l no se presentar\u00e1 en 2028 y ser\u00e1n compa\u00f1eros de su equipo quienes empiecen a hacer campa\u00f1a, pudiendo eclipsarlo. Los nombres que m\u00e1s est\u00e1n sonando en el PRM son Carolina Mej\u00eda, alcaldesa del Distrito Nacional, y David Collado, ministro de Turismo. Por ahora, quedan cuatro a\u00f1os m\u00e1s de Abinader.<\/p>\n<p>FUENTE: EL PA\u00cdS<\/p>\n<div class=\"pvc_clear\"><\/div>\n<p id=\"pvc_stats_14464\" class=\"pvc_stats all  \" data-element-id=\"14464\" style=\"\"><i class=\"pvc-stats-icon large\" aria-hidden=\"true\"><svg xmlns=\"http:\/\/www.w3.org\/2000\/svg\" version=\"1.0\" viewBox=\"0 0 502 315\" preserveAspectRatio=\"xMidYMid meet\"><g transform=\"translate(0,332) scale(0.1,-0.1)\" fill=\"\" stroke=\"none\"><path d=\"M2394 3279 l-29 -30 -3 -207 c-2 -182 0 -211 15 -242 39 -76 157 -76 196 0 15 31 17 60 15 243 l-3 209 -33 29 c-26 23 -41 29 -80 29 -41 0 -53 -5 -78 -31z\"\/><path d=\"M3085 3251 c-45 -19 -58 -50 -96 -229 -47 -217 -49 -260 -13 -295 52 -53 146 -42 177 20 16 31 87 366 87 410 0 70 -86 122 -155 94z\"\/><path d=\"M1751 3234 c-13 -9 -29 -31 -37 -50 -12 -29 -10 -49 21 -204 19 -94 39 -189 45 -210 14 -50 54 -80 110 -80 34 0 48 6 76 34 21 21 34 44 34 59 0 14 -18 113 -40 219 -37 178 -43 195 -70 221 -36 32 -101 37 -139 11z\"\/><path d=\"M1163 3073 c-36 -7 -73 -59 -73 -102 0 -56 133 -378 171 -413 34 -32 83 -37 129 -13 70 36 67 87 -16 290 -86 209 -89 214 -129 231 -35 14 -42 15 -82 7z\"\/><path d=\"M3689 3066 c-15 -9 -33 -30 -42 -48 -48 -103 -147 -355 -147 -375 0 -98 131 -148 192 -74 13 15 57 108 97 206 80 196 84 226 37 273 -30 30 -99 39 -137 18z\"\/><path d=\"M583 2784 c-38 -19 -67 -74 -58 -113 9 -42 211 -354 242 -373 16 -10 45 -18 66 -18 51 0 107 52 107 100 0 39 -1 41 -124 234 -80 126 -108 162 -133 173 -41 17 -61 16 -100 -3z\"\/><path d=\"M4250 2784 c-14 -9 -74 -91 -133 -183 -95 -150 -107 -173 -107 -213 0 -55 33 -94 87 -104 67 -13 90 8 211 198 130 202 137 225 78 284 -27 27 -42 34 -72 34 -22 0 -50 -8 -64 -16z\"\/><path d=\"M2275 2693 c-553 -48 -1095 -270 -1585 -649 -135 -104 -459 -423 -483 -476 -23 -49 -22 -139 2 -186 73 -142 361 -457 571 -626 285 -228 642 -407 990 -497 242 -63 336 -73 660 -74 310 0 370 5 595 52 535 111 1045 392 1455 803 122 121 250 273 275 326 19 41 19 137 0 174 -41 79 -309 363 -465 492 -447 370 -946 591 -1479 653 -113 14 -422 18 -536 8z m395 -428 c171 -34 330 -124 456 -258 112 -119 167 -219 211 -378 27 -96 24 -300 -5 -401 -72 -255 -236 -447 -474 -557 -132 -62 -201 -76 -368 -76 -167 0 -236 14 -368 76 -213 98 -373 271 -451 485 -162 444 86 934 547 1084 153 49 292 57 452 25z m909 -232 c222 -123 408 -262 593 -441 76 -74 138 -139 138 -144 0 -16 -233 -242 -330 -319 -155 -123 -309 -223 -461 -299 l-81 -41 32 46 c18 26 49 83 70 128 143 306 141 649 -6 957 -25 52 -61 116 -79 142 l-34 47 45 -20 c26 -10 76 -36 113 -56z m-2057 25 c-40 -58 -105 -190 -130 -263 -110 -324 -59 -707 132 -981 25 -35 42 -64 37 -64 -19 0 -241 119 -326 174 -188 122 -406 314 -532 468 l-58 71 108 103 c185 178 428 349 672 473 66 33 121 60 123 61 2 0 -10 -19 -26 -42z\"\/><path d=\"M2375 1950 c-198 -44 -350 -190 -395 -379 -18 -76 -8 -221 19 -290 114 -284 457 -406 731 -260 98 52 188 154 231 260 27 69 37 214 19 290 -38 163 -166 304 -326 360 -67 23 -215 33 -279 19z\"\/><\/g><\/svg><\/i> <img decoding=\"async\" width=\"16\" height=\"16\" alt=\"Loading\" src=\"https:\/\/esviafm.com\/wp-content\/plugins\/page-views-count\/ajax-loader-2x.gif\" border=0 \/><\/p>\n<div class=\"pvc_clear\"><\/div>\n","protected":false},"excerpt":{"rendered":"<p>Tres d\u00edas antes de que 8,1 millones de dominicanos y dominicanas estuvieran convocados a las urnas,\u00a0Luis Abinader\u00a0(Santo Domingo, 56) estaba celebrando su victoria en lo que llam\u00f3 la \u201cgran fiesta del triunfo\u201d. Rodeado de comparsas de merengue, bailando entre risas con su mujer y entrevistado por ni\u00f1os, el candidato del Partido Revolucionario Moderno (PRM) \u2015que [&hellip;]<\/p>\n<div class=\"pvc_clear\"><\/div>\n<p id=\"pvc_stats_14464\" class=\"pvc_stats all  \" data-element-id=\"14464\" style=\"\"><i class=\"pvc-stats-icon large\" aria-hidden=\"true\"><svg xmlns=\"http:\/\/www.w3.org\/2000\/svg\" version=\"1.0\" viewBox=\"0 0 502 315\" preserveAspectRatio=\"xMidYMid meet\"><g transform=\"translate(0,332) scale(0.1,-0.1)\" fill=\"\" stroke=\"none\"><path d=\"M2394 3279 l-29 -30 -3 -207 c-2 -182 0 -211 15 -242 39 -76 157 -76 196 0 15 31 17 60 15 243 l-3 209 -33 29 c-26 23 -41 29 -80 29 -41 0 -53 -5 -78 -31z\"\/><path d=\"M3085 3251 c-45 -19 -58 -50 -96 -229 -47 -217 -49 -260 -13 -295 52 -53 146 -42 177 20 16 31 87 366 87 410 0 70 -86 122 -155 94z\"\/><path d=\"M1751 3234 c-13 -9 -29 -31 -37 -50 -12 -29 -10 -49 21 -204 19 -94 39 -189 45 -210 14 -50 54 -80 110 -80 34 0 48 6 76 34 21 21 34 44 34 59 0 14 -18 113 -40 219 -37 178 -43 195 -70 221 -36 32 -101 37 -139 11z\"\/><path d=\"M1163 3073 c-36 -7 -73 -59 -73 -102 0 -56 133 -378 171 -413 34 -32 83 -37 129 -13 70 36 67 87 -16 290 -86 209 -89 214 -129 231 -35 14 -42 15 -82 7z\"\/><path d=\"M3689 3066 c-15 -9 -33 -30 -42 -48 -48 -103 -147 -355 -147 -375 0 -98 131 -148 192 -74 13 15 57 108 97 206 80 196 84 226 37 273 -30 30 -99 39 -137 18z\"\/><path d=\"M583 2784 c-38 -19 -67 -74 -58 -113 9 -42 211 -354 242 -373 16 -10 45 -18 66 -18 51 0 107 52 107 100 0 39 -1 41 -124 234 -80 126 -108 162 -133 173 -41 17 -61 16 -100 -3z\"\/><path d=\"M4250 2784 c-14 -9 -74 -91 -133 -183 -95 -150 -107 -173 -107 -213 0 -55 33 -94 87 -104 67 -13 90 8 211 198 130 202 137 225 78 284 -27 27 -42 34 -72 34 -22 0 -50 -8 -64 -16z\"\/><path d=\"M2275 2693 c-553 -48 -1095 -270 -1585 -649 -135 -104 -459 -423 -483 -476 -23 -49 -22 -139 2 -186 73 -142 361 -457 571 -626 285 -228 642 -407 990 -497 242 -63 336 -73 660 -74 310 0 370 5 595 52 535 111 1045 392 1455 803 122 121 250 273 275 326 19 41 19 137 0 174 -41 79 -309 363 -465 492 -447 370 -946 591 -1479 653 -113 14 -422 18 -536 8z m395 -428 c171 -34 330 -124 456 -258 112 -119 167 -219 211 -378 27 -96 24 -300 -5 -401 -72 -255 -236 -447 -474 -557 -132 -62 -201 -76 -368 -76 -167 0 -236 14 -368 76 -213 98 -373 271 -451 485 -162 444 86 934 547 1084 153 49 292 57 452 25z m909 -232 c222 -123 408 -262 593 -441 76 -74 138 -139 138 -144 0 -16 -233 -242 -330 -319 -155 -123 -309 -223 -461 -299 l-81 -41 32 46 c18 26 49 83 70 128 143 306 141 649 -6 957 -25 52 -61 116 -79 142 l-34 47 45 -20 c26 -10 76 -36 113 -56z m-2057 25 c-40 -58 -105 -190 -130 -263 -110 -324 -59 -707 132 -981 25 -35 42 -64 37 -64 -19 0 -241 119 -326 174 -188 122 -406 314 -532 468 l-58 71 108 103 c185 178 428 349 672 473 66 33 121 60 123 61 2 0 -10 -19 -26 -42z\"\/><path d=\"M2375 1950 c-198 -44 -350 -190 -395 -379 -18 -76 -8 -221 19 -290 114 -284 457 -406 731 -260 98 52 188 154 231 260 27 69 37 214 19 290 -38 163 -166 304 -326 360 -67 23 -215 33 -279 19z\"\/><\/g><\/svg><\/i> <img decoding=\"async\" width=\"16\" height=\"16\" alt=\"Loading\" src=\"https:\/\/esviafm.com\/wp-content\/plugins\/page-views-count\/ajax-loader-2x.gif\" border=0 \/><\/p>\n<div class=\"pvc_clear\"><\/div>\n","protected":false},"author":1,"featured_media":0,"comment_status":"open","ping_status":"open","sticky":false,"template":"","format":"standard","meta":{"_et_pb_use_builder":"","_et_pb_old_content":"","_et_gb_content_width":"","footnotes":""},"categories":[17],"tags":[],"class_list":["post-14464","post","type-post","status-publish","format-standard","hentry","category-internacionales"],"_links":{"self":[{"href":"https:\/\/esviafm.com\/index.php\/wp-json\/wp\/v2\/posts\/14464","targetHints":{"allow":["GET"]}}],"collection":[{"href":"https:\/\/esviafm.com\/index.php\/wp-json\/wp\/v2\/posts"}],"about":[{"href":"https:\/\/esviafm.com\/index.php\/wp-json\/wp\/v2\/types\/post"}],"author":[{"embeddable":true,"href":"https:\/\/esviafm.com\/index.php\/wp-json\/wp\/v2\/users\/1"}],"replies":[{"embeddable":true,"href":"https:\/\/esviafm.com\/index.php\/wp-json\/wp\/v2\/comments?post=14464"}],"version-history":[{"count":1,"href":"https:\/\/esviafm.com\/index.php\/wp-json\/wp\/v2\/posts\/14464\/revisions"}],"predecessor-version":[{"id":14467,"href":"https:\/\/esviafm.com\/index.php\/wp-json\/wp\/v2\/posts\/14464\/revisions\/14467"}],"wp:attachment":[{"href":"https:\/\/esviafm.com\/index.php\/wp-json\/wp\/v2\/media?parent=14464"}],"wp:term":[{"taxonomy":"category","embeddable":true,"href":"https:\/\/esviafm.com\/index.php\/wp-json\/wp\/v2\/categories?post=14464"},{"taxonomy":"post_tag","embeddable":true,"href":"https:\/\/esviafm.com\/index.php\/wp-json\/wp\/v2\/tags?post=14464"}],"curies":[{"name":"wp","href":"https:\/\/api.w.org\/{rel}","templated":true}]}}