{"id":14209,"date":"2024-05-15T06:55:08","date_gmt":"2024-05-15T11:25:08","guid":{"rendered":"https:\/\/esviafm.com\/?p=14209"},"modified":"2024-05-15T07:08:21","modified_gmt":"2024-05-15T11:38:21","slug":"quieren-destituirme-vicepresidenta-de-ecuador-acusa-a-noboa-de-abuso-de-poder","status":"publish","type":"post","link":"https:\/\/esviafm.com\/index.php\/quieren-destituirme-vicepresidenta-de-ecuador-acusa-a-noboa-de-abuso-de-poder\/","title":{"rendered":"\u00abQuieren destituirme\u00bb: vicepresidenta de Ecuador acusa a Noboa de \u00ababuso de poder\u00bb"},"content":{"rendered":"<p>La vicepresidenta ecuatoriana, Ver\u00f3nica Abad, acus\u00f3 este lunes al Gobierno del presidente Daniel Noboa de ejercer \u00ababuso de poder\u00bb en su contra y de pretender destituirla de su cargo a partir de diversos artificios, que, en su decir, incluyen casos de \u00ablawfare\u00bb y evaluaciones injustas a su desempe\u00f1o como delegada de paz en Israel.<\/p>\n<p>\u00abHoy quieren destituirme a cuenta cabal, invent\u00e1ndome ahora el tema a trav\u00e9s del (Tribunal) Contencioso Electoral que ya est\u00e1n levantando para declararme infidente a mi cargo. \u00bfQu\u00e9 buscan? Est\u00e1n buscando nuevamente hacer una investigaci\u00f3n hacia la vicepresidencia con el tema del tr\u00e1fico de influencias\u00bb, sostuvo la funcionaria en una entrevista concedida a La Hora.<\/p>\n<p>Abad recalc\u00f3 que al referirse al \u00ababuso de poder\u00bb hablaba \u00abdirectamente del Gobierno\u00bb, tanto a nivel de ministros como del presidente Noboa, al ser \u00abla cabeza\u00bb de esa administraci\u00f3n con la que, asegur\u00f3, ha intentado tender puentes para evitar la confrontaci\u00f3n directa.<\/p>\n<div>\n<p>\u00abNo es necesario llegar a esto. En este momento, pas\u00f3 todo l\u00edmite, porque hay un l\u00edmite para hacer la pol\u00edtica (\u2026). Hoy han pasado el l\u00edmite, se han extralimitado de lo que deben ser ellos como guardadores de la democracia que tiene Ecuador\u00bb, aleg\u00f3.<\/p>\n<p>Del mismo modo, la vicemandataria afirm\u00f3 que el Ejecutivo ha mostrado \u00abdesinter\u00e9s\u00bb de su labor en Tel Aviv, aunque en data reciente se le solicit\u00f3 un informe sobre sus actividades en el pa\u00eds hebreo que ser\u00eda evaluado por la Canciller\u00eda, en inter\u00e9s de comprobar si hab\u00eda cumplido cabalmente con sus funciones.<\/p>\n<p>\u00abEl d\u00eda viernes (10 de mayo) lleg\u00f3 a mi bandeja una carta de la Secretaria Jur\u00eddica de Presidencia hacia la canciller para que pueda enviar un informe que env\u00edo desde el mes de diciembre todos los meses, puntualmente, con todas las actividades que hago (\u2026). Seguramente no voy a pasar el examen, porque no he podido declarar la paz entre Gaza e Israel\u00bb, relat\u00f3.<\/p>\n<\/div>\n<div><b>Acusaciones de \u00ablawfare\u00bb<br \/>\n<\/b><br \/>\nAbad tambi\u00e9n fue consultada sobre el proceso judicial que se le sigue a su hijo, Sebasti\u00e1n Barreiro Abad, a quien la Fiscal\u00eda sindica de estar implicado en un caso de corrupci\u00f3n por contrataciones irregulares en la Vicepresidencia, pero que ella define como un caso de \u00ablawfare\u00bb donde han quedado en evidencia tanto la falta de pruebas de la acusaci\u00f3n como el uso de t\u00e1cticas para dilatar el juicio.<\/div>\n<div><\/div>\n<div>\n<p>\u00abLo he denunciado, lo vuelvo a hacer: es un \u00ablawfare\u00bb, es una persecuci\u00f3n. Y ahora lo puedo decir con hechos. Todo lo que ha estado viviendo Ecuador despu\u00e9s de este tr\u00e1gico y penoso episodio, es contrario totalmente a los valores y principios que yo he representado\u00bb, asever\u00f3.<\/p>\n<p>Del mismo modo, se\u00f1al\u00f3 que esta causa ha avanzado \u00abcon casi nada de pruebas\u00bb y se ha caracterizado por \u00abun atropellamiento, un abuso de poder de (los) fiscales y una fuerza institucional\u00bb que acab\u00f3 por enviar a Barreiro (al que se refiri\u00f3 como \u00abun joven\u00bb) a la c\u00e1rcel de m\u00e1xima seguridad La Roca y demostrar\u00eda que en el pa\u00eds suramericano ya no se vive \u00aben un Estado de derecho\u00bb.<\/p>\n<p>\u00abEso es peligroso, porque hoy, mi hijo es el primer perseguido pol\u00edtico y encerrado en una c\u00e1rcel por\u2026 \u00bfqu\u00e9 es lo que tienen? (\u2026) Las cenizas de un documento, \u00bfusted cree que puede ser una prueba?\u00bb, replic\u00f3.<\/p>\n<\/div>\n<div><\/div>\n<div>FUENTE: GLOBOVISION<\/div>\n<div class=\"pvc_clear\"><\/div>\n<p id=\"pvc_stats_14209\" class=\"pvc_stats all  \" data-element-id=\"14209\" style=\"\"><i class=\"pvc-stats-icon large\" aria-hidden=\"true\"><svg xmlns=\"http:\/\/www.w3.org\/2000\/svg\" version=\"1.0\" viewBox=\"0 0 502 315\" preserveAspectRatio=\"xMidYMid meet\"><g transform=\"translate(0,332) scale(0.1,-0.1)\" fill=\"\" stroke=\"none\"><path d=\"M2394 3279 l-29 -30 -3 -207 c-2 -182 0 -211 15 -242 39 -76 157 -76 196 0 15 31 17 60 15 243 l-3 209 -33 29 c-26 23 -41 29 -80 29 -41 0 -53 -5 -78 -31z\"\/><path d=\"M3085 3251 c-45 -19 -58 -50 -96 -229 -47 -217 -49 -260 -13 -295 52 -53 146 -42 177 20 16 31 87 366 87 410 0 70 -86 122 -155 94z\"\/><path d=\"M1751 3234 c-13 -9 -29 -31 -37 -50 -12 -29 -10 -49 21 -204 19 -94 39 -189 45 -210 14 -50 54 -80 110 -80 34 0 48 6 76 34 21 21 34 44 34 59 0 14 -18 113 -40 219 -37 178 -43 195 -70 221 -36 32 -101 37 -139 11z\"\/><path d=\"M1163 3073 c-36 -7 -73 -59 -73 -102 0 -56 133 -378 171 -413 34 -32 83 -37 129 -13 70 36 67 87 -16 290 -86 209 -89 214 -129 231 -35 14 -42 15 -82 7z\"\/><path d=\"M3689 3066 c-15 -9 -33 -30 -42 -48 -48 -103 -147 -355 -147 -375 0 -98 131 -148 192 -74 13 15 57 108 97 206 80 196 84 226 37 273 -30 30 -99 39 -137 18z\"\/><path d=\"M583 2784 c-38 -19 -67 -74 -58 -113 9 -42 211 -354 242 -373 16 -10 45 -18 66 -18 51 0 107 52 107 100 0 39 -1 41 -124 234 -80 126 -108 162 -133 173 -41 17 -61 16 -100 -3z\"\/><path d=\"M4250 2784 c-14 -9 -74 -91 -133 -183 -95 -150 -107 -173 -107 -213 0 -55 33 -94 87 -104 67 -13 90 8 211 198 130 202 137 225 78 284 -27 27 -42 34 -72 34 -22 0 -50 -8 -64 -16z\"\/><path d=\"M2275 2693 c-553 -48 -1095 -270 -1585 -649 -135 -104 -459 -423 -483 -476 -23 -49 -22 -139 2 -186 73 -142 361 -457 571 -626 285 -228 642 -407 990 -497 242 -63 336 -73 660 -74 310 0 370 5 595 52 535 111 1045 392 1455 803 122 121 250 273 275 326 19 41 19 137 0 174 -41 79 -309 363 -465 492 -447 370 -946 591 -1479 653 -113 14 -422 18 -536 8z m395 -428 c171 -34 330 -124 456 -258 112 -119 167 -219 211 -378 27 -96 24 -300 -5 -401 -72 -255 -236 -447 -474 -557 -132 -62 -201 -76 -368 -76 -167 0 -236 14 -368 76 -213 98 -373 271 -451 485 -162 444 86 934 547 1084 153 49 292 57 452 25z m909 -232 c222 -123 408 -262 593 -441 76 -74 138 -139 138 -144 0 -16 -233 -242 -330 -319 -155 -123 -309 -223 -461 -299 l-81 -41 32 46 c18 26 49 83 70 128 143 306 141 649 -6 957 -25 52 -61 116 -79 142 l-34 47 45 -20 c26 -10 76 -36 113 -56z m-2057 25 c-40 -58 -105 -190 -130 -263 -110 -324 -59 -707 132 -981 25 -35 42 -64 37 -64 -19 0 -241 119 -326 174 -188 122 -406 314 -532 468 l-58 71 108 103 c185 178 428 349 672 473 66 33 121 60 123 61 2 0 -10 -19 -26 -42z\"\/><path d=\"M2375 1950 c-198 -44 -350 -190 -395 -379 -18 -76 -8 -221 19 -290 114 -284 457 -406 731 -260 98 52 188 154 231 260 27 69 37 214 19 290 -38 163 -166 304 -326 360 -67 23 -215 33 -279 19z\"\/><\/g><\/svg><\/i> <img decoding=\"async\" width=\"16\" height=\"16\" alt=\"Loading\" src=\"https:\/\/esviafm.com\/wp-content\/plugins\/page-views-count\/ajax-loader-2x.gif\" border=0 \/><\/p>\n<div class=\"pvc_clear\"><\/div>\n","protected":false},"excerpt":{"rendered":"<p>La vicepresidenta ecuatoriana, Ver\u00f3nica Abad, acus\u00f3 este lunes al Gobierno del presidente Daniel Noboa de ejercer \u00ababuso de poder\u00bb en su contra y de pretender destituirla de su cargo a partir de diversos artificios, que, en su decir, incluyen casos de \u00ablawfare\u00bb y evaluaciones injustas a su desempe\u00f1o como delegada de paz en Israel. \u00abHoy [&hellip;]<\/p>\n<div class=\"pvc_clear\"><\/div>\n<p id=\"pvc_stats_14209\" class=\"pvc_stats all  \" data-element-id=\"14209\" style=\"\"><i class=\"pvc-stats-icon large\" aria-hidden=\"true\"><svg xmlns=\"http:\/\/www.w3.org\/2000\/svg\" version=\"1.0\" viewBox=\"0 0 502 315\" preserveAspectRatio=\"xMidYMid meet\"><g transform=\"translate(0,332) scale(0.1,-0.1)\" fill=\"\" stroke=\"none\"><path d=\"M2394 3279 l-29 -30 -3 -207 c-2 -182 0 -211 15 -242 39 -76 157 -76 196 0 15 31 17 60 15 243 l-3 209 -33 29 c-26 23 -41 29 -80 29 -41 0 -53 -5 -78 -31z\"\/><path d=\"M3085 3251 c-45 -19 -58 -50 -96 -229 -47 -217 -49 -260 -13 -295 52 -53 146 -42 177 20 16 31 87 366 87 410 0 70 -86 122 -155 94z\"\/><path d=\"M1751 3234 c-13 -9 -29 -31 -37 -50 -12 -29 -10 -49 21 -204 19 -94 39 -189 45 -210 14 -50 54 -80 110 -80 34 0 48 6 76 34 21 21 34 44 34 59 0 14 -18 113 -40 219 -37 178 -43 195 -70 221 -36 32 -101 37 -139 11z\"\/><path d=\"M1163 3073 c-36 -7 -73 -59 -73 -102 0 -56 133 -378 171 -413 34 -32 83 -37 129 -13 70 36 67 87 -16 290 -86 209 -89 214 -129 231 -35 14 -42 15 -82 7z\"\/><path d=\"M3689 3066 c-15 -9 -33 -30 -42 -48 -48 -103 -147 -355 -147 -375 0 -98 131 -148 192 -74 13 15 57 108 97 206 80 196 84 226 37 273 -30 30 -99 39 -137 18z\"\/><path d=\"M583 2784 c-38 -19 -67 -74 -58 -113 9 -42 211 -354 242 -373 16 -10 45 -18 66 -18 51 0 107 52 107 100 0 39 -1 41 -124 234 -80 126 -108 162 -133 173 -41 17 -61 16 -100 -3z\"\/><path d=\"M4250 2784 c-14 -9 -74 -91 -133 -183 -95 -150 -107 -173 -107 -213 0 -55 33 -94 87 -104 67 -13 90 8 211 198 130 202 137 225 78 284 -27 27 -42 34 -72 34 -22 0 -50 -8 -64 -16z\"\/><path d=\"M2275 2693 c-553 -48 -1095 -270 -1585 -649 -135 -104 -459 -423 -483 -476 -23 -49 -22 -139 2 -186 73 -142 361 -457 571 -626 285 -228 642 -407 990 -497 242 -63 336 -73 660 -74 310 0 370 5 595 52 535 111 1045 392 1455 803 122 121 250 273 275 326 19 41 19 137 0 174 -41 79 -309 363 -465 492 -447 370 -946 591 -1479 653 -113 14 -422 18 -536 8z m395 -428 c171 -34 330 -124 456 -258 112 -119 167 -219 211 -378 27 -96 24 -300 -5 -401 -72 -255 -236 -447 -474 -557 -132 -62 -201 -76 -368 -76 -167 0 -236 14 -368 76 -213 98 -373 271 -451 485 -162 444 86 934 547 1084 153 49 292 57 452 25z m909 -232 c222 -123 408 -262 593 -441 76 -74 138 -139 138 -144 0 -16 -233 -242 -330 -319 -155 -123 -309 -223 -461 -299 l-81 -41 32 46 c18 26 49 83 70 128 143 306 141 649 -6 957 -25 52 -61 116 -79 142 l-34 47 45 -20 c26 -10 76 -36 113 -56z m-2057 25 c-40 -58 -105 -190 -130 -263 -110 -324 -59 -707 132 -981 25 -35 42 -64 37 -64 -19 0 -241 119 -326 174 -188 122 -406 314 -532 468 l-58 71 108 103 c185 178 428 349 672 473 66 33 121 60 123 61 2 0 -10 -19 -26 -42z\"\/><path d=\"M2375 1950 c-198 -44 -350 -190 -395 -379 -18 -76 -8 -221 19 -290 114 -284 457 -406 731 -260 98 52 188 154 231 260 27 69 37 214 19 290 -38 163 -166 304 -326 360 -67 23 -215 33 -279 19z\"\/><\/g><\/svg><\/i> <img decoding=\"async\" width=\"16\" height=\"16\" alt=\"Loading\" src=\"https:\/\/esviafm.com\/wp-content\/plugins\/page-views-count\/ajax-loader-2x.gif\" border=0 \/><\/p>\n<div class=\"pvc_clear\"><\/div>\n","protected":false},"author":1,"featured_media":0,"comment_status":"open","ping_status":"open","sticky":false,"template":"","format":"standard","meta":{"_et_pb_use_builder":"","_et_pb_old_content":"","_et_gb_content_width":"","footnotes":""},"categories":[17],"tags":[],"class_list":["post-14209","post","type-post","status-publish","format-standard","hentry","category-internacionales"],"_links":{"self":[{"href":"https:\/\/esviafm.com\/index.php\/wp-json\/wp\/v2\/posts\/14209","targetHints":{"allow":["GET"]}}],"collection":[{"href":"https:\/\/esviafm.com\/index.php\/wp-json\/wp\/v2\/posts"}],"about":[{"href":"https:\/\/esviafm.com\/index.php\/wp-json\/wp\/v2\/types\/post"}],"author":[{"embeddable":true,"href":"https:\/\/esviafm.com\/index.php\/wp-json\/wp\/v2\/users\/1"}],"replies":[{"embeddable":true,"href":"https:\/\/esviafm.com\/index.php\/wp-json\/wp\/v2\/comments?post=14209"}],"version-history":[{"count":2,"href":"https:\/\/esviafm.com\/index.php\/wp-json\/wp\/v2\/posts\/14209\/revisions"}],"predecessor-version":[{"id":14222,"href":"https:\/\/esviafm.com\/index.php\/wp-json\/wp\/v2\/posts\/14209\/revisions\/14222"}],"wp:attachment":[{"href":"https:\/\/esviafm.com\/index.php\/wp-json\/wp\/v2\/media?parent=14209"}],"wp:term":[{"taxonomy":"category","embeddable":true,"href":"https:\/\/esviafm.com\/index.php\/wp-json\/wp\/v2\/categories?post=14209"},{"taxonomy":"post_tag","embeddable":true,"href":"https:\/\/esviafm.com\/index.php\/wp-json\/wp\/v2\/tags?post=14209"}],"curies":[{"name":"wp","href":"https:\/\/api.w.org\/{rel}","templated":true}]}}