{"id":13949,"date":"2024-05-10T08:12:31","date_gmt":"2024-05-10T12:42:31","guid":{"rendered":"https:\/\/esviafm.com\/?p=13949"},"modified":"2024-05-10T08:12:31","modified_gmt":"2024-05-10T12:42:31","slug":"gremios-argentinos-inician-paro-total-contra-el-ajuste-de-milei-y-para-que-se-caiga-la-ley-bases-2","status":"publish","type":"post","link":"https:\/\/esviafm.com\/index.php\/gremios-argentinos-inician-paro-total-contra-el-ajuste-de-milei-y-para-que-se-caiga-la-ley-bases-2\/","title":{"rendered":"Gremios argentinos inician paro total contra el ajuste de Milei y para que \u00abse caiga\u00bb la Ley Bases"},"content":{"rendered":"<p>El movimiento obrero organizado de Argentina realiza este jueves un paro nacional de 24 horas contra el ajuste del Gobierno de Javier Milei. Los principales gremios paralizan la actividad en todo el pa\u00eds con la mirada puesta en el Senado por el tratamiento de la ley Bases, una iniciativa del oficialismo que avanza sobre los derechos laborales.<\/p>\n<p>Se trata de la segunda medida de fuerza de este tenor contra la administraci\u00f3n libertaria, y fue convocada por la Confederaci\u00f3n General del Trabajo (CGT), la central sindical m\u00e1s importante y representativa de Argentina.<\/p>\n<p>Ser\u00e1 clave para la efectividad de la protesta la adhesi\u00f3n total de los gremios del transporte, que har\u00e1n m\u00e1s complicado el traslado de aquellas personas que decidan concurrir a sus lugares de trabajo. Trenes y buses no van a operar en toda la jornada; Aerol\u00edneas Argentinas no har\u00e1 vuelos; y el metro de Buenos Aires se ver\u00e1 afectado.<\/p>\n<p>Los bancos, la educaci\u00f3n p\u00fablica, la construcci\u00f3n, buena parte del comercio y la industria tampoco funcionar\u00e1n este 9 de mayo. \u00abEl paro va a ser total\u00bb, vaticin\u00f3 Pablo Moyano, l\u00edder de Camioneros y uno de los tres dirigentes que componen el triunviro que conduce la CGT.<\/p>\n<p>Tambi\u00e9n se han plegado a la huelga los gremios nucleados en la Central de Trabajadores de Argentina (CTA), que se divide en dos facciones, la Aut\u00f3noma y la CTA de los Trabajadores. Estas dos centrales agrupan a m\u00e1s de 30 sindicatos, pero no tienen representaci\u00f3n legal.<\/p>\n<div>La CGT ha dejado claro que uno de los motivos de este nuevo paro es rechazar la Ley Bases y Puntos de Partida para la Libertad de los Argentino \u2014tambi\u00e9n conocida como ley &#8216;\u00f3mnibus&#8217;\u2014 que impulsa Milei en el Congreso y que ya obtuvo media sanci\u00f3n en Diputados, principalmente porque contiene una reforma laboral que flexibiliza condiciones de trabajo, beneficiando a empleadores y perjudicando a empleados.<\/div>\n<div><\/div>\n<div>\u00abEs una forma de decirle a los senadores y senadoras, fundamentalmente a aquellos que est\u00e1n todav\u00eda dudando su voto, que no se puede llevar adelante y aprobar una ley que, todo el mundo sabe, va en contra de los jubilados, los trabajadores\u00bb, dijo Moyano en Radio 10. Y a\u00f1adi\u00f3 que espera que con los votos del peronismo el proyecto \u00abse caiga\u00bb en el Senado.<\/p>\n<p>En su cap\u00edtulo laboral, la iniciativa del Gobierno extiende de tres meses a un a\u00f1o el periodo de prueba para poder ser contratado; elimina las multas a los empresarios que no registren a los trabajadores (lo que les permite no pagar derecho a la salud, pensiones y jubilaciones); y facilita los despidos sin responsabilidad alguna para los empleadores, entre otras disposiciones.<\/p>\n<p><b>Razones para un nuevo paro general<\/b><\/div>\n<div>\nSin embargo, la ley Bases no es el \u00fanico motivo que ha impulsado en los \u00faltimos d\u00edas protestas, cortes de calles, marchas masivas como la del 1 de mayo y asambleas en todos los sectores. El secretario adjunto de la Confederaci\u00f3n Argentina de Trabajadores del Transporte (CATT), Juan Carlos Schmid, lo resumi\u00f3 en pocas palabras cuando un periodista le pregunt\u00f3 si no era \u00abmucho\u00bb para un presidente que lleva solo 5 meses de gesti\u00f3n.<\/p>\n<p>\u00abEs un Gobierno que ha derrumbado 40 % el consumo, que ha pr\u00e1cticamente asfixiado a los jubilados y que puso en marcha desde el primer d\u00eda un protocolo (de seguridad) donde se compara la protesta social con un delito a mano armada\u00bb, afirm\u00f3 Schmidt a La Naci\u00f3n M\u00e1s.<\/p><\/div>\n<div><\/div>\n<div>\n<div>La p\u00e9rdida del poder adquisitivo de los salarios y las jubilaciones es otro factor determinante para la huelga. Aunque la retracci\u00f3n del consumo contuvo la suba de la inflaci\u00f3n en los \u00faltimos meses, la tasa mensual sigue siendo alta -por encima del 10 %- y el acumulado interanual fue de 287,9 % en marzo.<\/p>\n<p>Desde diciembre de 2023, cuando asumi\u00f3 el poder Milei y aplic\u00f3 una devaluaci\u00f3n del 50 %, los sueldos han quedado atrasados respecto al costo de vida. M\u00e1xime luego de la suba de tarifas por la quita de subsidios, la liberaci\u00f3n del precio de los alquileres y la desregulaci\u00f3n de los precios de la medicina privada y la gasolina, todas medidas del Gobierno que golpearon fuerte a la clase media.<\/p>\n<p>En una reciente entrevista con la cadena BBC, el presidente Milei asever\u00f3 que en el \u00faltimo mes \u00ablos salarios empezaron a ganarle a la inflaci\u00f3n, porque subieron 14 % y la inflaci\u00f3n fue del 11 %\u00bb. Esto es cierto si hablamos solo de marzo, pero si la foto se toma completa, la ca\u00edda del salario real respecto al nivel de precios es del 17 % desde noviembre, de acuerdo a un an\u00e1lisis de Chequeado, y del 23,9 % (noviembre-febrero) seg\u00fan datos de la Remuneraci\u00f3n Imponible de Trabajadores Estables (Ripte).<\/p><\/div>\n<div><\/div>\n<p>En los sectores m\u00e1s desfavorecidos la situaci\u00f3n es cr\u00edtica. Los comedores comunitarios denuncian que el Gobierno ha dejado de enviar alimentos, mientras la pobreza ya supera el 50 %, seg\u00fan estimaciones privadas.<\/p>\n<p>De hecho, la Justicia intim\u00f3 a la ministra de Capital Humano, Sandra Pettovello, para que concurra a los tribunales en un plazo m\u00e1ximo de 10 d\u00edas para dar explicaciones sobre el destino de los recursos no entregados, inform\u00f3 \u00c1mbito Financiero.<\/p>\n<p>En un comunicado conjunto, la CGT y la CTA detallaron las razones de una protesta \u00aben defensa de los derechos laborales, sociales y por salario digno\u00bb.<\/p>\n<div>En un comunicado, las centrales pusieron en \u00abevidencia\u00bb con solo algunos indicadores que \u00abel ajuste no lo paga la &#8216;casta'\u00bb \u2014como suele llamar Milei a la dirigencia pol\u00edtica tradicional\u2014, sino que \u00abrecae sobre los sectores m\u00e1s vulnerables\u00bb. All\u00ed mencionan: \u00abUn 31 % de ca\u00edda real en las partidas presupuestarias de jubilaciones y pensiones, un 87 % en obras p\u00fablicas, un 39 % en subsidios al transporte, un 76 % en transferencias a las provincias, un 18 % en recorte a las universidades y un 13 % en programas sociales\u00bb.<\/div>\n<\/div>\n<div>\n<div><b>La postura del Gobierno<\/b><\/div>\n<div>\nDesde la Casa Rosada intentaron minimizar el alcance del paro y, como suele ocurrir, lo tildaron de \u00abpol\u00edtico\u00bb.<\/p>\n<p>Este mi\u00e9rcoles, el vocero presidencial, Manuel Adorni, anunci\u00f3 que el Gobierno les descontar\u00e1 el d\u00eda a los trabajadores estatales que se sumen a la huelga general, la cual \u00abno tiene una justificaci\u00f3n aparente\u00bb, dijo en su conferencia de prensa habitual.<\/p>\n<p>Por su parte, la ministra de Seguridad, Patricia Bullrich, subestim\u00f3 la protesta y avis\u00f3 que aplicar\u00e1 el protocolo antipiquetes si se decide cortar calles durante la jornada.<\/p>\n<p>\u00abA nosotros no nos importa lo que hagan, vamos a seguir adelante con nuestro camino\u00bb, asegur\u00f3 la funcionaria en una entrevista con radio Mitre. \u00abEl Gobierno tiene una decisi\u00f3n tomada y la gente la sabe. Se aplicar\u00e1 el operativo antipiquetes si hay bloqueos a accesos. Garantizamos la libre circulaci\u00f3n, no dejamos que tomen puentes, corten rutas; nuestra decisi\u00f3n es clara\u00bb, afirm\u00f3.<\/p>\n<p>Y le dej\u00f3 un mensaje claro a la CGT: \u00abQue se dejen de joder y vayan a laburar\u00bb, dijo el mi\u00e9rcoles durante su exposici\u00f3n en un acto del Rotary Club, en un hotel de Buenos Aires, report\u00f3 C5N.\u00a0<b><br \/>\n<\/b><\/div>\n<div><\/div>\n<div>La de este jueves ser\u00e1 la segunda huelga nacional contra la administraci\u00f3n mile\u00edsta, que asumi\u00f3 el 10 de diciembre de 2023. A poco m\u00e1s de un mes del cambio de Gobierno, el 24 de enero, las centrales obreras de Argentina lanzaron un paro general para rechazar las medidas de ajuste y flexibilizaci\u00f3n laboral contenidas en el &#8216;decretazo&#8217; del mandatario, posteriormente frenadas en la Justicia.<\/p>\n<p>Ley Bases, voto a voto<br \/>\nEl oficialismo trabaja en comisiones del Senado para alcanzar el dictamen este mismo jueves, y tratar en el pleno el proyecto el pr\u00f3ximo 16 de mayo.<\/p>\n<p>Los tiempos apremian, ya que la intenci\u00f3n del presidente Milei es sancionar la ley antes de la firma del Pacto de Mayo, una convocatoria a toda la dirigencia pol\u00edtica pautada para el d\u00eda 25 en la provincia de C\u00f3rdoba. El jefe del Ejecutivo propuso a gobernadores, exmandatarios y l\u00edderes de los partidos pol\u00edticos firmar \u00abun nuevo contrato social\u00bb con las 10 pol\u00edticas que \u00abel pa\u00eds necesita\u00bb, aunque varios ya avisaron que no asistir\u00e1n.<\/p>\n<p>En el Congreso el bloque de La Libertad Avanza tiene varias dificultades. Como no cuenta con mayor\u00eda de legisladores, necesita el apoyo de aliados y bloques de lo que llaman la \u00aboposici\u00f3n dialoguista\u00bb para la aprobaci\u00f3n de la ley.<\/p>\n<p>Pero adem\u00e1s, desde el peronismo kirchnerista, sector que no apoyar\u00e1 la iniciativa, denunciaron irregularidades en el tr\u00e1mite legislativo. Concretamente, se\u00f1alaron que existen \u00abdiferencias\u00bb entre el texto de la Ley Bases que sali\u00f3 de la C\u00e1mara de Diputados y el documento que lleg\u00f3 al Senado para su discusi\u00f3n, que comenz\u00f3 este martes.<\/p>\n<p>Esto pone en riesgo el tratamiento de la Ley Bases y Puntos de Partida para la Libertad de los Argentinos en el Senado, ya que podr\u00edan declarar su nulidad.<\/p><\/div>\n<\/div>\n<div>FUENTE: EL UNIVERSAL<\/div>\n<div class=\"pvc_clear\"><\/div>\n<p id=\"pvc_stats_13949\" class=\"pvc_stats all  \" data-element-id=\"13949\" style=\"\"><i class=\"pvc-stats-icon large\" aria-hidden=\"true\"><svg xmlns=\"http:\/\/www.w3.org\/2000\/svg\" version=\"1.0\" viewBox=\"0 0 502 315\" preserveAspectRatio=\"xMidYMid meet\"><g transform=\"translate(0,332) scale(0.1,-0.1)\" fill=\"\" stroke=\"none\"><path d=\"M2394 3279 l-29 -30 -3 -207 c-2 -182 0 -211 15 -242 39 -76 157 -76 196 0 15 31 17 60 15 243 l-3 209 -33 29 c-26 23 -41 29 -80 29 -41 0 -53 -5 -78 -31z\"\/><path d=\"M3085 3251 c-45 -19 -58 -50 -96 -229 -47 -217 -49 -260 -13 -295 52 -53 146 -42 177 20 16 31 87 366 87 410 0 70 -86 122 -155 94z\"\/><path d=\"M1751 3234 c-13 -9 -29 -31 -37 -50 -12 -29 -10 -49 21 -204 19 -94 39 -189 45 -210 14 -50 54 -80 110 -80 34 0 48 6 76 34 21 21 34 44 34 59 0 14 -18 113 -40 219 -37 178 -43 195 -70 221 -36 32 -101 37 -139 11z\"\/><path d=\"M1163 3073 c-36 -7 -73 -59 -73 -102 0 -56 133 -378 171 -413 34 -32 83 -37 129 -13 70 36 67 87 -16 290 -86 209 -89 214 -129 231 -35 14 -42 15 -82 7z\"\/><path d=\"M3689 3066 c-15 -9 -33 -30 -42 -48 -48 -103 -147 -355 -147 -375 0 -98 131 -148 192 -74 13 15 57 108 97 206 80 196 84 226 37 273 -30 30 -99 39 -137 18z\"\/><path d=\"M583 2784 c-38 -19 -67 -74 -58 -113 9 -42 211 -354 242 -373 16 -10 45 -18 66 -18 51 0 107 52 107 100 0 39 -1 41 -124 234 -80 126 -108 162 -133 173 -41 17 -61 16 -100 -3z\"\/><path d=\"M4250 2784 c-14 -9 -74 -91 -133 -183 -95 -150 -107 -173 -107 -213 0 -55 33 -94 87 -104 67 -13 90 8 211 198 130 202 137 225 78 284 -27 27 -42 34 -72 34 -22 0 -50 -8 -64 -16z\"\/><path d=\"M2275 2693 c-553 -48 -1095 -270 -1585 -649 -135 -104 -459 -423 -483 -476 -23 -49 -22 -139 2 -186 73 -142 361 -457 571 -626 285 -228 642 -407 990 -497 242 -63 336 -73 660 -74 310 0 370 5 595 52 535 111 1045 392 1455 803 122 121 250 273 275 326 19 41 19 137 0 174 -41 79 -309 363 -465 492 -447 370 -946 591 -1479 653 -113 14 -422 18 -536 8z m395 -428 c171 -34 330 -124 456 -258 112 -119 167 -219 211 -378 27 -96 24 -300 -5 -401 -72 -255 -236 -447 -474 -557 -132 -62 -201 -76 -368 -76 -167 0 -236 14 -368 76 -213 98 -373 271 -451 485 -162 444 86 934 547 1084 153 49 292 57 452 25z m909 -232 c222 -123 408 -262 593 -441 76 -74 138 -139 138 -144 0 -16 -233 -242 -330 -319 -155 -123 -309 -223 -461 -299 l-81 -41 32 46 c18 26 49 83 70 128 143 306 141 649 -6 957 -25 52 -61 116 -79 142 l-34 47 45 -20 c26 -10 76 -36 113 -56z m-2057 25 c-40 -58 -105 -190 -130 -263 -110 -324 -59 -707 132 -981 25 -35 42 -64 37 -64 -19 0 -241 119 -326 174 -188 122 -406 314 -532 468 l-58 71 108 103 c185 178 428 349 672 473 66 33 121 60 123 61 2 0 -10 -19 -26 -42z\"\/><path d=\"M2375 1950 c-198 -44 -350 -190 -395 -379 -18 -76 -8 -221 19 -290 114 -284 457 -406 731 -260 98 52 188 154 231 260 27 69 37 214 19 290 -38 163 -166 304 -326 360 -67 23 -215 33 -279 19z\"\/><\/g><\/svg><\/i> <img decoding=\"async\" width=\"16\" height=\"16\" alt=\"Loading\" src=\"https:\/\/esviafm.com\/wp-content\/plugins\/page-views-count\/ajax-loader-2x.gif\" border=0 \/><\/p>\n<div class=\"pvc_clear\"><\/div>\n","protected":false},"excerpt":{"rendered":"<p>El movimiento obrero organizado de Argentina realiza este jueves un paro nacional de 24 horas contra el ajuste del Gobierno de Javier Milei. Los principales gremios paralizan la actividad en todo el pa\u00eds con la mirada puesta en el Senado por el tratamiento de la ley Bases, una iniciativa del oficialismo que avanza sobre los [&hellip;]<\/p>\n<div class=\"pvc_clear\"><\/div>\n<p id=\"pvc_stats_13949\" class=\"pvc_stats all  \" data-element-id=\"13949\" style=\"\"><i class=\"pvc-stats-icon large\" aria-hidden=\"true\"><svg xmlns=\"http:\/\/www.w3.org\/2000\/svg\" version=\"1.0\" viewBox=\"0 0 502 315\" preserveAspectRatio=\"xMidYMid meet\"><g transform=\"translate(0,332) scale(0.1,-0.1)\" fill=\"\" stroke=\"none\"><path d=\"M2394 3279 l-29 -30 -3 -207 c-2 -182 0 -211 15 -242 39 -76 157 -76 196 0 15 31 17 60 15 243 l-3 209 -33 29 c-26 23 -41 29 -80 29 -41 0 -53 -5 -78 -31z\"\/><path d=\"M3085 3251 c-45 -19 -58 -50 -96 -229 -47 -217 -49 -260 -13 -295 52 -53 146 -42 177 20 16 31 87 366 87 410 0 70 -86 122 -155 94z\"\/><path d=\"M1751 3234 c-13 -9 -29 -31 -37 -50 -12 -29 -10 -49 21 -204 19 -94 39 -189 45 -210 14 -50 54 -80 110 -80 34 0 48 6 76 34 21 21 34 44 34 59 0 14 -18 113 -40 219 -37 178 -43 195 -70 221 -36 32 -101 37 -139 11z\"\/><path d=\"M1163 3073 c-36 -7 -73 -59 -73 -102 0 -56 133 -378 171 -413 34 -32 83 -37 129 -13 70 36 67 87 -16 290 -86 209 -89 214 -129 231 -35 14 -42 15 -82 7z\"\/><path d=\"M3689 3066 c-15 -9 -33 -30 -42 -48 -48 -103 -147 -355 -147 -375 0 -98 131 -148 192 -74 13 15 57 108 97 206 80 196 84 226 37 273 -30 30 -99 39 -137 18z\"\/><path d=\"M583 2784 c-38 -19 -67 -74 -58 -113 9 -42 211 -354 242 -373 16 -10 45 -18 66 -18 51 0 107 52 107 100 0 39 -1 41 -124 234 -80 126 -108 162 -133 173 -41 17 -61 16 -100 -3z\"\/><path d=\"M4250 2784 c-14 -9 -74 -91 -133 -183 -95 -150 -107 -173 -107 -213 0 -55 33 -94 87 -104 67 -13 90 8 211 198 130 202 137 225 78 284 -27 27 -42 34 -72 34 -22 0 -50 -8 -64 -16z\"\/><path d=\"M2275 2693 c-553 -48 -1095 -270 -1585 -649 -135 -104 -459 -423 -483 -476 -23 -49 -22 -139 2 -186 73 -142 361 -457 571 -626 285 -228 642 -407 990 -497 242 -63 336 -73 660 -74 310 0 370 5 595 52 535 111 1045 392 1455 803 122 121 250 273 275 326 19 41 19 137 0 174 -41 79 -309 363 -465 492 -447 370 -946 591 -1479 653 -113 14 -422 18 -536 8z m395 -428 c171 -34 330 -124 456 -258 112 -119 167 -219 211 -378 27 -96 24 -300 -5 -401 -72 -255 -236 -447 -474 -557 -132 -62 -201 -76 -368 -76 -167 0 -236 14 -368 76 -213 98 -373 271 -451 485 -162 444 86 934 547 1084 153 49 292 57 452 25z m909 -232 c222 -123 408 -262 593 -441 76 -74 138 -139 138 -144 0 -16 -233 -242 -330 -319 -155 -123 -309 -223 -461 -299 l-81 -41 32 46 c18 26 49 83 70 128 143 306 141 649 -6 957 -25 52 -61 116 -79 142 l-34 47 45 -20 c26 -10 76 -36 113 -56z m-2057 25 c-40 -58 -105 -190 -130 -263 -110 -324 -59 -707 132 -981 25 -35 42 -64 37 -64 -19 0 -241 119 -326 174 -188 122 -406 314 -532 468 l-58 71 108 103 c185 178 428 349 672 473 66 33 121 60 123 61 2 0 -10 -19 -26 -42z\"\/><path d=\"M2375 1950 c-198 -44 -350 -190 -395 -379 -18 -76 -8 -221 19 -290 114 -284 457 -406 731 -260 98 52 188 154 231 260 27 69 37 214 19 290 -38 163 -166 304 -326 360 -67 23 -215 33 -279 19z\"\/><\/g><\/svg><\/i> <img decoding=\"async\" width=\"16\" height=\"16\" alt=\"Loading\" src=\"https:\/\/esviafm.com\/wp-content\/plugins\/page-views-count\/ajax-loader-2x.gif\" border=0 \/><\/p>\n<div class=\"pvc_clear\"><\/div>\n","protected":false},"author":1,"featured_media":0,"comment_status":"open","ping_status":"open","sticky":false,"template":"","format":"standard","meta":{"_et_pb_use_builder":"","_et_pb_old_content":"","_et_gb_content_width":"","footnotes":""},"categories":[17],"tags":[],"class_list":["post-13949","post","type-post","status-publish","format-standard","hentry","category-internacionales"],"_links":{"self":[{"href":"https:\/\/esviafm.com\/index.php\/wp-json\/wp\/v2\/posts\/13949","targetHints":{"allow":["GET"]}}],"collection":[{"href":"https:\/\/esviafm.com\/index.php\/wp-json\/wp\/v2\/posts"}],"about":[{"href":"https:\/\/esviafm.com\/index.php\/wp-json\/wp\/v2\/types\/post"}],"author":[{"embeddable":true,"href":"https:\/\/esviafm.com\/index.php\/wp-json\/wp\/v2\/users\/1"}],"replies":[{"embeddable":true,"href":"https:\/\/esviafm.com\/index.php\/wp-json\/wp\/v2\/comments?post=13949"}],"version-history":[{"count":1,"href":"https:\/\/esviafm.com\/index.php\/wp-json\/wp\/v2\/posts\/13949\/revisions"}],"predecessor-version":[{"id":13951,"href":"https:\/\/esviafm.com\/index.php\/wp-json\/wp\/v2\/posts\/13949\/revisions\/13951"}],"wp:attachment":[{"href":"https:\/\/esviafm.com\/index.php\/wp-json\/wp\/v2\/media?parent=13949"}],"wp:term":[{"taxonomy":"category","embeddable":true,"href":"https:\/\/esviafm.com\/index.php\/wp-json\/wp\/v2\/categories?post=13949"},{"taxonomy":"post_tag","embeddable":true,"href":"https:\/\/esviafm.com\/index.php\/wp-json\/wp\/v2\/tags?post=13949"}],"curies":[{"name":"wp","href":"https:\/\/api.w.org\/{rel}","templated":true}]}}