{"id":13791,"date":"2024-05-09T07:19:47","date_gmt":"2024-05-09T11:49:47","guid":{"rendered":"https:\/\/esviafm.com\/?p=13791"},"modified":"2024-05-09T07:19:47","modified_gmt":"2024-05-09T11:49:47","slug":"gobierno-colombiano-hara-los-esfuerzos-necesarios-para-seguir-negociando-con-el-eln","status":"publish","type":"post","link":"https:\/\/esviafm.com\/index.php\/gobierno-colombiano-hara-los-esfuerzos-necesarios-para-seguir-negociando-con-el-eln\/","title":{"rendered":"Gobierno colombiano har\u00e1 \u00ablos esfuerzos necesarios\u00bb para seguir negociando con el ELN"},"content":{"rendered":"<p>El\u00a0<b>Gobierno colombiano<\/b>\u00a0anunci\u00f3 este mi\u00e9rcoles que har\u00e1 todo lo posible para que el Ej\u00e9rcito de Liberaci\u00f3n Nacional (ELN), con el que tiene negociaciones de paz, se encarrile nuevamente en el proceso luego de que esa guerrilla diera por terminada la suspensi\u00f3n de secuestros con fines econ\u00f3micos.<\/p>\n<p>\u00abReiteramos nuestra posici\u00f3n sobre el anuncio hecho por la direcci\u00f3n del ELN\u00a0<b>en torno a la reanudaci\u00f3n del secuestro con fines econ\u00f3micos<\/b>; y anunciamos que haremos los esfuerzos necesarios para que se retome el cumplimiento del compromiso adquirido por la guerrilla en el sexto ciclo de di\u00e1logos\u00bb, expresaron en un comunicado el consejero comisionado para la paz,\u00a0<b>Otty Pati\u00f1o<\/b>, y la delegaci\u00f3n del Gobierno en las negociaciones.<\/p>\n<div>\nEl ELN dijo el pasado lunes que<b>\u00a0reanudar\u00e1 los secuestros con fines econ\u00f3micos<\/b>\u00a0porque el Gobierno ha incumplido con la creaci\u00f3n de un \u00abfondo multidonante para el proceso de paz\u00bb.<\/p>\n<div><\/div>\n<div>Ante ese anuncio, que fue rechazado por el Gobierno al considerar que la \u00abeliminaci\u00f3n\u00bb del secuestro no es negociable con el Estado y que la\u00a0<b>creaci\u00f3n del fondo no es una contraprestaci\u00f3n por no secuestrar<\/b>, Pati\u00f1o pidi\u00f3 ayer al presidente colombiano, Gustavo Petro, emitir un decreto suspendiendo el cese el fuego con los grupos del ELN que vuelvan a cometer ese delito.<\/p>\n<p>Sin embargo, en el comunicado de este mi\u00e9rcoles, el<b>\u00a0Gobierno muestra una disposici\u00f3n a buscar soluciones\u00a0<\/b>para que el tema del secuestro no afecte el normal funcionamiento de los di\u00e1logos de paz que fueron retomados en noviembre de 2022 en Caracas.<\/p>\n<p>En ese sentido, el Gobierno indic\u00f3 que contin\u00faa \u00ab<b>los preparativos para la reuni\u00f3n en Caracas entre el 20 y 25 de mayo de 2024<\/b>\u00ab, que est\u00e1 prevista desde hace varias semanas.<\/p>\n<p>En dicha reuni\u00f3n \u00ab<b>se har\u00e1 el cierre y la firma al cumplimiento del primer punto de la Agenda de Di\u00e1logos contenida en el Acuerdo de M\u00e9xico<\/b>, sobre la participaci\u00f3n de la sociedad en la construcci\u00f3n de la paz, el cual se ha avanzado en conjunto con los dem\u00e1s puntos y acuerdos alcanzados en materia de cese al fuego, acciones humanitarias y participaci\u00f3n, entre otros\u00bb, agrega el comunicado.<\/p>\n<\/div>\n<div><b>Di\u00e1logos territoriales<br \/>\n<\/b><br \/>\nEl mensaje tambi\u00e9n aborda otro tema espinoso con el ELN, que es\u00a0<b>el rechazo de esa guerrilla a los di\u00e1logos regionales de paz promovidos por el Gobierno<\/b>, en particular con el Frente Comuneros del Sur, una facci\u00f3n de esa guerrilla que opera en el departamento de Nari\u00f1o, fronterizo con Ecuador, lo que el grupo armado ilegal considera que \u00abviola los acuerdos pactados\u00bb.<\/p>\n<p>\u00abTomamos nota de la declaraci\u00f3n del jefe de la delegaci\u00f3n del ELN,\u00a0<b>Pablo Beltr\u00e1n<\/b>, sobre la decisi\u00f3n tomada por su organizaci\u00f3n de separar al grupo liderado por Gabriel Yepes, (alias) &#8216;H&#8217;, as\u00ed como de la declaraci\u00f3n producida por el Frente Comuneros del Sur en la que anuncia su ruptura con el Comando Central y la direcci\u00f3n del ELN\u00bb, indica el comunicado.<\/p>\n<p>La informaci\u00f3n a\u00f1ade: \u00abEn consecuencia,<b>\u00a0dar\u00e1 el tratamiento a este grupo de Nari\u00f1o\u00a0<\/b>como organizaci\u00f3n distinta e independiente de la organizaci\u00f3n nacional, con la cual sostiene negociaciones pol\u00edticas en la Mesa Nacional\u00bb.<\/p>\n<p>Finalmente, el Gobierno expresa su deseo de \u00abque el Sexto Congreso del ELN sea el espacio y el momento para que esta organizaci\u00f3n tome decisiones en torno a su transici\u00f3n hacia la paz\u00bb.<\/p>\n<p>El ELN anunci\u00f3 el mes pasado que en el segundo semestre de este a\u00f1o celebrar\u00e1 su VI Congreso Nacional, casi una d\u00e9cada despu\u00e9s del anterior, que tuvo lugar en 2015.<\/p>\n<p>\u00abLa actual situaci\u00f3n de Colombia, el continente y el mundo requieren que\u00a0<b>el ELN actualice sus pol\u00edticas para ponerse a tono con las b\u00fasquedas y aspiraciones de las mayor\u00edas de Colombia\u00a0<\/b>para convocar a la lucha por las transformaciones de fondo y encontrar caminos m\u00e1s certeros para el futuro\u00bb, indic\u00f3 el ELN al convocar dicha reuni\u00f3n.<\/div>\n<\/div>\n<div><\/div>\n<div><b>Fuente: EFE<\/b><\/div>\n<div class=\"pvc_clear\"><\/div>\n<p id=\"pvc_stats_13791\" class=\"pvc_stats all  \" data-element-id=\"13791\" style=\"\"><i class=\"pvc-stats-icon large\" aria-hidden=\"true\"><svg xmlns=\"http:\/\/www.w3.org\/2000\/svg\" version=\"1.0\" viewBox=\"0 0 502 315\" preserveAspectRatio=\"xMidYMid meet\"><g transform=\"translate(0,332) scale(0.1,-0.1)\" fill=\"\" stroke=\"none\"><path d=\"M2394 3279 l-29 -30 -3 -207 c-2 -182 0 -211 15 -242 39 -76 157 -76 196 0 15 31 17 60 15 243 l-3 209 -33 29 c-26 23 -41 29 -80 29 -41 0 -53 -5 -78 -31z\"\/><path d=\"M3085 3251 c-45 -19 -58 -50 -96 -229 -47 -217 -49 -260 -13 -295 52 -53 146 -42 177 20 16 31 87 366 87 410 0 70 -86 122 -155 94z\"\/><path d=\"M1751 3234 c-13 -9 -29 -31 -37 -50 -12 -29 -10 -49 21 -204 19 -94 39 -189 45 -210 14 -50 54 -80 110 -80 34 0 48 6 76 34 21 21 34 44 34 59 0 14 -18 113 -40 219 -37 178 -43 195 -70 221 -36 32 -101 37 -139 11z\"\/><path d=\"M1163 3073 c-36 -7 -73 -59 -73 -102 0 -56 133 -378 171 -413 34 -32 83 -37 129 -13 70 36 67 87 -16 290 -86 209 -89 214 -129 231 -35 14 -42 15 -82 7z\"\/><path d=\"M3689 3066 c-15 -9 -33 -30 -42 -48 -48 -103 -147 -355 -147 -375 0 -98 131 -148 192 -74 13 15 57 108 97 206 80 196 84 226 37 273 -30 30 -99 39 -137 18z\"\/><path d=\"M583 2784 c-38 -19 -67 -74 -58 -113 9 -42 211 -354 242 -373 16 -10 45 -18 66 -18 51 0 107 52 107 100 0 39 -1 41 -124 234 -80 126 -108 162 -133 173 -41 17 -61 16 -100 -3z\"\/><path d=\"M4250 2784 c-14 -9 -74 -91 -133 -183 -95 -150 -107 -173 -107 -213 0 -55 33 -94 87 -104 67 -13 90 8 211 198 130 202 137 225 78 284 -27 27 -42 34 -72 34 -22 0 -50 -8 -64 -16z\"\/><path d=\"M2275 2693 c-553 -48 -1095 -270 -1585 -649 -135 -104 -459 -423 -483 -476 -23 -49 -22 -139 2 -186 73 -142 361 -457 571 -626 285 -228 642 -407 990 -497 242 -63 336 -73 660 -74 310 0 370 5 595 52 535 111 1045 392 1455 803 122 121 250 273 275 326 19 41 19 137 0 174 -41 79 -309 363 -465 492 -447 370 -946 591 -1479 653 -113 14 -422 18 -536 8z m395 -428 c171 -34 330 -124 456 -258 112 -119 167 -219 211 -378 27 -96 24 -300 -5 -401 -72 -255 -236 -447 -474 -557 -132 -62 -201 -76 -368 -76 -167 0 -236 14 -368 76 -213 98 -373 271 -451 485 -162 444 86 934 547 1084 153 49 292 57 452 25z m909 -232 c222 -123 408 -262 593 -441 76 -74 138 -139 138 -144 0 -16 -233 -242 -330 -319 -155 -123 -309 -223 -461 -299 l-81 -41 32 46 c18 26 49 83 70 128 143 306 141 649 -6 957 -25 52 -61 116 -79 142 l-34 47 45 -20 c26 -10 76 -36 113 -56z m-2057 25 c-40 -58 -105 -190 -130 -263 -110 -324 -59 -707 132 -981 25 -35 42 -64 37 -64 -19 0 -241 119 -326 174 -188 122 -406 314 -532 468 l-58 71 108 103 c185 178 428 349 672 473 66 33 121 60 123 61 2 0 -10 -19 -26 -42z\"\/><path d=\"M2375 1950 c-198 -44 -350 -190 -395 -379 -18 -76 -8 -221 19 -290 114 -284 457 -406 731 -260 98 52 188 154 231 260 27 69 37 214 19 290 -38 163 -166 304 -326 360 -67 23 -215 33 -279 19z\"\/><\/g><\/svg><\/i> <img decoding=\"async\" width=\"16\" height=\"16\" alt=\"Loading\" src=\"https:\/\/esviafm.com\/wp-content\/plugins\/page-views-count\/ajax-loader-2x.gif\" border=0 \/><\/p>\n<div class=\"pvc_clear\"><\/div>\n","protected":false},"excerpt":{"rendered":"<p>El\u00a0Gobierno colombiano\u00a0anunci\u00f3 este mi\u00e9rcoles que har\u00e1 todo lo posible para que el Ej\u00e9rcito de Liberaci\u00f3n Nacional (ELN), con el que tiene negociaciones de paz, se encarrile nuevamente en el proceso luego de que esa guerrilla diera por terminada la suspensi\u00f3n de secuestros con fines econ\u00f3micos. \u00abReiteramos nuestra posici\u00f3n sobre el anuncio hecho por la direcci\u00f3n [&hellip;]<\/p>\n<div class=\"pvc_clear\"><\/div>\n<p id=\"pvc_stats_13791\" class=\"pvc_stats all  \" data-element-id=\"13791\" style=\"\"><i class=\"pvc-stats-icon large\" aria-hidden=\"true\"><svg xmlns=\"http:\/\/www.w3.org\/2000\/svg\" version=\"1.0\" viewBox=\"0 0 502 315\" preserveAspectRatio=\"xMidYMid meet\"><g transform=\"translate(0,332) scale(0.1,-0.1)\" fill=\"\" stroke=\"none\"><path d=\"M2394 3279 l-29 -30 -3 -207 c-2 -182 0 -211 15 -242 39 -76 157 -76 196 0 15 31 17 60 15 243 l-3 209 -33 29 c-26 23 -41 29 -80 29 -41 0 -53 -5 -78 -31z\"\/><path d=\"M3085 3251 c-45 -19 -58 -50 -96 -229 -47 -217 -49 -260 -13 -295 52 -53 146 -42 177 20 16 31 87 366 87 410 0 70 -86 122 -155 94z\"\/><path d=\"M1751 3234 c-13 -9 -29 -31 -37 -50 -12 -29 -10 -49 21 -204 19 -94 39 -189 45 -210 14 -50 54 -80 110 -80 34 0 48 6 76 34 21 21 34 44 34 59 0 14 -18 113 -40 219 -37 178 -43 195 -70 221 -36 32 -101 37 -139 11z\"\/><path d=\"M1163 3073 c-36 -7 -73 -59 -73 -102 0 -56 133 -378 171 -413 34 -32 83 -37 129 -13 70 36 67 87 -16 290 -86 209 -89 214 -129 231 -35 14 -42 15 -82 7z\"\/><path d=\"M3689 3066 c-15 -9 -33 -30 -42 -48 -48 -103 -147 -355 -147 -375 0 -98 131 -148 192 -74 13 15 57 108 97 206 80 196 84 226 37 273 -30 30 -99 39 -137 18z\"\/><path d=\"M583 2784 c-38 -19 -67 -74 -58 -113 9 -42 211 -354 242 -373 16 -10 45 -18 66 -18 51 0 107 52 107 100 0 39 -1 41 -124 234 -80 126 -108 162 -133 173 -41 17 -61 16 -100 -3z\"\/><path d=\"M4250 2784 c-14 -9 -74 -91 -133 -183 -95 -150 -107 -173 -107 -213 0 -55 33 -94 87 -104 67 -13 90 8 211 198 130 202 137 225 78 284 -27 27 -42 34 -72 34 -22 0 -50 -8 -64 -16z\"\/><path d=\"M2275 2693 c-553 -48 -1095 -270 -1585 -649 -135 -104 -459 -423 -483 -476 -23 -49 -22 -139 2 -186 73 -142 361 -457 571 -626 285 -228 642 -407 990 -497 242 -63 336 -73 660 -74 310 0 370 5 595 52 535 111 1045 392 1455 803 122 121 250 273 275 326 19 41 19 137 0 174 -41 79 -309 363 -465 492 -447 370 -946 591 -1479 653 -113 14 -422 18 -536 8z m395 -428 c171 -34 330 -124 456 -258 112 -119 167 -219 211 -378 27 -96 24 -300 -5 -401 -72 -255 -236 -447 -474 -557 -132 -62 -201 -76 -368 -76 -167 0 -236 14 -368 76 -213 98 -373 271 -451 485 -162 444 86 934 547 1084 153 49 292 57 452 25z m909 -232 c222 -123 408 -262 593 -441 76 -74 138 -139 138 -144 0 -16 -233 -242 -330 -319 -155 -123 -309 -223 -461 -299 l-81 -41 32 46 c18 26 49 83 70 128 143 306 141 649 -6 957 -25 52 -61 116 -79 142 l-34 47 45 -20 c26 -10 76 -36 113 -56z m-2057 25 c-40 -58 -105 -190 -130 -263 -110 -324 -59 -707 132 -981 25 -35 42 -64 37 -64 -19 0 -241 119 -326 174 -188 122 -406 314 -532 468 l-58 71 108 103 c185 178 428 349 672 473 66 33 121 60 123 61 2 0 -10 -19 -26 -42z\"\/><path d=\"M2375 1950 c-198 -44 -350 -190 -395 -379 -18 -76 -8 -221 19 -290 114 -284 457 -406 731 -260 98 52 188 154 231 260 27 69 37 214 19 290 -38 163 -166 304 -326 360 -67 23 -215 33 -279 19z\"\/><\/g><\/svg><\/i> <img decoding=\"async\" width=\"16\" height=\"16\" alt=\"Loading\" src=\"https:\/\/esviafm.com\/wp-content\/plugins\/page-views-count\/ajax-loader-2x.gif\" border=0 \/><\/p>\n<div class=\"pvc_clear\"><\/div>\n","protected":false},"author":1,"featured_media":0,"comment_status":"open","ping_status":"open","sticky":false,"template":"","format":"standard","meta":{"_et_pb_use_builder":"","_et_pb_old_content":"","_et_gb_content_width":"","footnotes":""},"categories":[17],"tags":[],"class_list":["post-13791","post","type-post","status-publish","format-standard","hentry","category-internacionales"],"_links":{"self":[{"href":"https:\/\/esviafm.com\/index.php\/wp-json\/wp\/v2\/posts\/13791","targetHints":{"allow":["GET"]}}],"collection":[{"href":"https:\/\/esviafm.com\/index.php\/wp-json\/wp\/v2\/posts"}],"about":[{"href":"https:\/\/esviafm.com\/index.php\/wp-json\/wp\/v2\/types\/post"}],"author":[{"embeddable":true,"href":"https:\/\/esviafm.com\/index.php\/wp-json\/wp\/v2\/users\/1"}],"replies":[{"embeddable":true,"href":"https:\/\/esviafm.com\/index.php\/wp-json\/wp\/v2\/comments?post=13791"}],"version-history":[{"count":1,"href":"https:\/\/esviafm.com\/index.php\/wp-json\/wp\/v2\/posts\/13791\/revisions"}],"predecessor-version":[{"id":13793,"href":"https:\/\/esviafm.com\/index.php\/wp-json\/wp\/v2\/posts\/13791\/revisions\/13793"}],"wp:attachment":[{"href":"https:\/\/esviafm.com\/index.php\/wp-json\/wp\/v2\/media?parent=13791"}],"wp:term":[{"taxonomy":"category","embeddable":true,"href":"https:\/\/esviafm.com\/index.php\/wp-json\/wp\/v2\/categories?post=13791"},{"taxonomy":"post_tag","embeddable":true,"href":"https:\/\/esviafm.com\/index.php\/wp-json\/wp\/v2\/tags?post=13791"}],"curies":[{"name":"wp","href":"https:\/\/api.w.org\/{rel}","templated":true}]}}