{"id":13762,"date":"2024-05-08T09:34:50","date_gmt":"2024-05-08T14:04:50","guid":{"rendered":"https:\/\/esviafm.com\/?p=13762"},"modified":"2024-05-08T09:34:50","modified_gmt":"2024-05-08T14:04:50","slug":"el-papa-convoca-a-30-premios-nobel-para-reflexionar-sobre-el-futuro-de-la-humanidad","status":"publish","type":"post","link":"https:\/\/esviafm.com\/index.php\/el-papa-convoca-a-30-premios-nobel-para-reflexionar-sobre-el-futuro-de-la-humanidad\/","title":{"rendered":"El Papa convoca a 30 premios Nobel para reflexionar sobre el futuro de la humanidad"},"content":{"rendered":"<p>Ciudad del Vaticano, 7 may (EFE).- El papa Francisco ha convocado a Roma a una treintena de premios Nobel, as\u00ed como a personalidades del mundo de la ciencia, la pol\u00edtica, el arte y el deporte, para reflexionar sobre la fraternidad humana y c\u00f3mo\u00a0<em>construir un mundo de paz<\/em>, inform\u00f3 este martes la Santa Sede.<\/p>\n<p><em>La fraternidad como base de un mundo nuevo, de nuevas relaciones humanas, de amor sobre la tierra. Se puede hacer, este es el desaf\u00edo de BeHuman (lema del encuentro que significa ser humano en ingl\u00e9s)<\/em>, explic\u00f3\u00a0<a href=\"https:\/\/es.wikipedia.org\/wiki\/Ciudad_del_Vaticano\">el Vaticano<\/a>\u00a0al anunciar el Encuentro Mundial sobre la Fraternidad Humana, que se celebrar\u00e1 los d\u00edas 10 y 11 de mayo.<\/p>\n<p>Los participantes, entre los que tambi\u00e9n hay profesores, m\u00e9dicos y economistas, se repartir\u00e1n en 12 mesas redondas en las que se debatir\u00e1n temas como la paz en el mundo, el futuro de los sistemas alimentarios, la sostenibilidad de las empresas, la educaci\u00f3n o el deporte en diferentes enclaves entre la Ciudad del Vaticano y Roma.<\/p>\n<h3>Participantes<\/h3>\n<p>La l\u00edder ind\u00edgena guatemalteca Rigoberta Mench\u00fa, el activista costarricense contra la guerra nuclear Carlos Uma\u00f1a y la periodista de investigaci\u00f3n filipina Maria Ressa son algunos de los ganadores del Nobel de la Paz presentes.<\/p>\n<p>Tambi\u00e9n se espera al director de la NASA, Bill Nelson; el alcalde de Nueva York, Eric Leroy Adams, y a la activista mozambique\u00f1a a favor de la infancia Gra\u00e7a Machel, viuda que de Nelson Mandela, entre otros muchas figuras mundiales.<\/p>\n<p>Lugares emblem\u00e1ticos de la capital italiana, como el Palacio de la Canciller\u00eda o el Palacio del Quirinal, donde los participantes ser\u00e1n recibidos por el presidente de la Rep\u00fablica de Italia, Sergio Mattarella, ser\u00e1n algunos de los enclaves donde se reflexionar\u00e1 sobre la\u00a0<em>fraternidad como base de un mundo nuevo.<\/em><\/p>\n<p>En un planeta \u201checho de relaciones humanas y sociales hermosas\u201d, los participantes intentar\u00e1n encontrar propuestas concretas para \u201ccomenzar a cambiar la historia, estimular las reformas que faltan, comprender d\u00f3nde el principio de fraternidad ya est\u00e1 presente en la vida social y discernir los par\u00e1metros necesarios para medirlo\u201d, explic\u00f3 el Vaticano en un comunicado.<\/p>\n<h2>Actividades<\/h2>\n<p>El evento comenzar\u00e1 con la apertura de las mesas redondas en la ma\u00f1ana del 10 de mayo y una conferencia sobre la paz que impartir\u00e1 el cardenal secretario de Estado del Vaticano, Pietro Parolin, junto a premios Nobel de la Paz y representantes de la Uni\u00f3n Africana.<\/p>\n<p>El 11 de mayo, en el \u00fanico acto en el Vaticano, el\u00a0<a href=\"https:\/\/agn.gt\/el-papa-francisco-profundamente-entristecido-por-la-tragedia-sin-sentido-en-sidney\/\">papa Francisco<\/a>\u00a0recibir\u00e1 a los participantes en una audiencia privada en la Sala Clementina del Palacio Apost\u00f3lico, donde leer\u00e1 sus reflexiones sobre los objetivos del encuentro.<\/p>\n<p>Tras la audiencia, los participantes acudir\u00e1n a las distintas conferencias, que estar\u00e1n abiertas al p\u00fablico general y en las que tambi\u00e9n se debatir\u00e1 sobre salud, dignidad en el trabajo, redes sociales, infancia o el derecho de los ciudadanos a una informaci\u00f3n transparente.<\/p>\n<p>El objetivo de este encuentro es elaborar un nuevo pacto mundial sobre fraternidad y un nuevo c\u00f3digo del ser humano, adem\u00e1s de anunciar un\u00a0<em>gran evento<\/em>\u00a0sobre fraternidad durante el A\u00f1o Santo que se celebrar\u00e1 en 2025.<\/p>\n<p>El\u00a0<a href=\"https:\/\/www.vatican.va\/content\/francesco\/es\/speeches\/2023\/june\/documents\/20230610-fraternitaumana.html\">Encuentro Mundial sobre la Fraternidad Humana<\/a>\u00a0est\u00e1 organizado por la Fundaci\u00f3n Fratelli Tutti (Hermanos todos), una entidad vaticana que se encarga de la difusi\u00f3n del arte y la religiosidad a trav\u00e9s del di\u00e1logo entre culturas, bajo el nombre de la tercera enc\u00edclica del pont\u00edfice, su respuesta para construir \u201cun mundo m\u00e1s justo y fraterno\u201d<\/p>\n<p>FUENTE: AGN.GT<\/p>\n<div class=\"pvc_clear\"><\/div>\n<p id=\"pvc_stats_13762\" class=\"pvc_stats all  \" data-element-id=\"13762\" style=\"\"><i class=\"pvc-stats-icon large\" aria-hidden=\"true\"><svg xmlns=\"http:\/\/www.w3.org\/2000\/svg\" version=\"1.0\" viewBox=\"0 0 502 315\" preserveAspectRatio=\"xMidYMid meet\"><g transform=\"translate(0,332) scale(0.1,-0.1)\" fill=\"\" stroke=\"none\"><path d=\"M2394 3279 l-29 -30 -3 -207 c-2 -182 0 -211 15 -242 39 -76 157 -76 196 0 15 31 17 60 15 243 l-3 209 -33 29 c-26 23 -41 29 -80 29 -41 0 -53 -5 -78 -31z\"\/><path d=\"M3085 3251 c-45 -19 -58 -50 -96 -229 -47 -217 -49 -260 -13 -295 52 -53 146 -42 177 20 16 31 87 366 87 410 0 70 -86 122 -155 94z\"\/><path d=\"M1751 3234 c-13 -9 -29 -31 -37 -50 -12 -29 -10 -49 21 -204 19 -94 39 -189 45 -210 14 -50 54 -80 110 -80 34 0 48 6 76 34 21 21 34 44 34 59 0 14 -18 113 -40 219 -37 178 -43 195 -70 221 -36 32 -101 37 -139 11z\"\/><path d=\"M1163 3073 c-36 -7 -73 -59 -73 -102 0 -56 133 -378 171 -413 34 -32 83 -37 129 -13 70 36 67 87 -16 290 -86 209 -89 214 -129 231 -35 14 -42 15 -82 7z\"\/><path d=\"M3689 3066 c-15 -9 -33 -30 -42 -48 -48 -103 -147 -355 -147 -375 0 -98 131 -148 192 -74 13 15 57 108 97 206 80 196 84 226 37 273 -30 30 -99 39 -137 18z\"\/><path d=\"M583 2784 c-38 -19 -67 -74 -58 -113 9 -42 211 -354 242 -373 16 -10 45 -18 66 -18 51 0 107 52 107 100 0 39 -1 41 -124 234 -80 126 -108 162 -133 173 -41 17 -61 16 -100 -3z\"\/><path d=\"M4250 2784 c-14 -9 -74 -91 -133 -183 -95 -150 -107 -173 -107 -213 0 -55 33 -94 87 -104 67 -13 90 8 211 198 130 202 137 225 78 284 -27 27 -42 34 -72 34 -22 0 -50 -8 -64 -16z\"\/><path d=\"M2275 2693 c-553 -48 -1095 -270 -1585 -649 -135 -104 -459 -423 -483 -476 -23 -49 -22 -139 2 -186 73 -142 361 -457 571 -626 285 -228 642 -407 990 -497 242 -63 336 -73 660 -74 310 0 370 5 595 52 535 111 1045 392 1455 803 122 121 250 273 275 326 19 41 19 137 0 174 -41 79 -309 363 -465 492 -447 370 -946 591 -1479 653 -113 14 -422 18 -536 8z m395 -428 c171 -34 330 -124 456 -258 112 -119 167 -219 211 -378 27 -96 24 -300 -5 -401 -72 -255 -236 -447 -474 -557 -132 -62 -201 -76 -368 -76 -167 0 -236 14 -368 76 -213 98 -373 271 -451 485 -162 444 86 934 547 1084 153 49 292 57 452 25z m909 -232 c222 -123 408 -262 593 -441 76 -74 138 -139 138 -144 0 -16 -233 -242 -330 -319 -155 -123 -309 -223 -461 -299 l-81 -41 32 46 c18 26 49 83 70 128 143 306 141 649 -6 957 -25 52 -61 116 -79 142 l-34 47 45 -20 c26 -10 76 -36 113 -56z m-2057 25 c-40 -58 -105 -190 -130 -263 -110 -324 -59 -707 132 -981 25 -35 42 -64 37 -64 -19 0 -241 119 -326 174 -188 122 -406 314 -532 468 l-58 71 108 103 c185 178 428 349 672 473 66 33 121 60 123 61 2 0 -10 -19 -26 -42z\"\/><path d=\"M2375 1950 c-198 -44 -350 -190 -395 -379 -18 -76 -8 -221 19 -290 114 -284 457 -406 731 -260 98 52 188 154 231 260 27 69 37 214 19 290 -38 163 -166 304 -326 360 -67 23 -215 33 -279 19z\"\/><\/g><\/svg><\/i> <img decoding=\"async\" width=\"16\" height=\"16\" alt=\"Loading\" src=\"https:\/\/esviafm.com\/wp-content\/plugins\/page-views-count\/ajax-loader-2x.gif\" border=0 \/><\/p>\n<div class=\"pvc_clear\"><\/div>\n","protected":false},"excerpt":{"rendered":"<p>Ciudad del Vaticano, 7 may (EFE).- El papa Francisco ha convocado a Roma a una treintena de premios Nobel, as\u00ed como a personalidades del mundo de la ciencia, la pol\u00edtica, el arte y el deporte, para reflexionar sobre la fraternidad humana y c\u00f3mo\u00a0construir un mundo de paz, inform\u00f3 este martes la Santa Sede. La fraternidad [&hellip;]<\/p>\n<div class=\"pvc_clear\"><\/div>\n<p id=\"pvc_stats_13762\" class=\"pvc_stats all  \" data-element-id=\"13762\" style=\"\"><i class=\"pvc-stats-icon large\" aria-hidden=\"true\"><svg xmlns=\"http:\/\/www.w3.org\/2000\/svg\" version=\"1.0\" viewBox=\"0 0 502 315\" preserveAspectRatio=\"xMidYMid meet\"><g transform=\"translate(0,332) scale(0.1,-0.1)\" fill=\"\" stroke=\"none\"><path d=\"M2394 3279 l-29 -30 -3 -207 c-2 -182 0 -211 15 -242 39 -76 157 -76 196 0 15 31 17 60 15 243 l-3 209 -33 29 c-26 23 -41 29 -80 29 -41 0 -53 -5 -78 -31z\"\/><path d=\"M3085 3251 c-45 -19 -58 -50 -96 -229 -47 -217 -49 -260 -13 -295 52 -53 146 -42 177 20 16 31 87 366 87 410 0 70 -86 122 -155 94z\"\/><path d=\"M1751 3234 c-13 -9 -29 -31 -37 -50 -12 -29 -10 -49 21 -204 19 -94 39 -189 45 -210 14 -50 54 -80 110 -80 34 0 48 6 76 34 21 21 34 44 34 59 0 14 -18 113 -40 219 -37 178 -43 195 -70 221 -36 32 -101 37 -139 11z\"\/><path d=\"M1163 3073 c-36 -7 -73 -59 -73 -102 0 -56 133 -378 171 -413 34 -32 83 -37 129 -13 70 36 67 87 -16 290 -86 209 -89 214 -129 231 -35 14 -42 15 -82 7z\"\/><path d=\"M3689 3066 c-15 -9 -33 -30 -42 -48 -48 -103 -147 -355 -147 -375 0 -98 131 -148 192 -74 13 15 57 108 97 206 80 196 84 226 37 273 -30 30 -99 39 -137 18z\"\/><path d=\"M583 2784 c-38 -19 -67 -74 -58 -113 9 -42 211 -354 242 -373 16 -10 45 -18 66 -18 51 0 107 52 107 100 0 39 -1 41 -124 234 -80 126 -108 162 -133 173 -41 17 -61 16 -100 -3z\"\/><path d=\"M4250 2784 c-14 -9 -74 -91 -133 -183 -95 -150 -107 -173 -107 -213 0 -55 33 -94 87 -104 67 -13 90 8 211 198 130 202 137 225 78 284 -27 27 -42 34 -72 34 -22 0 -50 -8 -64 -16z\"\/><path d=\"M2275 2693 c-553 -48 -1095 -270 -1585 -649 -135 -104 -459 -423 -483 -476 -23 -49 -22 -139 2 -186 73 -142 361 -457 571 -626 285 -228 642 -407 990 -497 242 -63 336 -73 660 -74 310 0 370 5 595 52 535 111 1045 392 1455 803 122 121 250 273 275 326 19 41 19 137 0 174 -41 79 -309 363 -465 492 -447 370 -946 591 -1479 653 -113 14 -422 18 -536 8z m395 -428 c171 -34 330 -124 456 -258 112 -119 167 -219 211 -378 27 -96 24 -300 -5 -401 -72 -255 -236 -447 -474 -557 -132 -62 -201 -76 -368 -76 -167 0 -236 14 -368 76 -213 98 -373 271 -451 485 -162 444 86 934 547 1084 153 49 292 57 452 25z m909 -232 c222 -123 408 -262 593 -441 76 -74 138 -139 138 -144 0 -16 -233 -242 -330 -319 -155 -123 -309 -223 -461 -299 l-81 -41 32 46 c18 26 49 83 70 128 143 306 141 649 -6 957 -25 52 -61 116 -79 142 l-34 47 45 -20 c26 -10 76 -36 113 -56z m-2057 25 c-40 -58 -105 -190 -130 -263 -110 -324 -59 -707 132 -981 25 -35 42 -64 37 -64 -19 0 -241 119 -326 174 -188 122 -406 314 -532 468 l-58 71 108 103 c185 178 428 349 672 473 66 33 121 60 123 61 2 0 -10 -19 -26 -42z\"\/><path d=\"M2375 1950 c-198 -44 -350 -190 -395 -379 -18 -76 -8 -221 19 -290 114 -284 457 -406 731 -260 98 52 188 154 231 260 27 69 37 214 19 290 -38 163 -166 304 -326 360 -67 23 -215 33 -279 19z\"\/><\/g><\/svg><\/i> <img decoding=\"async\" width=\"16\" height=\"16\" alt=\"Loading\" src=\"https:\/\/esviafm.com\/wp-content\/plugins\/page-views-count\/ajax-loader-2x.gif\" border=0 \/><\/p>\n<div class=\"pvc_clear\"><\/div>\n","protected":false},"author":1,"featured_media":0,"comment_status":"open","ping_status":"open","sticky":false,"template":"","format":"standard","meta":{"_et_pb_use_builder":"","_et_pb_old_content":"","_et_gb_content_width":"","footnotes":""},"categories":[17],"tags":[],"class_list":["post-13762","post","type-post","status-publish","format-standard","hentry","category-internacionales"],"_links":{"self":[{"href":"https:\/\/esviafm.com\/index.php\/wp-json\/wp\/v2\/posts\/13762","targetHints":{"allow":["GET"]}}],"collection":[{"href":"https:\/\/esviafm.com\/index.php\/wp-json\/wp\/v2\/posts"}],"about":[{"href":"https:\/\/esviafm.com\/index.php\/wp-json\/wp\/v2\/types\/post"}],"author":[{"embeddable":true,"href":"https:\/\/esviafm.com\/index.php\/wp-json\/wp\/v2\/users\/1"}],"replies":[{"embeddable":true,"href":"https:\/\/esviafm.com\/index.php\/wp-json\/wp\/v2\/comments?post=13762"}],"version-history":[{"count":1,"href":"https:\/\/esviafm.com\/index.php\/wp-json\/wp\/v2\/posts\/13762\/revisions"}],"predecessor-version":[{"id":13764,"href":"https:\/\/esviafm.com\/index.php\/wp-json\/wp\/v2\/posts\/13762\/revisions\/13764"}],"wp:attachment":[{"href":"https:\/\/esviafm.com\/index.php\/wp-json\/wp\/v2\/media?parent=13762"}],"wp:term":[{"taxonomy":"category","embeddable":true,"href":"https:\/\/esviafm.com\/index.php\/wp-json\/wp\/v2\/categories?post=13762"},{"taxonomy":"post_tag","embeddable":true,"href":"https:\/\/esviafm.com\/index.php\/wp-json\/wp\/v2\/tags?post=13762"}],"curies":[{"name":"wp","href":"https:\/\/api.w.org\/{rel}","templated":true}]}}