{"id":11893,"date":"2024-04-09T07:12:52","date_gmt":"2024-04-09T11:42:52","guid":{"rendered":"https:\/\/esviafm.com\/?p=11893"},"modified":"2024-04-09T07:12:52","modified_gmt":"2024-04-09T11:42:52","slug":"jorge-glas-fue-trasladado-a-un-hospital-por-ingesta-de-medicamentos","status":"publish","type":"post","link":"https:\/\/esviafm.com\/index.php\/jorge-glas-fue-trasladado-a-un-hospital-por-ingesta-de-medicamentos\/","title":{"rendered":"Jorge Glas fue trasladado a un hospital por ingesta de medicamentos"},"content":{"rendered":"<h2 class=\"a_st\">El abogado del exvicepresidente ecuatoriano, encarcelado despu\u00e9s de ser capturado en el interior de la embajada de M\u00e9xico en Quito, dice no tener m\u00e1s informaci\u00f3n sobre su estado de salud.<\/h2>\n<p class=\"\">Jorge Glas ha sido hospitalizado este lunes despu\u00e9s de sufrir una sobredosis de ansiol\u00edticos, antidepresivos y sedantes, seg\u00fan consta en un parte policial al que ha tenido acceso este peri\u00f3dico. De acuerdo a sus abogados, se encuentra estable.\u00a0<a href=\"https:\/\/elpais.com\/america\/2024-04-07\/jorge-glas-la-sombra-fiel-de-rafael-correa.html\" data-link-track-dtm=\"\" data-mrf-link=\"https:\/\/elpais.com\/america\/2024-04-07\/jorge-glas-la-sombra-fiel-de-rafael-correa.html\">Glas<\/a>\u00a0permanece encarcelado en la c\u00e1rcel de m\u00e1xima seguridad de Guayaquil, conocida como La Roca, desde el s\u00e1bado, cuando la polic\u00eda ecuatoriana asalt\u00f3 la embajada de M\u00e9xico y lo captur\u00f3. Esa violaci\u00f3n de la soberan\u00eda mexicana ha levantado una ola de cr\u00edticas de la comunidad internacional, que acusa al presidente Daniel Noboa de no respetar la Convenci\u00f3n de Viena. M\u00e9xico ha anunciado la ruptura de relaciones con Ecuador tras el incidente.<\/p>\n<div id=\"elpais_gpt-INTEXT\" data-google-query-id=\"CIW69a-GtYUDFSnzKAUddSEBmQ\">\n<div id=\"google_ads_iframe_7811748\/elpais_america_web_5__container__\"><iframe id=\"google_ads_iframe_7811748\/elpais_america_web_5\" tabindex=\"0\" title=\"3rd party ad content\" name=\"google_ads_iframe_7811748\/elpais_america_web_5\" width=\"1\" height=\"1\" frameborder=\"0\" marginwidth=\"0\" marginheight=\"0\" scrolling=\"no\" aria-label=\"Advertisement\" data-load-complete=\"true\" data-google-container-id=\"1\" data-mce-fragment=\"1\"><\/iframe><\/div>\n<\/div>\n<p class=\"\">El abogado de Glas, Andr\u00e9s Villegas Pico, explic\u00f3 en un comunicado que el director del penal le inform\u00f3 que el preso no apareci\u00f3 en el conteo inicial de internos. Los funcionarios entraron a su celda a las 8.30 y lo encontraron \u201csin despertar\u201d. Glas no quiso comer nada durante las siguientes 24 horas. \u201cSufri\u00f3 una posible descompensaci\u00f3n\u201d, seg\u00fan el INAI, el servicio nacional de c\u00e1rceles ecuatorianas, que sostiene que el paciente se encuentra estable y que en las pr\u00f3ximas horas volver\u00e1 a su celda. El informe policial ofrece otra versi\u00f3n: \u201cel PPL (Persona Privada de Libertad) no responde a los est\u00edmulos, por lo cual se presume el diagn\u00f3stico de coma profundo auto inducido por la ingesta de medicamentos ansiol\u00edtivos, antidepresivos y sedantes autorizados que ingresaron al CPL Nro. 3 desde su traslado de la ciudad de Quito\u201d. Villegas Pico asegura que no se sabe nada sobre el estado de salud de Glass, del que hace enteramente responsable al Gobierno de Noboa.<\/p>\n<p class=\"\">Su salud\u00a0<a href=\"https:\/\/elpais.com\/america\/2024-04-07\/rafael-correa-jorge-glas-ha-sido-secuestrado-por-un-narcisista-como-daniel-noboa.html\" data-link-track-dtm=\"\" data-mrf-link=\"https:\/\/elpais.com\/america\/2024-04-07\/rafael-correa-jorge-glas-ha-sido-secuestrado-por-un-narcisista-como-daniel-noboa.html\">era motivo de preocupaci\u00f3n para algunos<\/a>, como el expresidente Rafael Correa, que lo nombr\u00f3 vicepresidente durante sus a\u00f1os en el poder. Correa denunci\u00f3 que Glas hab\u00eda sido maltratado durante su detenci\u00f3n y posterior traslado a a prisi\u00f3n. All\u00ed, los funcionarios de prisiones lo encontraron inm\u00f3vil en su celda. Fue trasladado inmediatamente a un centro hospital cercano y, tras ser evaluado, lo volvieron a trasladar a un hospital naval. El estado de excepci\u00f3n que imperaba en el pa\u00eds acab\u00f3 en las \u00faltimas horas, pero Noboa ha declarado un r\u00e9gimen de \u201cconflicto armado interno\u201d que le da poderes para especiales para enfrentar la delincuencia. Eso incluye poder suspender garant\u00edas procesales de los detenidos.<\/p>\n<p class=\"\">Glas se refugiaba en la\u00a0<a href=\"https:\/\/elpais.com\/mexico\/2024-04-06\/mexico-rompe-relaciones-con-ecuador-tras-el-asalto-policial-a-su-embajada-en-quito.html\" data-link-track-dtm=\"\" data-mrf-link=\"https:\/\/elpais.com\/mexico\/2024-04-06\/mexico-rompe-relaciones-con-ecuador-tras-el-asalto-policial-a-su-embajada-en-quito.html\">embajada de M\u00e9xico<\/a>\u00a0desde mediados de diciembre, cuando un fiscal lo llam\u00f3 a declarar por un delito de peculado en su contra y corr\u00eda el riesgo de que decretaran su ingreso en prisi\u00f3n. Este es el tercer caso de corrupci\u00f3n que enfrenta. Por uno de los dos anteriores pag\u00f3 una pena de cinco a\u00f1os en prisi\u00f3n. Glas, al igual que Correa, que se encuentra asilado en B\u00e9lgica, se considera un perseguido pol\u00edtico que sufren lawfare, la instrumentalizaci\u00f3n de la justicia que ejercen los gobernantes para acosar a los opositores. M\u00e9xico decidi\u00f3 hace una semana concederle al exvicepresidente el estatus de refugiado pol\u00edtico, lo que desencaden\u00f3 la ira del Gobierno de Ecuador. Noboa deb\u00eda expedirle un salvoconducto que le permitiera volar a Ciudad de M\u00e9xico, pero, en lugar de eso, orden\u00f3 el asalto de la embajada, un hecho del que apenas hay precedentes. Ni Augusto Pinoche en su d\u00eda, ni Nicol\u00e1s Maduro m\u00e1s recientemente, se atrevieron a aplicar unas medidas de fuerza semejante.<\/p>\n<p class=\"\">Los abogados de Glas no se han quedado de brazos cruzados. Este lunes presentaron un habeas corpus con el argumento de que el asalto a la embajada hab\u00eda sido ilegal y que su defendido se trata de un asilado diplom\u00e1tico. La secretaria de Relaciones Exteriores de M\u00e9xico, Alicia B\u00e1rcena, ha insistido en que Ecuador todav\u00eda puede recular y permitirle al exvicepresidente la salida del pa\u00eds. Parece muy poco probable que eso vaya a ocurrir.\u00a0<a href=\"https:\/\/elpais.com\/america\/2024-03-07\/noboa-supera-el-80-de-popularidad-en-ecuador-tras-sus-primeros-100-dias-en-el-gobierno.html\" data-link-track-dtm=\"\" data-mrf-link=\"https:\/\/elpais.com\/america\/2024-03-07\/noboa-supera-el-80-de-popularidad-en-ecuador-tras-sus-primeros-100-dias-en-el-gobierno.html\">El Gobierno de Noboa<\/a>\u00a0ha argumentado estos d\u00edas que el presidente mexicano, Andr\u00e9s Manuel L\u00f3pez Obrador, se excedi\u00f3 al darle cobertura diplom\u00e1tica a Glas, que seg\u00fan la justicia ecuatoriana es un delincuente com\u00fan y no un perseguido pol\u00edtico. En cualquier caso, el asunto ha causado una gran conmoci\u00f3n internacional. Pr\u00e1cticamente todos los pa\u00edses de la regi\u00f3n, m\u00e1s Estados Unidos y Europa, han condenado de manera rotunda la manera de proceder de Ecuador. El corre\u00edsmo, el movimiento al que pertenece Glas, ya ha informado que dejar\u00e1 de aprobar las leyes que promulgaba Noboa en el Congreso, lo que dificultar\u00e1 su gobernabilidad. No obstante, el presidente, de manera interna, cuenta con bastante cr\u00e9dito, ya que la ofensiva contra el crimen organizado que lanz\u00f3 al llegar al poder le ha otorgado una popularidad de m\u00e1s del 80%.<\/p>\n<div class=\"pvc_clear\"><\/div>\n<p id=\"pvc_stats_11893\" class=\"pvc_stats all  \" data-element-id=\"11893\" style=\"\"><i class=\"pvc-stats-icon large\" aria-hidden=\"true\"><svg xmlns=\"http:\/\/www.w3.org\/2000\/svg\" version=\"1.0\" viewBox=\"0 0 502 315\" preserveAspectRatio=\"xMidYMid meet\"><g transform=\"translate(0,332) scale(0.1,-0.1)\" fill=\"\" stroke=\"none\"><path d=\"M2394 3279 l-29 -30 -3 -207 c-2 -182 0 -211 15 -242 39 -76 157 -76 196 0 15 31 17 60 15 243 l-3 209 -33 29 c-26 23 -41 29 -80 29 -41 0 -53 -5 -78 -31z\"\/><path d=\"M3085 3251 c-45 -19 -58 -50 -96 -229 -47 -217 -49 -260 -13 -295 52 -53 146 -42 177 20 16 31 87 366 87 410 0 70 -86 122 -155 94z\"\/><path d=\"M1751 3234 c-13 -9 -29 -31 -37 -50 -12 -29 -10 -49 21 -204 19 -94 39 -189 45 -210 14 -50 54 -80 110 -80 34 0 48 6 76 34 21 21 34 44 34 59 0 14 -18 113 -40 219 -37 178 -43 195 -70 221 -36 32 -101 37 -139 11z\"\/><path d=\"M1163 3073 c-36 -7 -73 -59 -73 -102 0 -56 133 -378 171 -413 34 -32 83 -37 129 -13 70 36 67 87 -16 290 -86 209 -89 214 -129 231 -35 14 -42 15 -82 7z\"\/><path d=\"M3689 3066 c-15 -9 -33 -30 -42 -48 -48 -103 -147 -355 -147 -375 0 -98 131 -148 192 -74 13 15 57 108 97 206 80 196 84 226 37 273 -30 30 -99 39 -137 18z\"\/><path d=\"M583 2784 c-38 -19 -67 -74 -58 -113 9 -42 211 -354 242 -373 16 -10 45 -18 66 -18 51 0 107 52 107 100 0 39 -1 41 -124 234 -80 126 -108 162 -133 173 -41 17 -61 16 -100 -3z\"\/><path d=\"M4250 2784 c-14 -9 -74 -91 -133 -183 -95 -150 -107 -173 -107 -213 0 -55 33 -94 87 -104 67 -13 90 8 211 198 130 202 137 225 78 284 -27 27 -42 34 -72 34 -22 0 -50 -8 -64 -16z\"\/><path d=\"M2275 2693 c-553 -48 -1095 -270 -1585 -649 -135 -104 -459 -423 -483 -476 -23 -49 -22 -139 2 -186 73 -142 361 -457 571 -626 285 -228 642 -407 990 -497 242 -63 336 -73 660 -74 310 0 370 5 595 52 535 111 1045 392 1455 803 122 121 250 273 275 326 19 41 19 137 0 174 -41 79 -309 363 -465 492 -447 370 -946 591 -1479 653 -113 14 -422 18 -536 8z m395 -428 c171 -34 330 -124 456 -258 112 -119 167 -219 211 -378 27 -96 24 -300 -5 -401 -72 -255 -236 -447 -474 -557 -132 -62 -201 -76 -368 -76 -167 0 -236 14 -368 76 -213 98 -373 271 -451 485 -162 444 86 934 547 1084 153 49 292 57 452 25z m909 -232 c222 -123 408 -262 593 -441 76 -74 138 -139 138 -144 0 -16 -233 -242 -330 -319 -155 -123 -309 -223 -461 -299 l-81 -41 32 46 c18 26 49 83 70 128 143 306 141 649 -6 957 -25 52 -61 116 -79 142 l-34 47 45 -20 c26 -10 76 -36 113 -56z m-2057 25 c-40 -58 -105 -190 -130 -263 -110 -324 -59 -707 132 -981 25 -35 42 -64 37 -64 -19 0 -241 119 -326 174 -188 122 -406 314 -532 468 l-58 71 108 103 c185 178 428 349 672 473 66 33 121 60 123 61 2 0 -10 -19 -26 -42z\"\/><path d=\"M2375 1950 c-198 -44 -350 -190 -395 -379 -18 -76 -8 -221 19 -290 114 -284 457 -406 731 -260 98 52 188 154 231 260 27 69 37 214 19 290 -38 163 -166 304 -326 360 -67 23 -215 33 -279 19z\"\/><\/g><\/svg><\/i> <img decoding=\"async\" width=\"16\" height=\"16\" alt=\"Loading\" src=\"https:\/\/esviafm.com\/wp-content\/plugins\/page-views-count\/ajax-loader-2x.gif\" border=0 \/><\/p>\n<div class=\"pvc_clear\"><\/div>\n","protected":false},"excerpt":{"rendered":"<p>El abogado del exvicepresidente ecuatoriano, encarcelado despu\u00e9s de ser capturado en el interior de la embajada de M\u00e9xico en Quito, dice no tener m\u00e1s informaci\u00f3n sobre su estado de salud. Jorge Glas ha sido hospitalizado este lunes despu\u00e9s de sufrir una sobredosis de ansiol\u00edticos, antidepresivos y sedantes, seg\u00fan consta en un parte policial al que [&hellip;]<\/p>\n<div class=\"pvc_clear\"><\/div>\n<p id=\"pvc_stats_11893\" class=\"pvc_stats all  \" data-element-id=\"11893\" style=\"\"><i class=\"pvc-stats-icon large\" aria-hidden=\"true\"><svg xmlns=\"http:\/\/www.w3.org\/2000\/svg\" version=\"1.0\" viewBox=\"0 0 502 315\" preserveAspectRatio=\"xMidYMid meet\"><g transform=\"translate(0,332) scale(0.1,-0.1)\" fill=\"\" stroke=\"none\"><path d=\"M2394 3279 l-29 -30 -3 -207 c-2 -182 0 -211 15 -242 39 -76 157 -76 196 0 15 31 17 60 15 243 l-3 209 -33 29 c-26 23 -41 29 -80 29 -41 0 -53 -5 -78 -31z\"\/><path d=\"M3085 3251 c-45 -19 -58 -50 -96 -229 -47 -217 -49 -260 -13 -295 52 -53 146 -42 177 20 16 31 87 366 87 410 0 70 -86 122 -155 94z\"\/><path d=\"M1751 3234 c-13 -9 -29 -31 -37 -50 -12 -29 -10 -49 21 -204 19 -94 39 -189 45 -210 14 -50 54 -80 110 -80 34 0 48 6 76 34 21 21 34 44 34 59 0 14 -18 113 -40 219 -37 178 -43 195 -70 221 -36 32 -101 37 -139 11z\"\/><path d=\"M1163 3073 c-36 -7 -73 -59 -73 -102 0 -56 133 -378 171 -413 34 -32 83 -37 129 -13 70 36 67 87 -16 290 -86 209 -89 214 -129 231 -35 14 -42 15 -82 7z\"\/><path d=\"M3689 3066 c-15 -9 -33 -30 -42 -48 -48 -103 -147 -355 -147 -375 0 -98 131 -148 192 -74 13 15 57 108 97 206 80 196 84 226 37 273 -30 30 -99 39 -137 18z\"\/><path d=\"M583 2784 c-38 -19 -67 -74 -58 -113 9 -42 211 -354 242 -373 16 -10 45 -18 66 -18 51 0 107 52 107 100 0 39 -1 41 -124 234 -80 126 -108 162 -133 173 -41 17 -61 16 -100 -3z\"\/><path d=\"M4250 2784 c-14 -9 -74 -91 -133 -183 -95 -150 -107 -173 -107 -213 0 -55 33 -94 87 -104 67 -13 90 8 211 198 130 202 137 225 78 284 -27 27 -42 34 -72 34 -22 0 -50 -8 -64 -16z\"\/><path d=\"M2275 2693 c-553 -48 -1095 -270 -1585 -649 -135 -104 -459 -423 -483 -476 -23 -49 -22 -139 2 -186 73 -142 361 -457 571 -626 285 -228 642 -407 990 -497 242 -63 336 -73 660 -74 310 0 370 5 595 52 535 111 1045 392 1455 803 122 121 250 273 275 326 19 41 19 137 0 174 -41 79 -309 363 -465 492 -447 370 -946 591 -1479 653 -113 14 -422 18 -536 8z m395 -428 c171 -34 330 -124 456 -258 112 -119 167 -219 211 -378 27 -96 24 -300 -5 -401 -72 -255 -236 -447 -474 -557 -132 -62 -201 -76 -368 -76 -167 0 -236 14 -368 76 -213 98 -373 271 -451 485 -162 444 86 934 547 1084 153 49 292 57 452 25z m909 -232 c222 -123 408 -262 593 -441 76 -74 138 -139 138 -144 0 -16 -233 -242 -330 -319 -155 -123 -309 -223 -461 -299 l-81 -41 32 46 c18 26 49 83 70 128 143 306 141 649 -6 957 -25 52 -61 116 -79 142 l-34 47 45 -20 c26 -10 76 -36 113 -56z m-2057 25 c-40 -58 -105 -190 -130 -263 -110 -324 -59 -707 132 -981 25 -35 42 -64 37 -64 -19 0 -241 119 -326 174 -188 122 -406 314 -532 468 l-58 71 108 103 c185 178 428 349 672 473 66 33 121 60 123 61 2 0 -10 -19 -26 -42z\"\/><path d=\"M2375 1950 c-198 -44 -350 -190 -395 -379 -18 -76 -8 -221 19 -290 114 -284 457 -406 731 -260 98 52 188 154 231 260 27 69 37 214 19 290 -38 163 -166 304 -326 360 -67 23 -215 33 -279 19z\"\/><\/g><\/svg><\/i> <img decoding=\"async\" width=\"16\" height=\"16\" alt=\"Loading\" src=\"https:\/\/esviafm.com\/wp-content\/plugins\/page-views-count\/ajax-loader-2x.gif\" border=0 \/><\/p>\n<div class=\"pvc_clear\"><\/div>\n","protected":false},"author":1,"featured_media":0,"comment_status":"open","ping_status":"open","sticky":false,"template":"","format":"standard","meta":{"_et_pb_use_builder":"","_et_pb_old_content":"","_et_gb_content_width":"","footnotes":""},"categories":[17],"tags":[],"class_list":["post-11893","post","type-post","status-publish","format-standard","hentry","category-internacionales"],"_links":{"self":[{"href":"https:\/\/esviafm.com\/index.php\/wp-json\/wp\/v2\/posts\/11893","targetHints":{"allow":["GET"]}}],"collection":[{"href":"https:\/\/esviafm.com\/index.php\/wp-json\/wp\/v2\/posts"}],"about":[{"href":"https:\/\/esviafm.com\/index.php\/wp-json\/wp\/v2\/types\/post"}],"author":[{"embeddable":true,"href":"https:\/\/esviafm.com\/index.php\/wp-json\/wp\/v2\/users\/1"}],"replies":[{"embeddable":true,"href":"https:\/\/esviafm.com\/index.php\/wp-json\/wp\/v2\/comments?post=11893"}],"version-history":[{"count":1,"href":"https:\/\/esviafm.com\/index.php\/wp-json\/wp\/v2\/posts\/11893\/revisions"}],"predecessor-version":[{"id":11897,"href":"https:\/\/esviafm.com\/index.php\/wp-json\/wp\/v2\/posts\/11893\/revisions\/11897"}],"wp:attachment":[{"href":"https:\/\/esviafm.com\/index.php\/wp-json\/wp\/v2\/media?parent=11893"}],"wp:term":[{"taxonomy":"category","embeddable":true,"href":"https:\/\/esviafm.com\/index.php\/wp-json\/wp\/v2\/categories?post=11893"},{"taxonomy":"post_tag","embeddable":true,"href":"https:\/\/esviafm.com\/index.php\/wp-json\/wp\/v2\/tags?post=11893"}],"curies":[{"name":"wp","href":"https:\/\/api.w.org\/{rel}","templated":true}]}}