{"id":11890,"date":"2024-04-09T07:09:03","date_gmt":"2024-04-09T11:39:03","guid":{"rendered":"https:\/\/esviafm.com\/?p=11890"},"modified":"2024-04-09T07:09:03","modified_gmt":"2024-04-09T11:39:03","slug":"noboa-justifica-asalto-a-embajada-de-mexico-no-podiamos-permitir-que-se-asile-a-delincuentes","status":"publish","type":"post","link":"https:\/\/esviafm.com\/index.php\/noboa-justifica-asalto-a-embajada-de-mexico-no-podiamos-permitir-que-se-asile-a-delincuentes\/","title":{"rendered":"Noboa justifica asalto a embajada de M\u00e9xico: \u00abNo pod\u00edamos permitir que se asile a delincuentes\u00bb"},"content":{"rendered":"<div>El presidente de Ecuador,\u00a0<b>Daniel Noboa<\/b>, emiti\u00f3 un comunicado este lunes, dirigido a la ciudadan\u00eda y la comunidad internacional, en el que, sin hacer menci\u00f3n expl\u00edcitamente al asalto a la embajada de M\u00e9xico en Quito, por parte de la fuerza p\u00fablica ecuatoriana el pasado viernes, justifica la medida.<\/p>\n<p>\u00ab<b>Mi obligaci\u00f3n es cumplir con los dict\u00e1menes de la justicia y<\/b>\u00a0no pod\u00edamos permitir que se asile a delincuentes sentenciados, involucrados en cr\u00edmenes muy graves\u00bb, dijo el mandatario, en alusi\u00f3n al ex vicepresidente Jorge Glas, quien se encontraba en la sede diplom\u00e1tica y cuya detenci\u00f3n motiv\u00f3 la irrupci\u00f3n a la embajada.<\/p>\n<p>Seg\u00fan Noboa, el otorgamiento de asilo, en este caso a Glas,\u00a0<b>violar\u00eda el art\u00edculo III del Acuerdo de Caracas<\/b>\u00a0(Convenci\u00f3n sobre Asilo Diplom\u00e1tico de 1954),\u00a0<b>el art\u00edculo I de la Convenci\u00f3n de Montevideo\u00a0<\/b>(sobre derechos y deberes de los Estados)\u00a0<b>y el art\u00edculo 41 de la Convenci\u00f3n de Viena<\/b>\u00a0(sobre Relaciones Diplom\u00e1ticas de 1961).<\/div>\n<div>\n<div>Esto, pese a que la misma Convenci\u00f3n de Viena, en su art\u00edculo 22 establece que los locales de las misiones diplom\u00e1ticas \u00abson inviolables\u00bb y que \u00ablos agentes del Estado receptor no podr\u00e1n penetrar en ellos sin consentimiento del jefe de la misi\u00f3n\u00bb.<\/p>\n<p>Asimismo, en su comunicado, Noboa deja entrever, como ya dijo previamente la canciller Gabriela Sommerfeld, que \u00e9l dio la orden de entrar a la sede diplom\u00e1tica.<\/p>\n<p>\u00abLos \u00faltimos d\u00edas han requerido fuerza y decisi\u00f3n. Es una situaci\u00f3n compleja y sin precedente que vive el pa\u00eds,\u00a0<b>he tomado decisiones excepcionales para proteger la seguridad nacional,\u00a0<\/b>el Estado de derecho y la dignidad de un pueblo que rechaza cualquier tipo de impunidad a criminales, delincuentes, corruptos o narcoterroristas\u00bb, dice en el texto.<\/p>\n<p>Insisti\u00f3, como ya tambi\u00e9n hab\u00eda dicho Sommerfeld, que se corr\u00eda \u00abel riesgo inminente\u00bb de fuga por parte de Glas y que \u00abse burlen nuevamente del pueblo ecuatoriano\u00bb.<\/p>\n<p><b>El mandatario agradeci\u00f3 a la Polic\u00eda Nacional y a las Fuerzas Armadas<\/b>, as\u00ed como a su equipo de trabajo y \u00ablos millones de ecuatorianos\u00bb que luchan junto a \u00e9l por \u00abun nuevo Ecuador\u00bb.<\/p>\n<p><b>\u00abPol\u00edticos caducos\u00bb<br \/>\n<\/b>Noboa hizo referencia a las reacciones que ha tenido su decisi\u00f3n \u2014que ha sido reprochada internacionalmente\u2014, se\u00f1alando que algunos grupos \u00abhan puesto sus intereses y proyecto pol\u00edtico por encima de la soberan\u00eda, dignidad y la justicia del Ecuador\u00bb.<\/div>\n<div><\/div>\n<div>\u00abOtros, han tratado de volverlo una lucha ideol\u00f3gica, tratando de encasillarme en un extremo del cual nunca he sido parte. Por \u00faltimo, unos pol\u00edticos ecuatorianos caducos, han solicitado a M\u00e9xico que nos declare la guerra, y a la comunidad internacional que nos sancione econ\u00f3micamente, incurriendo en una traici\u00f3n a la patria nunca antes vista\u00bb, a\u00f1adi\u00f3.<\/p>\n<p>El presidente ecuatoriano aprovech\u00f3, como ya ha hecho en sus declaraciones en varios eventos, para hablar de la consulta popular y refer\u00e9ndum previstos para el pr\u00f3ximo 21 de abril, que fueron promovidos por \u00e9l.<\/p>\n<p>As\u00ed, dijo: \u00abHay que entender que nos estamos jugando el pa\u00eds, y que todas estas cr\u00edticas salen una vez que ven que la gran mayor\u00eda de los ecuatorianos votar\u00e1 por la dignidad nacional en la consulta popular del 21 de abril, la m\u00e1xima expresi\u00f3n democr\u00e1tica en una naci\u00f3n\u00bb.<\/p>\n<p><b>\u00abPueblo hermano de M\u00e9xico\u00bb<br \/>\n<\/b>En su comunicado, Noboa continu\u00f3 diciendo que Ecuador \u00abes un pa\u00eds de paz y de justicia\u00bb y, pese a la irrupci\u00f3n en una embajada, asegura que<b>\u00a0\u00abrespeta a todas las naciones y el derecho internacional\u00bb.<\/b><\/p>\n<p>\u00abAl pueblo hermano de M\u00e9xico quiero expresarle que siempre estar\u00e9 dispuesto a resolver cualquier diferencia, pero que la justicia no se negocia, y que\u00a0<b>jam\u00e1s protegeremos a criminales que les han hecho da\u00f1o a los mexicanos\u00bb<\/b>, manifest\u00f3.<\/p>\n<p>La crisis comenz\u00f3 cuando el exvicepresidente Glas, acusado de corrupci\u00f3n, se refugi\u00f3 en la embajada de M\u00e9xico en Quito en diciembre pasado. En medio de la tensi\u00f3n que ello gener\u00f3, la semana pasada L\u00f3pez Obrador habl\u00f3 sobre Ecuador y record\u00f3 la violencia que marc\u00f3 el proceso electoral que padeci\u00f3 el pa\u00eds suramericano en 2023, con el magnicidio del candidato presidencial Fernando Villavicencio, lo que a su juicio termin\u00f3 por cambiar las preferencias y culmin\u00f3 con el triunfo de Noboa en los comicios.<\/p>\n<p>Tras ello, el Gobierno ecuatoriano respondi\u00f3 declarando persona &#8216;non grata&#8217; a la embajadora mexicana Raquel Serur y le dio un plazo de 72 horas para salir del pa\u00eds; y la noche del viernes, un contingente policial y militar irrumpi\u00f3 en la sede diplom\u00e1tica, donde detuvieron a Glas, quien fue llevado a la c\u00e1rcel de m\u00e1xima seguridad &#8216;La Roca&#8217; en Guayaquil, Guayas.<\/p>\n<p>M\u00e9xico rompi\u00f3 relaciones diplom\u00e1ticas con Ecuador y este lunes, el presidente Manuel L\u00f3pez Obrador se volvi\u00f3 a referir al tema, se\u00f1alando: \u00abFue un acto autoritario, incre\u00edble, es malo a veces usar ejemplos pero ni (el fallecido dictador Augusto) Pinochet, el temible Pinochet, y otros se hab\u00edan atrevido a eso\u00bb.<\/p><\/div>\n<div><\/div>\n<\/div>\n<div><\/div>\n<div class=\"pvc_clear\"><\/div>\n<p id=\"pvc_stats_11890\" class=\"pvc_stats all  \" data-element-id=\"11890\" style=\"\"><i class=\"pvc-stats-icon large\" aria-hidden=\"true\"><svg xmlns=\"http:\/\/www.w3.org\/2000\/svg\" version=\"1.0\" viewBox=\"0 0 502 315\" preserveAspectRatio=\"xMidYMid meet\"><g transform=\"translate(0,332) scale(0.1,-0.1)\" fill=\"\" stroke=\"none\"><path d=\"M2394 3279 l-29 -30 -3 -207 c-2 -182 0 -211 15 -242 39 -76 157 -76 196 0 15 31 17 60 15 243 l-3 209 -33 29 c-26 23 -41 29 -80 29 -41 0 -53 -5 -78 -31z\"\/><path d=\"M3085 3251 c-45 -19 -58 -50 -96 -229 -47 -217 -49 -260 -13 -295 52 -53 146 -42 177 20 16 31 87 366 87 410 0 70 -86 122 -155 94z\"\/><path d=\"M1751 3234 c-13 -9 -29 -31 -37 -50 -12 -29 -10 -49 21 -204 19 -94 39 -189 45 -210 14 -50 54 -80 110 -80 34 0 48 6 76 34 21 21 34 44 34 59 0 14 -18 113 -40 219 -37 178 -43 195 -70 221 -36 32 -101 37 -139 11z\"\/><path d=\"M1163 3073 c-36 -7 -73 -59 -73 -102 0 -56 133 -378 171 -413 34 -32 83 -37 129 -13 70 36 67 87 -16 290 -86 209 -89 214 -129 231 -35 14 -42 15 -82 7z\"\/><path d=\"M3689 3066 c-15 -9 -33 -30 -42 -48 -48 -103 -147 -355 -147 -375 0 -98 131 -148 192 -74 13 15 57 108 97 206 80 196 84 226 37 273 -30 30 -99 39 -137 18z\"\/><path d=\"M583 2784 c-38 -19 -67 -74 -58 -113 9 -42 211 -354 242 -373 16 -10 45 -18 66 -18 51 0 107 52 107 100 0 39 -1 41 -124 234 -80 126 -108 162 -133 173 -41 17 -61 16 -100 -3z\"\/><path d=\"M4250 2784 c-14 -9 -74 -91 -133 -183 -95 -150 -107 -173 -107 -213 0 -55 33 -94 87 -104 67 -13 90 8 211 198 130 202 137 225 78 284 -27 27 -42 34 -72 34 -22 0 -50 -8 -64 -16z\"\/><path d=\"M2275 2693 c-553 -48 -1095 -270 -1585 -649 -135 -104 -459 -423 -483 -476 -23 -49 -22 -139 2 -186 73 -142 361 -457 571 -626 285 -228 642 -407 990 -497 242 -63 336 -73 660 -74 310 0 370 5 595 52 535 111 1045 392 1455 803 122 121 250 273 275 326 19 41 19 137 0 174 -41 79 -309 363 -465 492 -447 370 -946 591 -1479 653 -113 14 -422 18 -536 8z m395 -428 c171 -34 330 -124 456 -258 112 -119 167 -219 211 -378 27 -96 24 -300 -5 -401 -72 -255 -236 -447 -474 -557 -132 -62 -201 -76 -368 -76 -167 0 -236 14 -368 76 -213 98 -373 271 -451 485 -162 444 86 934 547 1084 153 49 292 57 452 25z m909 -232 c222 -123 408 -262 593 -441 76 -74 138 -139 138 -144 0 -16 -233 -242 -330 -319 -155 -123 -309 -223 -461 -299 l-81 -41 32 46 c18 26 49 83 70 128 143 306 141 649 -6 957 -25 52 -61 116 -79 142 l-34 47 45 -20 c26 -10 76 -36 113 -56z m-2057 25 c-40 -58 -105 -190 -130 -263 -110 -324 -59 -707 132 -981 25 -35 42 -64 37 -64 -19 0 -241 119 -326 174 -188 122 -406 314 -532 468 l-58 71 108 103 c185 178 428 349 672 473 66 33 121 60 123 61 2 0 -10 -19 -26 -42z\"\/><path d=\"M2375 1950 c-198 -44 -350 -190 -395 -379 -18 -76 -8 -221 19 -290 114 -284 457 -406 731 -260 98 52 188 154 231 260 27 69 37 214 19 290 -38 163 -166 304 -326 360 -67 23 -215 33 -279 19z\"\/><\/g><\/svg><\/i> <img decoding=\"async\" width=\"16\" height=\"16\" alt=\"Loading\" src=\"https:\/\/esviafm.com\/wp-content\/plugins\/page-views-count\/ajax-loader-2x.gif\" border=0 \/><\/p>\n<div class=\"pvc_clear\"><\/div>\n","protected":false},"excerpt":{"rendered":"<p>El presidente de Ecuador,\u00a0Daniel Noboa, emiti\u00f3 un comunicado este lunes, dirigido a la ciudadan\u00eda y la comunidad internacional, en el que, sin hacer menci\u00f3n expl\u00edcitamente al asalto a la embajada de M\u00e9xico en Quito, por parte de la fuerza p\u00fablica ecuatoriana el pasado viernes, justifica la medida. \u00abMi obligaci\u00f3n es cumplir con los dict\u00e1menes de [&hellip;]<\/p>\n<div class=\"pvc_clear\"><\/div>\n<p id=\"pvc_stats_11890\" class=\"pvc_stats all  \" data-element-id=\"11890\" style=\"\"><i class=\"pvc-stats-icon large\" aria-hidden=\"true\"><svg xmlns=\"http:\/\/www.w3.org\/2000\/svg\" version=\"1.0\" viewBox=\"0 0 502 315\" preserveAspectRatio=\"xMidYMid meet\"><g transform=\"translate(0,332) scale(0.1,-0.1)\" fill=\"\" stroke=\"none\"><path d=\"M2394 3279 l-29 -30 -3 -207 c-2 -182 0 -211 15 -242 39 -76 157 -76 196 0 15 31 17 60 15 243 l-3 209 -33 29 c-26 23 -41 29 -80 29 -41 0 -53 -5 -78 -31z\"\/><path d=\"M3085 3251 c-45 -19 -58 -50 -96 -229 -47 -217 -49 -260 -13 -295 52 -53 146 -42 177 20 16 31 87 366 87 410 0 70 -86 122 -155 94z\"\/><path d=\"M1751 3234 c-13 -9 -29 -31 -37 -50 -12 -29 -10 -49 21 -204 19 -94 39 -189 45 -210 14 -50 54 -80 110 -80 34 0 48 6 76 34 21 21 34 44 34 59 0 14 -18 113 -40 219 -37 178 -43 195 -70 221 -36 32 -101 37 -139 11z\"\/><path d=\"M1163 3073 c-36 -7 -73 -59 -73 -102 0 -56 133 -378 171 -413 34 -32 83 -37 129 -13 70 36 67 87 -16 290 -86 209 -89 214 -129 231 -35 14 -42 15 -82 7z\"\/><path d=\"M3689 3066 c-15 -9 -33 -30 -42 -48 -48 -103 -147 -355 -147 -375 0 -98 131 -148 192 -74 13 15 57 108 97 206 80 196 84 226 37 273 -30 30 -99 39 -137 18z\"\/><path d=\"M583 2784 c-38 -19 -67 -74 -58 -113 9 -42 211 -354 242 -373 16 -10 45 -18 66 -18 51 0 107 52 107 100 0 39 -1 41 -124 234 -80 126 -108 162 -133 173 -41 17 -61 16 -100 -3z\"\/><path d=\"M4250 2784 c-14 -9 -74 -91 -133 -183 -95 -150 -107 -173 -107 -213 0 -55 33 -94 87 -104 67 -13 90 8 211 198 130 202 137 225 78 284 -27 27 -42 34 -72 34 -22 0 -50 -8 -64 -16z\"\/><path d=\"M2275 2693 c-553 -48 -1095 -270 -1585 -649 -135 -104 -459 -423 -483 -476 -23 -49 -22 -139 2 -186 73 -142 361 -457 571 -626 285 -228 642 -407 990 -497 242 -63 336 -73 660 -74 310 0 370 5 595 52 535 111 1045 392 1455 803 122 121 250 273 275 326 19 41 19 137 0 174 -41 79 -309 363 -465 492 -447 370 -946 591 -1479 653 -113 14 -422 18 -536 8z m395 -428 c171 -34 330 -124 456 -258 112 -119 167 -219 211 -378 27 -96 24 -300 -5 -401 -72 -255 -236 -447 -474 -557 -132 -62 -201 -76 -368 -76 -167 0 -236 14 -368 76 -213 98 -373 271 -451 485 -162 444 86 934 547 1084 153 49 292 57 452 25z m909 -232 c222 -123 408 -262 593 -441 76 -74 138 -139 138 -144 0 -16 -233 -242 -330 -319 -155 -123 -309 -223 -461 -299 l-81 -41 32 46 c18 26 49 83 70 128 143 306 141 649 -6 957 -25 52 -61 116 -79 142 l-34 47 45 -20 c26 -10 76 -36 113 -56z m-2057 25 c-40 -58 -105 -190 -130 -263 -110 -324 -59 -707 132 -981 25 -35 42 -64 37 -64 -19 0 -241 119 -326 174 -188 122 -406 314 -532 468 l-58 71 108 103 c185 178 428 349 672 473 66 33 121 60 123 61 2 0 -10 -19 -26 -42z\"\/><path d=\"M2375 1950 c-198 -44 -350 -190 -395 -379 -18 -76 -8 -221 19 -290 114 -284 457 -406 731 -260 98 52 188 154 231 260 27 69 37 214 19 290 -38 163 -166 304 -326 360 -67 23 -215 33 -279 19z\"\/><\/g><\/svg><\/i> <img decoding=\"async\" width=\"16\" height=\"16\" alt=\"Loading\" src=\"https:\/\/esviafm.com\/wp-content\/plugins\/page-views-count\/ajax-loader-2x.gif\" border=0 \/><\/p>\n<div class=\"pvc_clear\"><\/div>\n","protected":false},"author":1,"featured_media":0,"comment_status":"open","ping_status":"open","sticky":false,"template":"","format":"standard","meta":{"_et_pb_use_builder":"","_et_pb_old_content":"","_et_gb_content_width":"","footnotes":""},"categories":[17],"tags":[],"class_list":["post-11890","post","type-post","status-publish","format-standard","hentry","category-internacionales"],"_links":{"self":[{"href":"https:\/\/esviafm.com\/index.php\/wp-json\/wp\/v2\/posts\/11890","targetHints":{"allow":["GET"]}}],"collection":[{"href":"https:\/\/esviafm.com\/index.php\/wp-json\/wp\/v2\/posts"}],"about":[{"href":"https:\/\/esviafm.com\/index.php\/wp-json\/wp\/v2\/types\/post"}],"author":[{"embeddable":true,"href":"https:\/\/esviafm.com\/index.php\/wp-json\/wp\/v2\/users\/1"}],"replies":[{"embeddable":true,"href":"https:\/\/esviafm.com\/index.php\/wp-json\/wp\/v2\/comments?post=11890"}],"version-history":[{"count":1,"href":"https:\/\/esviafm.com\/index.php\/wp-json\/wp\/v2\/posts\/11890\/revisions"}],"predecessor-version":[{"id":11892,"href":"https:\/\/esviafm.com\/index.php\/wp-json\/wp\/v2\/posts\/11890\/revisions\/11892"}],"wp:attachment":[{"href":"https:\/\/esviafm.com\/index.php\/wp-json\/wp\/v2\/media?parent=11890"}],"wp:term":[{"taxonomy":"category","embeddable":true,"href":"https:\/\/esviafm.com\/index.php\/wp-json\/wp\/v2\/categories?post=11890"},{"taxonomy":"post_tag","embeddable":true,"href":"https:\/\/esviafm.com\/index.php\/wp-json\/wp\/v2\/tags?post=11890"}],"curies":[{"name":"wp","href":"https:\/\/api.w.org\/{rel}","templated":true}]}}