{"id":11883,"date":"2024-04-09T07:04:59","date_gmt":"2024-04-09T11:34:59","guid":{"rendered":"https:\/\/esviafm.com\/?p=11883"},"modified":"2024-04-09T07:04:59","modified_gmt":"2024-04-09T11:34:59","slug":"cancilleria-ecuatoriana-asegura-que-presidente-noboa-ordeno-la-irrupcion-en-la-embajada-de-mexico","status":"publish","type":"post","link":"https:\/\/esviafm.com\/index.php\/cancilleria-ecuatoriana-asegura-que-presidente-noboa-ordeno-la-irrupcion-en-la-embajada-de-mexico\/","title":{"rendered":"Canciller\u00eda ecuatoriana asegura que presidente Noboa orden\u00f3 la irrupci\u00f3n en la Embajada de M\u00e9xico"},"content":{"rendered":"<p>Una delegaci\u00f3n de tres embajadores de<b>\u00a0Ecuador<\/b>\u00a0asistir\u00e1 a la reuni\u00f3n extraordinaria convocada por la<b>\u00a0Organizaci\u00f3n de Estados Americanos (OEA)<\/b>\u00a0para tratar la\u00a0<b>crisis diplom\u00e1tica<\/b>\u00a0con\u00a0<b>M\u00e9xico<\/b>.<\/p>\n<p>As\u00ed lo detall\u00f3 la canciller\u00a0<b>Gabriela Sommerfeld<\/b>\u00a0en una entrevista con el canal Teleamazonas, el lunes 8 de abril de 2024, en la que asegur\u00f3 que fue el presidente Daniel Noboa quien dispuso el ingreso a la Embajada para la detenci\u00f3n de Jorge Glas.<\/p>\n<div><\/div>\n<div><b>\u00bfC\u00f3mo se decidi\u00f3 la incursi\u00f3n a la Embajada de M\u00e9xico?<br \/>\n<\/b><br \/>\nLa\u00a0<b>Canciller\u00eda de Ecuador<\/b>\u00a0sostiene que la principal raz\u00f3n fue evitar la fuga del\u00a0<b>exvicepresidente Jorge Glas<\/b>. \u00abEl presidente nos inform\u00f3 que ten\u00eda informaci\u00f3n que as\u00ed dec\u00eda\u00bb asegur\u00f3 Sommerfeld.<\/p>\n<p>Al ser consultada sobre si fue el presidente quien dio la orden directa de irrumpir en la Embajada mexicana, la canciller respondi\u00f3: \u00abPor supuesto, \u00e9l es quien dicta la pol\u00edtica exterior\u00bb.<\/p>\n<blockquote><p>\u00abLo que nos corresponde a nosotros como Canciller\u00eda es asesorarle, primero informarle -a trav\u00e9s de un informe extenso- todo lo actuado, y asesorarle. Por supuesto que se le dice al presidente cu\u00e1les son las consecuencias\u00bb, a\u00f1adi\u00f3 la canciller.<\/p><\/blockquote>\n<\/div>\n<div><\/div>\n<div>\u00abLas relaciones no solamente se destruyen por un acto. Es verdad que tiene un costo para el pa\u00eds, que fue analizado tambi\u00e9n el momento de la toma de decisi\u00f3n, por parte del presidente de la Rep\u00fablica\u00bb, dijo<b>\u00a0Sommerfeld.<\/b><\/div>\n<div>\nEl\u00a0<b>secretario de Comunicaci\u00f3n, Roberto Izurieta<\/b>, asegur\u00f3, durante la entrevista con Ecuavisa, que\u00a0<b>\u00abfue una decisi\u00f3n muy dif\u00edcil\u00bb<\/b>\u00a0en la que no particip\u00f3.\u00a0<b>\u00abEs una decisi\u00f3n que se tom\u00f3 con el recato, con la prudencia del caso\u00bb<\/b>, sostuvo.<\/div>\n<div><\/div>\n<div><b>Los argumentos que Ecuador expondr\u00e1<br \/>\n<\/b><br \/>\nLos representantes del\u00a0<b>Gobierno de Ecuador<\/b>\u00a0acudir\u00e1n a los\u00a0<b>organismos internacionales\u00a0<\/b>a defender sus razones para la<b>\u00a0violaci\u00f3n a la Convenci\u00f3n de Viena<\/b>\u00a0y la incursi\u00f3n a la\u00a0<b>Embajada de M\u00e9xico en Quito<\/b>.<\/p>\n<blockquote><p>\u00abHay que contar los hechos reales del Ecuador. No se puede tratar de la forma que se est\u00e1 tratando (&#8230;) Ecuador recibi\u00f3 una provocaci\u00f3n\u00bb, sostuvo la canciller, al referirse tambi\u00e9n a las\u00a0<b>declaraciones del presidente de M\u00e9xico, Andr\u00e9s L\u00f3pez Obrador<\/b>.<\/p><\/blockquote>\n<p>\u00abEl trabajo nuestro, de ahora en adelante, es ir, explicar y contar a todas las naciones la situaci\u00f3n en la que est\u00e1bamos\u00bb, explic\u00f3 el secretario de Comunicaci\u00f3n, Roberto Izurieta, en una entrevista con Ecuavisa este lunes.<\/p><\/div>\n<div><\/div>\n<blockquote><p>\u201cEs ir y decir que Jorge Glas no era un perseguido pol\u00edtico, era un condenado. No una vez, dos veces. No dos juicios, sino varios. Era un condenado de la justicia y la misma Convenci\u00f3n de Viena es clara en decir que la misi\u00f3n diplom\u00e1tica no puede ser utilizada en esos casos\u201d, a\u00f1adi\u00f3 Izurieta.<\/p><\/blockquote>\n<div class=\"pvc_clear\"><\/div>\n<p id=\"pvc_stats_11883\" class=\"pvc_stats all  \" data-element-id=\"11883\" style=\"\"><i class=\"pvc-stats-icon large\" aria-hidden=\"true\"><svg xmlns=\"http:\/\/www.w3.org\/2000\/svg\" version=\"1.0\" viewBox=\"0 0 502 315\" preserveAspectRatio=\"xMidYMid meet\"><g transform=\"translate(0,332) scale(0.1,-0.1)\" fill=\"\" stroke=\"none\"><path d=\"M2394 3279 l-29 -30 -3 -207 c-2 -182 0 -211 15 -242 39 -76 157 -76 196 0 15 31 17 60 15 243 l-3 209 -33 29 c-26 23 -41 29 -80 29 -41 0 -53 -5 -78 -31z\"\/><path d=\"M3085 3251 c-45 -19 -58 -50 -96 -229 -47 -217 -49 -260 -13 -295 52 -53 146 -42 177 20 16 31 87 366 87 410 0 70 -86 122 -155 94z\"\/><path d=\"M1751 3234 c-13 -9 -29 -31 -37 -50 -12 -29 -10 -49 21 -204 19 -94 39 -189 45 -210 14 -50 54 -80 110 -80 34 0 48 6 76 34 21 21 34 44 34 59 0 14 -18 113 -40 219 -37 178 -43 195 -70 221 -36 32 -101 37 -139 11z\"\/><path d=\"M1163 3073 c-36 -7 -73 -59 -73 -102 0 -56 133 -378 171 -413 34 -32 83 -37 129 -13 70 36 67 87 -16 290 -86 209 -89 214 -129 231 -35 14 -42 15 -82 7z\"\/><path d=\"M3689 3066 c-15 -9 -33 -30 -42 -48 -48 -103 -147 -355 -147 -375 0 -98 131 -148 192 -74 13 15 57 108 97 206 80 196 84 226 37 273 -30 30 -99 39 -137 18z\"\/><path d=\"M583 2784 c-38 -19 -67 -74 -58 -113 9 -42 211 -354 242 -373 16 -10 45 -18 66 -18 51 0 107 52 107 100 0 39 -1 41 -124 234 -80 126 -108 162 -133 173 -41 17 -61 16 -100 -3z\"\/><path d=\"M4250 2784 c-14 -9 -74 -91 -133 -183 -95 -150 -107 -173 -107 -213 0 -55 33 -94 87 -104 67 -13 90 8 211 198 130 202 137 225 78 284 -27 27 -42 34 -72 34 -22 0 -50 -8 -64 -16z\"\/><path d=\"M2275 2693 c-553 -48 -1095 -270 -1585 -649 -135 -104 -459 -423 -483 -476 -23 -49 -22 -139 2 -186 73 -142 361 -457 571 -626 285 -228 642 -407 990 -497 242 -63 336 -73 660 -74 310 0 370 5 595 52 535 111 1045 392 1455 803 122 121 250 273 275 326 19 41 19 137 0 174 -41 79 -309 363 -465 492 -447 370 -946 591 -1479 653 -113 14 -422 18 -536 8z m395 -428 c171 -34 330 -124 456 -258 112 -119 167 -219 211 -378 27 -96 24 -300 -5 -401 -72 -255 -236 -447 -474 -557 -132 -62 -201 -76 -368 -76 -167 0 -236 14 -368 76 -213 98 -373 271 -451 485 -162 444 86 934 547 1084 153 49 292 57 452 25z m909 -232 c222 -123 408 -262 593 -441 76 -74 138 -139 138 -144 0 -16 -233 -242 -330 -319 -155 -123 -309 -223 -461 -299 l-81 -41 32 46 c18 26 49 83 70 128 143 306 141 649 -6 957 -25 52 -61 116 -79 142 l-34 47 45 -20 c26 -10 76 -36 113 -56z m-2057 25 c-40 -58 -105 -190 -130 -263 -110 -324 -59 -707 132 -981 25 -35 42 -64 37 -64 -19 0 -241 119 -326 174 -188 122 -406 314 -532 468 l-58 71 108 103 c185 178 428 349 672 473 66 33 121 60 123 61 2 0 -10 -19 -26 -42z\"\/><path d=\"M2375 1950 c-198 -44 -350 -190 -395 -379 -18 -76 -8 -221 19 -290 114 -284 457 -406 731 -260 98 52 188 154 231 260 27 69 37 214 19 290 -38 163 -166 304 -326 360 -67 23 -215 33 -279 19z\"\/><\/g><\/svg><\/i> <img decoding=\"async\" width=\"16\" height=\"16\" alt=\"Loading\" src=\"https:\/\/esviafm.com\/wp-content\/plugins\/page-views-count\/ajax-loader-2x.gif\" border=0 \/><\/p>\n<div class=\"pvc_clear\"><\/div>\n","protected":false},"excerpt":{"rendered":"<p>Una delegaci\u00f3n de tres embajadores de\u00a0Ecuador\u00a0asistir\u00e1 a la reuni\u00f3n extraordinaria convocada por la\u00a0Organizaci\u00f3n de Estados Americanos (OEA)\u00a0para tratar la\u00a0crisis diplom\u00e1tica\u00a0con\u00a0M\u00e9xico. As\u00ed lo detall\u00f3 la canciller\u00a0Gabriela Sommerfeld\u00a0en una entrevista con el canal Teleamazonas, el lunes 8 de abril de 2024, en la que asegur\u00f3 que fue el presidente Daniel Noboa quien dispuso el ingreso a la [&hellip;]<\/p>\n<div class=\"pvc_clear\"><\/div>\n<p id=\"pvc_stats_11883\" class=\"pvc_stats all  \" data-element-id=\"11883\" style=\"\"><i class=\"pvc-stats-icon large\" aria-hidden=\"true\"><svg xmlns=\"http:\/\/www.w3.org\/2000\/svg\" version=\"1.0\" viewBox=\"0 0 502 315\" preserveAspectRatio=\"xMidYMid meet\"><g transform=\"translate(0,332) scale(0.1,-0.1)\" fill=\"\" stroke=\"none\"><path d=\"M2394 3279 l-29 -30 -3 -207 c-2 -182 0 -211 15 -242 39 -76 157 -76 196 0 15 31 17 60 15 243 l-3 209 -33 29 c-26 23 -41 29 -80 29 -41 0 -53 -5 -78 -31z\"\/><path d=\"M3085 3251 c-45 -19 -58 -50 -96 -229 -47 -217 -49 -260 -13 -295 52 -53 146 -42 177 20 16 31 87 366 87 410 0 70 -86 122 -155 94z\"\/><path d=\"M1751 3234 c-13 -9 -29 -31 -37 -50 -12 -29 -10 -49 21 -204 19 -94 39 -189 45 -210 14 -50 54 -80 110 -80 34 0 48 6 76 34 21 21 34 44 34 59 0 14 -18 113 -40 219 -37 178 -43 195 -70 221 -36 32 -101 37 -139 11z\"\/><path d=\"M1163 3073 c-36 -7 -73 -59 -73 -102 0 -56 133 -378 171 -413 34 -32 83 -37 129 -13 70 36 67 87 -16 290 -86 209 -89 214 -129 231 -35 14 -42 15 -82 7z\"\/><path d=\"M3689 3066 c-15 -9 -33 -30 -42 -48 -48 -103 -147 -355 -147 -375 0 -98 131 -148 192 -74 13 15 57 108 97 206 80 196 84 226 37 273 -30 30 -99 39 -137 18z\"\/><path d=\"M583 2784 c-38 -19 -67 -74 -58 -113 9 -42 211 -354 242 -373 16 -10 45 -18 66 -18 51 0 107 52 107 100 0 39 -1 41 -124 234 -80 126 -108 162 -133 173 -41 17 -61 16 -100 -3z\"\/><path d=\"M4250 2784 c-14 -9 -74 -91 -133 -183 -95 -150 -107 -173 -107 -213 0 -55 33 -94 87 -104 67 -13 90 8 211 198 130 202 137 225 78 284 -27 27 -42 34 -72 34 -22 0 -50 -8 -64 -16z\"\/><path d=\"M2275 2693 c-553 -48 -1095 -270 -1585 -649 -135 -104 -459 -423 -483 -476 -23 -49 -22 -139 2 -186 73 -142 361 -457 571 -626 285 -228 642 -407 990 -497 242 -63 336 -73 660 -74 310 0 370 5 595 52 535 111 1045 392 1455 803 122 121 250 273 275 326 19 41 19 137 0 174 -41 79 -309 363 -465 492 -447 370 -946 591 -1479 653 -113 14 -422 18 -536 8z m395 -428 c171 -34 330 -124 456 -258 112 -119 167 -219 211 -378 27 -96 24 -300 -5 -401 -72 -255 -236 -447 -474 -557 -132 -62 -201 -76 -368 -76 -167 0 -236 14 -368 76 -213 98 -373 271 -451 485 -162 444 86 934 547 1084 153 49 292 57 452 25z m909 -232 c222 -123 408 -262 593 -441 76 -74 138 -139 138 -144 0 -16 -233 -242 -330 -319 -155 -123 -309 -223 -461 -299 l-81 -41 32 46 c18 26 49 83 70 128 143 306 141 649 -6 957 -25 52 -61 116 -79 142 l-34 47 45 -20 c26 -10 76 -36 113 -56z m-2057 25 c-40 -58 -105 -190 -130 -263 -110 -324 -59 -707 132 -981 25 -35 42 -64 37 -64 -19 0 -241 119 -326 174 -188 122 -406 314 -532 468 l-58 71 108 103 c185 178 428 349 672 473 66 33 121 60 123 61 2 0 -10 -19 -26 -42z\"\/><path d=\"M2375 1950 c-198 -44 -350 -190 -395 -379 -18 -76 -8 -221 19 -290 114 -284 457 -406 731 -260 98 52 188 154 231 260 27 69 37 214 19 290 -38 163 -166 304 -326 360 -67 23 -215 33 -279 19z\"\/><\/g><\/svg><\/i> <img decoding=\"async\" width=\"16\" height=\"16\" alt=\"Loading\" src=\"https:\/\/esviafm.com\/wp-content\/plugins\/page-views-count\/ajax-loader-2x.gif\" border=0 \/><\/p>\n<div class=\"pvc_clear\"><\/div>\n","protected":false},"author":1,"featured_media":0,"comment_status":"open","ping_status":"open","sticky":false,"template":"","format":"standard","meta":{"_et_pb_use_builder":"","_et_pb_old_content":"","_et_gb_content_width":"","footnotes":""},"categories":[17],"tags":[],"class_list":["post-11883","post","type-post","status-publish","format-standard","hentry","category-internacionales"],"_links":{"self":[{"href":"https:\/\/esviafm.com\/index.php\/wp-json\/wp\/v2\/posts\/11883","targetHints":{"allow":["GET"]}}],"collection":[{"href":"https:\/\/esviafm.com\/index.php\/wp-json\/wp\/v2\/posts"}],"about":[{"href":"https:\/\/esviafm.com\/index.php\/wp-json\/wp\/v2\/types\/post"}],"author":[{"embeddable":true,"href":"https:\/\/esviafm.com\/index.php\/wp-json\/wp\/v2\/users\/1"}],"replies":[{"embeddable":true,"href":"https:\/\/esviafm.com\/index.php\/wp-json\/wp\/v2\/comments?post=11883"}],"version-history":[{"count":1,"href":"https:\/\/esviafm.com\/index.php\/wp-json\/wp\/v2\/posts\/11883\/revisions"}],"predecessor-version":[{"id":11885,"href":"https:\/\/esviafm.com\/index.php\/wp-json\/wp\/v2\/posts\/11883\/revisions\/11885"}],"wp:attachment":[{"href":"https:\/\/esviafm.com\/index.php\/wp-json\/wp\/v2\/media?parent=11883"}],"wp:term":[{"taxonomy":"category","embeddable":true,"href":"https:\/\/esviafm.com\/index.php\/wp-json\/wp\/v2\/categories?post=11883"},{"taxonomy":"post_tag","embeddable":true,"href":"https:\/\/esviafm.com\/index.php\/wp-json\/wp\/v2\/tags?post=11883"}],"curies":[{"name":"wp","href":"https:\/\/api.w.org\/{rel}","templated":true}]}}