{"id":11864,"date":"2024-04-09T06:41:53","date_gmt":"2024-04-09T11:11:53","guid":{"rendered":"https:\/\/esviafm.com\/?p=11864"},"modified":"2024-04-09T06:41:53","modified_gmt":"2024-04-09T11:11:53","slug":"habra-racionamiento-indefinido-de-agua-en-bogota-por-sequia-en-embalses","status":"publish","type":"post","link":"https:\/\/esviafm.com\/index.php\/habra-racionamiento-indefinido-de-agua-en-bogota-por-sequia-en-embalses\/","title":{"rendered":"Habr\u00e1 racionamiento indefinido de agua en Bogot\u00e1 por sequ\u00eda en embalses"},"content":{"rendered":"<p>Bogot\u00e1, 8 abr (EFE).- El alcalde de Bogot\u00e1, Carlos Fernando Gal\u00e1n, ha anunciado este lunes que el pr\u00f3ximo jueves comenzar\u00e1 un racionamiento de agua por sectores para hacer frente a la sequ\u00eda que ha reducido a m\u00ednimos hist\u00f3ricos el nivel de los embalses que abastecen a la capital colombiana. \u201cTenemos un nivel de alerta en los embalses\u201d, ha declarado el alcalde en una rueda de prensa donde ha se\u00f1alado que el 70 % del agua que se consume en Bogot\u00e1 viene del sistema Chingaza, formado por los embalses de Chuza y San Rafael, que en este momento \u201cest\u00e1 en un nivel hist\u00f3ricamente bajo, es el m\u00e1s bajo desde que entr\u00f3 en operaci\u00f3n a mediados de los a\u00f1os 80\u201d. Gal\u00e1n ha explicado que debido a la escasez de lluvias, agravada por el fen\u00f3meno de El Ni\u00f1o, el nivel del sistema Chingaza est\u00e1 en un 16,97 % de su capacidad, lo que equivale a 48 millones de metros c\u00fabicos. Los otros dos sistemas que abastecen a Bogot\u00e1, el Agregado Norte y el Agregado Sur, est\u00e1n un poco mejor, con niveles del 54,23 y un 44,34 % de su capacidad, respectivamente, pero responden por solo un 30 % del agua que consume la ciudad, de casi ocho millones de habitantes. \u201cEsta situaci\u00f3n tiene que ver, obviamente, con el fen\u00f3meno de El Ni\u00f1o y con un mes de marzo que se agrav\u00f3 porque se preve\u00eda que iba a tener lluvias la \u00faltima semana y que la tendencia en los embalses iba a cambiar, pero eso no ocurri\u00f3; tuvimos un marzo de los m\u00e1s secos hist\u00f3ricamente y eso agrav\u00f3 la situaci\u00f3n y nos llev\u00f3 a la situaci\u00f3n que estamos viendo\u201d, ha manifestado el alcalde. Seg\u00fan Gal\u00e1n, para este a\u00f1o se proyectaba un bajo nivel de los embalses, pero el resultado ha sido peor de lo esperado y por esa raz\u00f3n \u201cse proyecta un 2025 m\u00e1s cr\u00edtico que el 2024\u201d. \u201cEstamos por debajo del nivel proyectado para 2024 y ya estamos por debajo del 2025, (para el) que tenemos una proyecci\u00f3n a\u00fan m\u00e1s baja que la de 2024\u201d, ha a\u00f1adido el funcionario. Cambios en el consumo Ante ese panorama, la Alcald\u00eda ha dispuesto un racionamiento que conlleva, adem\u00e1s, \u201cmedidas pedag\u00f3gicas\u201d que implican \u201ccambios de comportamiento\u201d en el consumo de agua. El consumo en la ciudad se ha reducido de 18 a 17 metros c\u00fabicos por segundo desde enero, pero ese ahorro es insuficiente para garantizar el abastecimiento, por lo que se hace necesario el racionamiento que, si la situaci\u00f3n de los embalses no mejora, puede alargarse hasta el a\u00f1o pr\u00f3ximo. El objetivo es reducir el consumo en dos metros c\u00fabicos por segundo, para lo cual se dividir\u00e1 la ciudad y municipios vecinos en nueve sectores en los que se alternar\u00e1 el racionamiento cada d\u00eda, de manera que al d\u00e9cimo d\u00eda vuelva a tener restricci\u00f3n el primero, y as\u00ed sucesivamente. \u201cArrancamos el jueves 11 de abril y la restricci\u00f3n ser\u00e1 por 24 horas en cada sector\u201d, comenzando a las ocho de la ma\u00f1ana, ha indicado el alcalde, quien subraya: \u201cNo habr\u00e1 sino una zona con restricci\u00f3n cada d\u00eda\u201d. Gal\u00e1n, que ha estado acompa\u00f1ado por la gerente general de la Empresa de Acueducto y Alcantarillado de Bogot\u00e1 (EAAB), Natasha Avenda\u00f1o, y por el personero de Bogot\u00e1, Andr\u00e9s Castro, ha dicho que dependiendo de las lluvias y del comportamiento de la poblaci\u00f3n, cada quince d\u00edas se evaluar\u00e1 la medida del racionamiento para ver si se puede \u201creducir, relajar, mantener o si\u201d, inclusive, hay que \u201cvolverla m\u00e1s restrictiva\u201d. \u201cTenemos la meta de lograr un cambio de comportamiento en los bogotanos que nos permita garantizar la prestaci\u00f3n del servicio de agua en el corto y en el mediano plazo, pero tambi\u00e9n en el pr\u00f3ximo a\u00f1o\u201d, ha remarcado el alcalde. El Gobierno colombiano tambi\u00e9n ha alertado sobre la necesidad de ahorrar agua en todo el pa\u00eds, ya que la sequ\u00eda por El Ni\u00f1o ha reducido dr\u00e1sticamente el nivel de los embalses, lo que compromete no solo el abastecimiento de agua, sino tambi\u00e9n la generaci\u00f3n de energ\u00eda el\u00e9ctrica, pues la matriz energ\u00e9tica colombiana en su mayor parte es hidroel\u00e9ctrica.<\/p>\n<div class=\"pvc_clear\"><\/div>\n<p id=\"pvc_stats_11864\" class=\"pvc_stats all  \" data-element-id=\"11864\" style=\"\"><i class=\"pvc-stats-icon large\" aria-hidden=\"true\"><svg xmlns=\"http:\/\/www.w3.org\/2000\/svg\" version=\"1.0\" viewBox=\"0 0 502 315\" preserveAspectRatio=\"xMidYMid meet\"><g transform=\"translate(0,332) scale(0.1,-0.1)\" fill=\"\" stroke=\"none\"><path d=\"M2394 3279 l-29 -30 -3 -207 c-2 -182 0 -211 15 -242 39 -76 157 -76 196 0 15 31 17 60 15 243 l-3 209 -33 29 c-26 23 -41 29 -80 29 -41 0 -53 -5 -78 -31z\"\/><path d=\"M3085 3251 c-45 -19 -58 -50 -96 -229 -47 -217 -49 -260 -13 -295 52 -53 146 -42 177 20 16 31 87 366 87 410 0 70 -86 122 -155 94z\"\/><path d=\"M1751 3234 c-13 -9 -29 -31 -37 -50 -12 -29 -10 -49 21 -204 19 -94 39 -189 45 -210 14 -50 54 -80 110 -80 34 0 48 6 76 34 21 21 34 44 34 59 0 14 -18 113 -40 219 -37 178 -43 195 -70 221 -36 32 -101 37 -139 11z\"\/><path d=\"M1163 3073 c-36 -7 -73 -59 -73 -102 0 -56 133 -378 171 -413 34 -32 83 -37 129 -13 70 36 67 87 -16 290 -86 209 -89 214 -129 231 -35 14 -42 15 -82 7z\"\/><path d=\"M3689 3066 c-15 -9 -33 -30 -42 -48 -48 -103 -147 -355 -147 -375 0 -98 131 -148 192 -74 13 15 57 108 97 206 80 196 84 226 37 273 -30 30 -99 39 -137 18z\"\/><path d=\"M583 2784 c-38 -19 -67 -74 -58 -113 9 -42 211 -354 242 -373 16 -10 45 -18 66 -18 51 0 107 52 107 100 0 39 -1 41 -124 234 -80 126 -108 162 -133 173 -41 17 -61 16 -100 -3z\"\/><path d=\"M4250 2784 c-14 -9 -74 -91 -133 -183 -95 -150 -107 -173 -107 -213 0 -55 33 -94 87 -104 67 -13 90 8 211 198 130 202 137 225 78 284 -27 27 -42 34 -72 34 -22 0 -50 -8 -64 -16z\"\/><path d=\"M2275 2693 c-553 -48 -1095 -270 -1585 -649 -135 -104 -459 -423 -483 -476 -23 -49 -22 -139 2 -186 73 -142 361 -457 571 -626 285 -228 642 -407 990 -497 242 -63 336 -73 660 -74 310 0 370 5 595 52 535 111 1045 392 1455 803 122 121 250 273 275 326 19 41 19 137 0 174 -41 79 -309 363 -465 492 -447 370 -946 591 -1479 653 -113 14 -422 18 -536 8z m395 -428 c171 -34 330 -124 456 -258 112 -119 167 -219 211 -378 27 -96 24 -300 -5 -401 -72 -255 -236 -447 -474 -557 -132 -62 -201 -76 -368 -76 -167 0 -236 14 -368 76 -213 98 -373 271 -451 485 -162 444 86 934 547 1084 153 49 292 57 452 25z m909 -232 c222 -123 408 -262 593 -441 76 -74 138 -139 138 -144 0 -16 -233 -242 -330 -319 -155 -123 -309 -223 -461 -299 l-81 -41 32 46 c18 26 49 83 70 128 143 306 141 649 -6 957 -25 52 -61 116 -79 142 l-34 47 45 -20 c26 -10 76 -36 113 -56z m-2057 25 c-40 -58 -105 -190 -130 -263 -110 -324 -59 -707 132 -981 25 -35 42 -64 37 -64 -19 0 -241 119 -326 174 -188 122 -406 314 -532 468 l-58 71 108 103 c185 178 428 349 672 473 66 33 121 60 123 61 2 0 -10 -19 -26 -42z\"\/><path d=\"M2375 1950 c-198 -44 -350 -190 -395 -379 -18 -76 -8 -221 19 -290 114 -284 457 -406 731 -260 98 52 188 154 231 260 27 69 37 214 19 290 -38 163 -166 304 -326 360 -67 23 -215 33 -279 19z\"\/><\/g><\/svg><\/i> <img decoding=\"async\" width=\"16\" height=\"16\" alt=\"Loading\" src=\"https:\/\/esviafm.com\/wp-content\/plugins\/page-views-count\/ajax-loader-2x.gif\" border=0 \/><\/p>\n<div class=\"pvc_clear\"><\/div>\n","protected":false},"excerpt":{"rendered":"<p>Bogot\u00e1, 8 abr (EFE).- El alcalde de Bogot\u00e1, Carlos Fernando Gal\u00e1n, ha anunciado este lunes que el pr\u00f3ximo jueves comenzar\u00e1 un racionamiento de agua por sectores para hacer frente a la sequ\u00eda que ha reducido a m\u00ednimos hist\u00f3ricos el nivel de los embalses que abastecen a la capital colombiana. \u201cTenemos un nivel de alerta en [&hellip;]<\/p>\n<div class=\"pvc_clear\"><\/div>\n<p id=\"pvc_stats_11864\" class=\"pvc_stats all  \" data-element-id=\"11864\" style=\"\"><i class=\"pvc-stats-icon large\" aria-hidden=\"true\"><svg xmlns=\"http:\/\/www.w3.org\/2000\/svg\" version=\"1.0\" viewBox=\"0 0 502 315\" preserveAspectRatio=\"xMidYMid meet\"><g transform=\"translate(0,332) scale(0.1,-0.1)\" fill=\"\" stroke=\"none\"><path d=\"M2394 3279 l-29 -30 -3 -207 c-2 -182 0 -211 15 -242 39 -76 157 -76 196 0 15 31 17 60 15 243 l-3 209 -33 29 c-26 23 -41 29 -80 29 -41 0 -53 -5 -78 -31z\"\/><path d=\"M3085 3251 c-45 -19 -58 -50 -96 -229 -47 -217 -49 -260 -13 -295 52 -53 146 -42 177 20 16 31 87 366 87 410 0 70 -86 122 -155 94z\"\/><path d=\"M1751 3234 c-13 -9 -29 -31 -37 -50 -12 -29 -10 -49 21 -204 19 -94 39 -189 45 -210 14 -50 54 -80 110 -80 34 0 48 6 76 34 21 21 34 44 34 59 0 14 -18 113 -40 219 -37 178 -43 195 -70 221 -36 32 -101 37 -139 11z\"\/><path d=\"M1163 3073 c-36 -7 -73 -59 -73 -102 0 -56 133 -378 171 -413 34 -32 83 -37 129 -13 70 36 67 87 -16 290 -86 209 -89 214 -129 231 -35 14 -42 15 -82 7z\"\/><path d=\"M3689 3066 c-15 -9 -33 -30 -42 -48 -48 -103 -147 -355 -147 -375 0 -98 131 -148 192 -74 13 15 57 108 97 206 80 196 84 226 37 273 -30 30 -99 39 -137 18z\"\/><path d=\"M583 2784 c-38 -19 -67 -74 -58 -113 9 -42 211 -354 242 -373 16 -10 45 -18 66 -18 51 0 107 52 107 100 0 39 -1 41 -124 234 -80 126 -108 162 -133 173 -41 17 -61 16 -100 -3z\"\/><path d=\"M4250 2784 c-14 -9 -74 -91 -133 -183 -95 -150 -107 -173 -107 -213 0 -55 33 -94 87 -104 67 -13 90 8 211 198 130 202 137 225 78 284 -27 27 -42 34 -72 34 -22 0 -50 -8 -64 -16z\"\/><path d=\"M2275 2693 c-553 -48 -1095 -270 -1585 -649 -135 -104 -459 -423 -483 -476 -23 -49 -22 -139 2 -186 73 -142 361 -457 571 -626 285 -228 642 -407 990 -497 242 -63 336 -73 660 -74 310 0 370 5 595 52 535 111 1045 392 1455 803 122 121 250 273 275 326 19 41 19 137 0 174 -41 79 -309 363 -465 492 -447 370 -946 591 -1479 653 -113 14 -422 18 -536 8z m395 -428 c171 -34 330 -124 456 -258 112 -119 167 -219 211 -378 27 -96 24 -300 -5 -401 -72 -255 -236 -447 -474 -557 -132 -62 -201 -76 -368 -76 -167 0 -236 14 -368 76 -213 98 -373 271 -451 485 -162 444 86 934 547 1084 153 49 292 57 452 25z m909 -232 c222 -123 408 -262 593 -441 76 -74 138 -139 138 -144 0 -16 -233 -242 -330 -319 -155 -123 -309 -223 -461 -299 l-81 -41 32 46 c18 26 49 83 70 128 143 306 141 649 -6 957 -25 52 -61 116 -79 142 l-34 47 45 -20 c26 -10 76 -36 113 -56z m-2057 25 c-40 -58 -105 -190 -130 -263 -110 -324 -59 -707 132 -981 25 -35 42 -64 37 -64 -19 0 -241 119 -326 174 -188 122 -406 314 -532 468 l-58 71 108 103 c185 178 428 349 672 473 66 33 121 60 123 61 2 0 -10 -19 -26 -42z\"\/><path d=\"M2375 1950 c-198 -44 -350 -190 -395 -379 -18 -76 -8 -221 19 -290 114 -284 457 -406 731 -260 98 52 188 154 231 260 27 69 37 214 19 290 -38 163 -166 304 -326 360 -67 23 -215 33 -279 19z\"\/><\/g><\/svg><\/i> <img decoding=\"async\" width=\"16\" height=\"16\" alt=\"Loading\" src=\"https:\/\/esviafm.com\/wp-content\/plugins\/page-views-count\/ajax-loader-2x.gif\" border=0 \/><\/p>\n<div class=\"pvc_clear\"><\/div>\n","protected":false},"author":1,"featured_media":0,"comment_status":"open","ping_status":"open","sticky":false,"template":"","format":"standard","meta":{"_et_pb_use_builder":"","_et_pb_old_content":"","_et_gb_content_width":"","footnotes":""},"categories":[17],"tags":[],"class_list":["post-11864","post","type-post","status-publish","format-standard","hentry","category-internacionales"],"_links":{"self":[{"href":"https:\/\/esviafm.com\/index.php\/wp-json\/wp\/v2\/posts\/11864","targetHints":{"allow":["GET"]}}],"collection":[{"href":"https:\/\/esviafm.com\/index.php\/wp-json\/wp\/v2\/posts"}],"about":[{"href":"https:\/\/esviafm.com\/index.php\/wp-json\/wp\/v2\/types\/post"}],"author":[{"embeddable":true,"href":"https:\/\/esviafm.com\/index.php\/wp-json\/wp\/v2\/users\/1"}],"replies":[{"embeddable":true,"href":"https:\/\/esviafm.com\/index.php\/wp-json\/wp\/v2\/comments?post=11864"}],"version-history":[{"count":1,"href":"https:\/\/esviafm.com\/index.php\/wp-json\/wp\/v2\/posts\/11864\/revisions"}],"predecessor-version":[{"id":11868,"href":"https:\/\/esviafm.com\/index.php\/wp-json\/wp\/v2\/posts\/11864\/revisions\/11868"}],"wp:attachment":[{"href":"https:\/\/esviafm.com\/index.php\/wp-json\/wp\/v2\/media?parent=11864"}],"wp:term":[{"taxonomy":"category","embeddable":true,"href":"https:\/\/esviafm.com\/index.php\/wp-json\/wp\/v2\/categories?post=11864"},{"taxonomy":"post_tag","embeddable":true,"href":"https:\/\/esviafm.com\/index.php\/wp-json\/wp\/v2\/tags?post=11864"}],"curies":[{"name":"wp","href":"https:\/\/api.w.org\/{rel}","templated":true}]}}