{"id":11826,"date":"2024-04-08T08:22:38","date_gmt":"2024-04-08T12:52:38","guid":{"rendered":"https:\/\/esviafm.com\/?p=11826"},"modified":"2024-04-08T08:22:38","modified_gmt":"2024-04-08T12:52:38","slug":"ruanda-luto-de-100-dias-para-conmemorar-uno-de-los-peores-genocidios-etnicos-de-la-humanidad","status":"publish","type":"post","link":"https:\/\/esviafm.com\/index.php\/ruanda-luto-de-100-dias-para-conmemorar-uno-de-los-peores-genocidios-etnicos-de-la-humanidad\/","title":{"rendered":"Ruanda: Luto de 100 d\u00edas para conmemorar uno de los peores genocidios \u00e9tnicos de la humanidad"},"content":{"rendered":"<p>Los actos de conmemoraci\u00f3n durar\u00e1n una semana y incluir\u00e1 la prohibici\u00f3n de grandes celebraciones, conciertos y otros eventos culturales, as\u00ed como bodas o competencias deportivas.<\/p>\n<p>El Gobierno ruand\u00e9s declar\u00f3 100 d\u00edas de luto nacional para recordar al mundo la sombra del genocidio en el que m\u00e1s de un mill\u00f3n de personas fueron asesinadas en Ruanda, en un periodo de 100 d\u00edas (entre abril y julio de 1994).<\/p>\n<p>Para conmemorar 30 a\u00f1os del genocidio en Ruanda, este 7 de abril, Paul Kagame, presidente del pa\u00eds africano, fue el encargado de liderar el evento en la capital Kigali, m\u00e1s espec\u00edficamente en el Centro de Memoria del Genocidio, pr\u00f3ximo a las fosas comunes de m\u00e1s de 250.000 v\u00edctimas de la masacre.<\/p>\n<p>Al acto asistieron diversas delegaciones internacionales, incluyendo a los presidentes de Sud\u00e1frica, Madagascar, Sud\u00e1n del Sur, Rep\u00fablica del Congo, entre otros, as\u00ed como el primer ministro de Etiop\u00eda.<\/p>\n<p>Tambi\u00e9n hicieron presencia el presidente de la comisi\u00f3n de la Uni\u00f3n Africana, Moussa Faki Mahamat; y el presidente del Consejo Europeo, Charles Michel.<\/p>\n<p>Dentro de los asistentes llam\u00f3 la atenci\u00f3n la presencia del presidente de Israel, Isaac Herzog, justo el mismo d\u00eda en el que se cumplen seis meses de la guerra en Gaza y por la cual el estado jud\u00edo enfrenta acusaciones de genocidio ante la Corte Internacional de Justicia (CIJ) por el asesinato de m\u00e1s de 33.000 personas en el enclave palestino, de acuerdo con las cifras del Ministerio de Sanidad de Gaza, controlado por Ham\u00e1s.<\/p>\n<p>Bill Clinton, presidente de Estados Unidos cuando ocurri\u00f3 el genocidio, tambi\u00e9n asisti\u00f3 a la conmemoraci\u00f3n de los 30 a\u00f1os. Sobre su Gobierno pesan acusaciones de que Washington ten\u00eda conocimiento de lo que suced\u00eda en Ruanda, pero opt\u00f3 por la inacci\u00f3n y el retiro de fuerzas de la ONU.<\/p>\n<p>Seg\u00fan documentos desclasificados por el Pent\u00e1gono en 2001, una funcionaria del Departamento de Estado advirti\u00f3 a Warren Christopher, secretario de Estado de ese entonces, que los militares quer\u00edan tomar el poder de Ruanda y que pod\u00eda \u201cestallar la violencia generalizada\u201d.<\/p>\n<p>Sin embargo, el 15 de abril de ese a\u00f1o, el departamento de Estado pidi\u00f3 a los representantes estadounidenses de la ONU que buscaran el retiro de la Misi\u00f3n para la Asistencia de Ruanda, a lo que el Consejo de Seguridad vot\u00f3 favorablemente una semana despu\u00e9s, recibiendo todo tipo de cr\u00edticas y condenas.<\/p>\n<p><b>Francia ha reconocido su responsabilidad pol\u00edtica<br \/>\n<\/b><br \/>\nAl evento de conmemoraci\u00f3n tambi\u00e9n asisti\u00f3 el expresidente de Francia Nicol\u00e1s Sarkozy. Sobre su pa\u00eds pesan distintas acusaciones referentes al genocidio en Ruanda y su falta de acci\u00f3n para prevenirlo.<\/p>\n<p>El presidente Emmanuel Macron reconoci\u00f3, el pasado 4 de abril, que junto con sus aliados occidentales y africanos pudieron haber \u201cdetenido el genocidio, pero no tuvieron la voluntad de hacerlo\u201d, seg\u00fan se lee en un comunicado publicado por su oficina.<\/p>\n<p>Incluso en el 2021, durante la conmemoraci\u00f3n de los 27 a\u00f1os del genocidio, Macron, desde Kigali, reconoci\u00f3 la responsabilidad pol\u00edtica de Francia dentro del conflicto, que termin\u00f3 con el exterminio de un 75% de la minor\u00eda tutsi, seg\u00fan estimaciones del Gobierno ruand\u00e9s. En 2021 Macron dijo:<\/p>\n<p>\u00abFrancia no fue c\u00f3mplice, pero durante demasiado tiempo ha dado prioridad al silencio sobre el examen de la verdad. (&#8230;) Solo los que han pasado por la noche pueden quiz\u00e1s perdonar, darnos el regalo del perd\u00f3n\u00bb.<\/p>\n<p><b>Los actos de conmemoraci\u00f3n durar\u00e1n una semana<br \/>\n<\/b><br \/>\nAdem\u00e1s de los cien d\u00edas de luto, el programa de conmemoraciones incluye la prohibici\u00f3n de grandes celebraciones, conciertos y otros eventos culturales, as\u00ed como bodas o competencias deportivas.<\/p>\n<p>Por su parte, la Unesco reconoci\u00f3 cuatro nuevos monumentos del genocidio como parte del patrimonio mundial en las ciudades en Kigali, Bisesero, Nyamata y Murambi. La directora general de la Unesco, Audrey Azoulay, declar\u00f3:<\/p>\n<p>Esto significa el reconocimiento internacional de que lo que pas\u00f3 en Ruanda es una tragedia, no s\u00f3lo para Ruanda sino tambi\u00e9n para toda la comunidad internacional, toda la humanidad.<\/p>\n<p>Las conmemoraciones finalizar\u00e1n el pr\u00f3ximo 13 de abril con otro acto en el Centro de Memoria del Genocidio, que recordar\u00e1 a todos los pol\u00edticos que tambi\u00e9n fueron masacrados en 1994.<\/p>\n<p>El genocidio inici\u00f3 tras el derribamiento del avi\u00f3n en el que viajaban los presidentes hutus de Ruanda y Burundi de este entonces, Juv\u00e9nal Habyarimana y Cyprien Ntaryamira, respectivamente.<\/p>\n<p>Posteriormente, el gobierno de los hutus culp\u00f3 del magnicidio a los rebeldes tutsis, con los que adelantaba una guerra desde 1990. Estos, a su vez, responsabilizaron a los extremistas hutus, quienes se opon\u00edan a negociar y que, finalmente, fueron los que comenzaron la campa\u00f1a de matanza organizada de los tutsis.<\/p>\n<p><b>L\u00edderes europeos se solidarizaron con Ruanda<br \/>\n<\/b><br \/>\nLa Uni\u00f3n Europea (UE) expres\u00f3 su compromiso hacia la prevenci\u00f3n del genocidio y envi\u00f3 un mensaje firmado por los 27 miembros del bloque en el que piden que se mantenga la memoria sobre este evento. El alto representante de la UE para los Asuntos Exteriores, Josep Borrell, expres\u00f3:<\/p>\n<p>\u00abLa UE reitera su compromiso inquebrantable con la prevenci\u00f3n del genocidio y de cualquier crimen contra la humanidad en todo el mundo, as\u00ed como el compromiso de garantizar la plena rendici\u00f3n de cuentas\u00bb.<\/p>\n<p>En la misiva tambi\u00e9n se resalta el cambio que ha tenido Ruanda desde entonces y los \u201cavances\u201d en temas de gobernanza, econ\u00f3micos y sociales y aplaudi\u00f3 su \u201ccamino hacia la transformaci\u00f3n\u201d.<\/p>\n<p>Sobre B\u00e9lgica pesan acusaciones de haber esparcido el odio entre hutus y tutsis, durante la \u00e9poca colonial entre 1920 y 1962, hecho reconocido parcialmente en el 2000 por el exprimer ministro belga, Guy Verhofstadt:<\/p>\n<p>\u00abLo afirmo. Toda la comunidad internacional tiene una inmensa y pesada responsabilidad. Asumo aqu\u00ed ante ustedes la responsabilidad de mi pa\u00eds y de las autoridades pol\u00edticas y militares belgas. (&#8230;) En nombre de mi pa\u00eds, me inclino ante las v\u00edctimas del genocidio. En nombre de mi pa\u00eds, de mi pueblo, pido perd\u00f3n\u00bb.<\/p>\n<div class=\"pvc_clear\"><\/div>\n<p id=\"pvc_stats_11826\" class=\"pvc_stats all  \" data-element-id=\"11826\" style=\"\"><i class=\"pvc-stats-icon large\" aria-hidden=\"true\"><svg xmlns=\"http:\/\/www.w3.org\/2000\/svg\" version=\"1.0\" viewBox=\"0 0 502 315\" preserveAspectRatio=\"xMidYMid meet\"><g transform=\"translate(0,332) scale(0.1,-0.1)\" fill=\"\" stroke=\"none\"><path d=\"M2394 3279 l-29 -30 -3 -207 c-2 -182 0 -211 15 -242 39 -76 157 -76 196 0 15 31 17 60 15 243 l-3 209 -33 29 c-26 23 -41 29 -80 29 -41 0 -53 -5 -78 -31z\"\/><path d=\"M3085 3251 c-45 -19 -58 -50 -96 -229 -47 -217 -49 -260 -13 -295 52 -53 146 -42 177 20 16 31 87 366 87 410 0 70 -86 122 -155 94z\"\/><path d=\"M1751 3234 c-13 -9 -29 -31 -37 -50 -12 -29 -10 -49 21 -204 19 -94 39 -189 45 -210 14 -50 54 -80 110 -80 34 0 48 6 76 34 21 21 34 44 34 59 0 14 -18 113 -40 219 -37 178 -43 195 -70 221 -36 32 -101 37 -139 11z\"\/><path d=\"M1163 3073 c-36 -7 -73 -59 -73 -102 0 -56 133 -378 171 -413 34 -32 83 -37 129 -13 70 36 67 87 -16 290 -86 209 -89 214 -129 231 -35 14 -42 15 -82 7z\"\/><path d=\"M3689 3066 c-15 -9 -33 -30 -42 -48 -48 -103 -147 -355 -147 -375 0 -98 131 -148 192 -74 13 15 57 108 97 206 80 196 84 226 37 273 -30 30 -99 39 -137 18z\"\/><path d=\"M583 2784 c-38 -19 -67 -74 -58 -113 9 -42 211 -354 242 -373 16 -10 45 -18 66 -18 51 0 107 52 107 100 0 39 -1 41 -124 234 -80 126 -108 162 -133 173 -41 17 -61 16 -100 -3z\"\/><path d=\"M4250 2784 c-14 -9 -74 -91 -133 -183 -95 -150 -107 -173 -107 -213 0 -55 33 -94 87 -104 67 -13 90 8 211 198 130 202 137 225 78 284 -27 27 -42 34 -72 34 -22 0 -50 -8 -64 -16z\"\/><path d=\"M2275 2693 c-553 -48 -1095 -270 -1585 -649 -135 -104 -459 -423 -483 -476 -23 -49 -22 -139 2 -186 73 -142 361 -457 571 -626 285 -228 642 -407 990 -497 242 -63 336 -73 660 -74 310 0 370 5 595 52 535 111 1045 392 1455 803 122 121 250 273 275 326 19 41 19 137 0 174 -41 79 -309 363 -465 492 -447 370 -946 591 -1479 653 -113 14 -422 18 -536 8z m395 -428 c171 -34 330 -124 456 -258 112 -119 167 -219 211 -378 27 -96 24 -300 -5 -401 -72 -255 -236 -447 -474 -557 -132 -62 -201 -76 -368 -76 -167 0 -236 14 -368 76 -213 98 -373 271 -451 485 -162 444 86 934 547 1084 153 49 292 57 452 25z m909 -232 c222 -123 408 -262 593 -441 76 -74 138 -139 138 -144 0 -16 -233 -242 -330 -319 -155 -123 -309 -223 -461 -299 l-81 -41 32 46 c18 26 49 83 70 128 143 306 141 649 -6 957 -25 52 -61 116 -79 142 l-34 47 45 -20 c26 -10 76 -36 113 -56z m-2057 25 c-40 -58 -105 -190 -130 -263 -110 -324 -59 -707 132 -981 25 -35 42 -64 37 -64 -19 0 -241 119 -326 174 -188 122 -406 314 -532 468 l-58 71 108 103 c185 178 428 349 672 473 66 33 121 60 123 61 2 0 -10 -19 -26 -42z\"\/><path d=\"M2375 1950 c-198 -44 -350 -190 -395 -379 -18 -76 -8 -221 19 -290 114 -284 457 -406 731 -260 98 52 188 154 231 260 27 69 37 214 19 290 -38 163 -166 304 -326 360 -67 23 -215 33 -279 19z\"\/><\/g><\/svg><\/i> <img decoding=\"async\" width=\"16\" height=\"16\" alt=\"Loading\" src=\"https:\/\/esviafm.com\/wp-content\/plugins\/page-views-count\/ajax-loader-2x.gif\" border=0 \/><\/p>\n<div class=\"pvc_clear\"><\/div>\n","protected":false},"excerpt":{"rendered":"<p>Los actos de conmemoraci\u00f3n durar\u00e1n una semana y incluir\u00e1 la prohibici\u00f3n de grandes celebraciones, conciertos y otros eventos culturales, as\u00ed como bodas o competencias deportivas. El Gobierno ruand\u00e9s declar\u00f3 100 d\u00edas de luto nacional para recordar al mundo la sombra del genocidio en el que m\u00e1s de un mill\u00f3n de personas fueron asesinadas en Ruanda, [&hellip;]<\/p>\n<div class=\"pvc_clear\"><\/div>\n<p id=\"pvc_stats_11826\" class=\"pvc_stats all  \" data-element-id=\"11826\" style=\"\"><i class=\"pvc-stats-icon large\" aria-hidden=\"true\"><svg xmlns=\"http:\/\/www.w3.org\/2000\/svg\" version=\"1.0\" viewBox=\"0 0 502 315\" preserveAspectRatio=\"xMidYMid meet\"><g transform=\"translate(0,332) scale(0.1,-0.1)\" fill=\"\" stroke=\"none\"><path d=\"M2394 3279 l-29 -30 -3 -207 c-2 -182 0 -211 15 -242 39 -76 157 -76 196 0 15 31 17 60 15 243 l-3 209 -33 29 c-26 23 -41 29 -80 29 -41 0 -53 -5 -78 -31z\"\/><path d=\"M3085 3251 c-45 -19 -58 -50 -96 -229 -47 -217 -49 -260 -13 -295 52 -53 146 -42 177 20 16 31 87 366 87 410 0 70 -86 122 -155 94z\"\/><path d=\"M1751 3234 c-13 -9 -29 -31 -37 -50 -12 -29 -10 -49 21 -204 19 -94 39 -189 45 -210 14 -50 54 -80 110 -80 34 0 48 6 76 34 21 21 34 44 34 59 0 14 -18 113 -40 219 -37 178 -43 195 -70 221 -36 32 -101 37 -139 11z\"\/><path d=\"M1163 3073 c-36 -7 -73 -59 -73 -102 0 -56 133 -378 171 -413 34 -32 83 -37 129 -13 70 36 67 87 -16 290 -86 209 -89 214 -129 231 -35 14 -42 15 -82 7z\"\/><path d=\"M3689 3066 c-15 -9 -33 -30 -42 -48 -48 -103 -147 -355 -147 -375 0 -98 131 -148 192 -74 13 15 57 108 97 206 80 196 84 226 37 273 -30 30 -99 39 -137 18z\"\/><path d=\"M583 2784 c-38 -19 -67 -74 -58 -113 9 -42 211 -354 242 -373 16 -10 45 -18 66 -18 51 0 107 52 107 100 0 39 -1 41 -124 234 -80 126 -108 162 -133 173 -41 17 -61 16 -100 -3z\"\/><path d=\"M4250 2784 c-14 -9 -74 -91 -133 -183 -95 -150 -107 -173 -107 -213 0 -55 33 -94 87 -104 67 -13 90 8 211 198 130 202 137 225 78 284 -27 27 -42 34 -72 34 -22 0 -50 -8 -64 -16z\"\/><path d=\"M2275 2693 c-553 -48 -1095 -270 -1585 -649 -135 -104 -459 -423 -483 -476 -23 -49 -22 -139 2 -186 73 -142 361 -457 571 -626 285 -228 642 -407 990 -497 242 -63 336 -73 660 -74 310 0 370 5 595 52 535 111 1045 392 1455 803 122 121 250 273 275 326 19 41 19 137 0 174 -41 79 -309 363 -465 492 -447 370 -946 591 -1479 653 -113 14 -422 18 -536 8z m395 -428 c171 -34 330 -124 456 -258 112 -119 167 -219 211 -378 27 -96 24 -300 -5 -401 -72 -255 -236 -447 -474 -557 -132 -62 -201 -76 -368 -76 -167 0 -236 14 -368 76 -213 98 -373 271 -451 485 -162 444 86 934 547 1084 153 49 292 57 452 25z m909 -232 c222 -123 408 -262 593 -441 76 -74 138 -139 138 -144 0 -16 -233 -242 -330 -319 -155 -123 -309 -223 -461 -299 l-81 -41 32 46 c18 26 49 83 70 128 143 306 141 649 -6 957 -25 52 -61 116 -79 142 l-34 47 45 -20 c26 -10 76 -36 113 -56z m-2057 25 c-40 -58 -105 -190 -130 -263 -110 -324 -59 -707 132 -981 25 -35 42 -64 37 -64 -19 0 -241 119 -326 174 -188 122 -406 314 -532 468 l-58 71 108 103 c185 178 428 349 672 473 66 33 121 60 123 61 2 0 -10 -19 -26 -42z\"\/><path d=\"M2375 1950 c-198 -44 -350 -190 -395 -379 -18 -76 -8 -221 19 -290 114 -284 457 -406 731 -260 98 52 188 154 231 260 27 69 37 214 19 290 -38 163 -166 304 -326 360 -67 23 -215 33 -279 19z\"\/><\/g><\/svg><\/i> <img decoding=\"async\" width=\"16\" height=\"16\" alt=\"Loading\" src=\"https:\/\/esviafm.com\/wp-content\/plugins\/page-views-count\/ajax-loader-2x.gif\" border=0 \/><\/p>\n<div class=\"pvc_clear\"><\/div>\n","protected":false},"author":1,"featured_media":0,"comment_status":"open","ping_status":"open","sticky":false,"template":"","format":"standard","meta":{"_et_pb_use_builder":"","_et_pb_old_content":"","_et_gb_content_width":"","footnotes":""},"categories":[17],"tags":[],"class_list":["post-11826","post","type-post","status-publish","format-standard","hentry","category-internacionales"],"_links":{"self":[{"href":"https:\/\/esviafm.com\/index.php\/wp-json\/wp\/v2\/posts\/11826","targetHints":{"allow":["GET"]}}],"collection":[{"href":"https:\/\/esviafm.com\/index.php\/wp-json\/wp\/v2\/posts"}],"about":[{"href":"https:\/\/esviafm.com\/index.php\/wp-json\/wp\/v2\/types\/post"}],"author":[{"embeddable":true,"href":"https:\/\/esviafm.com\/index.php\/wp-json\/wp\/v2\/users\/1"}],"replies":[{"embeddable":true,"href":"https:\/\/esviafm.com\/index.php\/wp-json\/wp\/v2\/comments?post=11826"}],"version-history":[{"count":1,"href":"https:\/\/esviafm.com\/index.php\/wp-json\/wp\/v2\/posts\/11826\/revisions"}],"predecessor-version":[{"id":11828,"href":"https:\/\/esviafm.com\/index.php\/wp-json\/wp\/v2\/posts\/11826\/revisions\/11828"}],"wp:attachment":[{"href":"https:\/\/esviafm.com\/index.php\/wp-json\/wp\/v2\/media?parent=11826"}],"wp:term":[{"taxonomy":"category","embeddable":true,"href":"https:\/\/esviafm.com\/index.php\/wp-json\/wp\/v2\/categories?post=11826"},{"taxonomy":"post_tag","embeddable":true,"href":"https:\/\/esviafm.com\/index.php\/wp-json\/wp\/v2\/tags?post=11826"}],"curies":[{"name":"wp","href":"https:\/\/api.w.org\/{rel}","templated":true}]}}