{"id":11820,"date":"2024-04-08T08:20:28","date_gmt":"2024-04-08T12:50:28","guid":{"rendered":"https:\/\/esviafm.com\/?p=11820"},"modified":"2024-04-08T08:20:28","modified_gmt":"2024-04-08T12:50:28","slug":"no-habra-alto-al-fuego-sin-el-regreso-de-rehenes-dice-netanyahu-tras-6-meses-de-guerra","status":"publish","type":"post","link":"https:\/\/esviafm.com\/index.php\/no-habra-alto-al-fuego-sin-el-regreso-de-rehenes-dice-netanyahu-tras-6-meses-de-guerra\/","title":{"rendered":"\u00abNo habr\u00e1 alto al fuego sin el regreso de rehenes\u00bb, dice Netanyahu tras 6 meses de guerra"},"content":{"rendered":"<p>Durante un discurso este domingo, cuando se cumplen seis meses de guerra en la Franja de Gaza, el primer ministro israel\u00ed asegur\u00f3 que \u00abIsrael no se opone a un acuerdo de tregua y culp\u00f3 a Ham\u00e1s de &#8216;exigencias extremas'\u00bb.<\/p>\n<p>El\u00a0<b>primer ministro israel\u00ed, Benjam\u00edn Netanyahu<\/b>, reiter\u00f3 este domingo, cuando se cumplen\u00a0<b>seis meses de guerra<\/b>\u00a0en la\u00a0<b>Franja de Gaza<\/b>, que no habr\u00e1 un acuerdo de tregua\u00a0<b>si no vuelven a casa los 133 rehenes<\/b>\u00a0que siguen en manos de\u00a0<b>Ham\u00e1s<\/b>, y a\u00f1adi\u00f3 que Israel no ceder\u00e1 ante las\u00a0<b>\u201cexigencias extremas\u201d<\/b>\u00a0de los islamistas.<\/p>\n<p>\u201cDej\u00e9 (algo) claro a la comunidad internacional: no habr\u00e1 alto el fuego sin el regreso de los secuestrados. Simplemente no suceder\u00e1\u201d, dijo Netanyahu este domingo en un discurso antes de reunirse con su gabinete, y record\u00f3 que la\u00a0<b>Administraci\u00f3n del presidente norteamericano, Joe Biden<\/b>, comparte su misma opini\u00f3n.<\/p>\n<p>A\u00f1adi\u00f3 que Israel\u00a0<b>no se opone<\/b>\u00a0a un acuerdo de tregua y culp\u00f3 a Ham\u00e1s de \u201cexigencias extremas\u201d cuyo objetivo es poner fin a la guerra\u00a0<b>\u201cpara garantizar su supervivencia, su rehabilitaci\u00f3n, (y) su capacidad de poner en peligro\u201d<\/b>\u00a0a los ciudadanos y soldados israel\u00edes de nuevo.<\/p>\n<p>Esta misma noche est\u00e1 convocada una\u00a0<b>manifestaci\u00f3n antigubernamental<\/b>\u00a0multitudinaria en\u00a0<b>Jerusal\u00e9n<\/b>, en la que no solo participar\u00e1n activistas sino tambi\u00e9n algunos de los familiares de los cautivos, que culpan a Netanyahu de estar m\u00e1s preocupado por su supervivencia pol\u00edtica que por devolver a los suyos a casa.<\/p>\n<div><\/div>\n<div><b>Israel retira todas sus tropas del sur de la Franja de Gaza<br \/>\n<\/b><br \/>\nEl Ej\u00e9rcito israel\u00ed\u00a0<b>retir\u00f3<\/b>\u00a0esta noche\u00a0<b>a todas sus tropas terrestres<\/b>\u00a0del sur de la Franja de Gaza, y\u00a0<b>solo queda una brigada<\/b>\u00a0en el enclave, confirm\u00f3 este domingo a EFE una fuente militar.<\/p>\n<p>La retirada se produce despu\u00e9s de cuatro meses de combate en la zona de<b>\u00a0Jan Yunis<\/b>\u00a0y cuando se cumplen seis meses del comienzo de la guerra entre Israel y Ham\u00e1s en Gaza, donde ya han muerto\u00a0<b>m\u00e1s de 33.100 personas<\/b>, la mayor\u00eda mujeres y ni\u00f1os.<\/div>\n<div><\/div>\n<div>Actualmente solo queda una brigada israel\u00ed en el enclave palestino que se ocupa de asegurar un corredor entre el sur de Israel y la costa gazat\u00ed, bloqueando el paso al norte de la Franja y facilitando las operaciones en el centro y norte del territorio.<\/p>\n<p>La noticia llega despu\u00e9s de que este s\u00e1bado las\u00a0<b>Fuerzas de Defensa de Israel (IDF)<\/b>\u00a0recuperaran en Jan Yunis el cuerpo sin vida del\u00a0<b>reh\u00e9n israel\u00ed Elad Katzir<\/b>, que hab\u00eda estado en manos de la\u00a0<b>Yihad Isl\u00e1mica.<\/b><\/p>\n<p>Los m\u00e9dicos del\u00a0<b>Instituto de Medicina Forense<\/b>\u00a0identificaron el cad\u00e1ver durante la noche y las autoridades informaron a la familia de Katzir, que fue secuestrado durante los ataques del 7 de octubre en el\u00a0<b>kibutz Nir Oz<\/b>\u00a0junto a su madre, liberada durante la tregua de siete d\u00edas entre Israel y Ham\u00e1s, en noviembre.<\/div>\n<div><\/div>\n<div><b>Arrasados los dos principales hospitales<br \/>\n<\/b><br \/>\nLos dos principales hospitales de esta ciudad sure\u00f1a, el\u00a0<b>Al Amal y Naser<\/b>, quedaron\u00a0<b>arrasados e inoperativos<\/b>\u00a0tras el asedio de las tropas hebreas durante estos meses bajo la tesis de que hab\u00eda presencia de supuestos combatientes en estos complejos.<\/div>\n<div><\/div>\n<div>\u201cDecenas de sospechosos han sido entregados al Shin Bet y a la Unidad 504 de la Direcci\u00f3n de Inteligencia Militar para ser interrogados m\u00e1s a fondo\u201d, detall\u00f3 el Ej\u00e9rcito en un comunicado el pasado 2 de abril.<\/p>\n<p>Asimismo, el Ej\u00e9rcito israel\u00ed inform\u00f3 este domingo de que, antes de su retirada, sus unidades de combate llevaron a cabo las \u00faltimas operaciones en el barrio de Al Amal para terminar de\u00a0<b>\u201cdesmantelar la infraestructura terrorista\u201d.<\/b><\/p>\n<p>En un mensaje en X, el\u00a0<b>exministro de Justicia israel\u00ed Gideon Sa\u2019ar<\/b>\u00a0critic\u00f3 la retirada de tropas, asegurando que\u00a0<b>\u201cla continua disminuci\u00f3n del tama\u00f1o de las fuerzas\u201d<\/b>\u00a0israel\u00edes en Gaza\u00a0<b>\u201cnos ha alejado de alcanzar los objetivos de la guerra\u201d<\/b>.<\/p>\n<p>El pr\u00f3ximo objetivo de Israel en Gaza parece ser la ya anunciada incursi\u00f3n militar en\u00a0<b>Rafah<\/b>, en el sur del enclave, donde viven\u00a0<b>1,4 millones de desplazados<\/b>\u00a0y todav\u00eda quedan, seg\u00fan el Ej\u00e9rcito, cuatro batallones de Ham\u00e1s; una incursi\u00f3n a la que se opone Estados Unidos, principal aliado militar de Israel.<\/div>\n<div><\/div>\n<div><b>Los muertos en Gaza suman 33.175, m\u00e1s del 42 % ni\u00f1os<br \/>\n<\/b><br \/>\nLa cifra oficial de muertos en la Franja de Gaza alcanz\u00f3 este domingo los\u00a0<b>33.175<\/b>, cuando se cumplen seis meses del inicio de la devastadora ofensiva b\u00e9lica israel\u00ed tras los ataques m\u00faltiples de Ham\u00e1s que dejaron el pasado 7 de octubre\u00a0<b>1.200 fallecidos<\/b>\u00a0en el Estado jud\u00edo.<\/p>\n<p>M\u00e1s de\u00a0<b>14.000 de esos muertos, o el 42 %, son ni\u00f1os, mientras que 9.220 ser\u00edan mujeres,<\/b>\u00a0de acuerdo con la misma fuente. El n\u00famero total de heridos es de\u00a0<b>75.886<\/b>, a lo que hay que sumar unos\u00a0<b>7.000 cuerpos\u00a0<\/b>que se estima siguen bajo toneladas de escombros.<\/p>\n<p>\u201cLa ocupaci\u00f3n israel\u00ed cometi\u00f3 4 masacres contra familias en la Franja de Gaza, causando 38 muertes y 71 heridos en hospitales durante las \u00faltimas 24 horas\u201d, detall\u00f3 hoy en un comunicado el Ministerio de Sanidad gazat\u00ed del Gobierno de Ham\u00e1s.<\/p><\/div>\n<div>\n<b>Israel, preparado para responder ante un posible ataque de Ir\u00e1n<br \/>\n<\/b><br \/>\nEl\u00a0<b>ministro de Defensa israel\u00ed, Yoav Gallant<\/b>, asegur\u00f3 este domingo que Israel finaliz\u00f3 los preparativos para hacer frente a \u201ccualquier escenario\u201d contra Ir\u00e1n, que lleva d\u00edas amenazando con tomar represalias por un presunto ataque israel\u00ed a la embajada iran\u00ed en\u00a0<b>Damasco (Siria)<\/b>.<\/p>\n<p>Gallant realiz\u00f3 estas declaraciones tras la reuni\u00f3n sostenida con el\u00a0<b>jefe de la Direcci\u00f3n de Operaciones del Ej\u00e9rcito israel\u00ed, Oded Basiuk<\/b>, y el\u00a0<b>jefe de la Direcci\u00f3n de Inteligencia Militar, Aharon Haliva<\/b>, seg\u00fan un comunicado de las autoridades.<\/p>\n<p>Israel est\u00e1 en estado de alerta tras el ataque que se produjo el pasado lunes, 1 de abril, contra la embajada iran\u00ed en Damasco, la capital de Siria, en el que al menos 19 personas murieron, entre ellas el\u00a0<b>comandante de mayor rango de la Guardia Revolucionari iran\u00ed, Mohamed Reza Zahedi.<\/b><\/p>\n<p>Ir\u00e1n insisti\u00f3, tras celebrar ayer el funeral de Zahedi, que este ataque no quedar\u00e1 \u201cimpune\u201d y que habr\u00e1 una respuesta contra Israel, a quien acusa de estar detr\u00e1s de \u00e9l.<\/p><\/div>\n<div><\/div>\n<div>La prensa israel\u00ed sostiene que las autoridades iran\u00edes estar\u00edan planeando<b>\u00a0un ataque con drones y misiles de crucero<\/b>\u00a0contra el Estado jud\u00edo, pero tambi\u00e9n contra objetivos estadounidenses en la regi\u00f3n. Ir\u00e1n considera que\u00a0<b>la Casa Blanca es \u201cc\u00f3mplice\u201d<\/b>\u00a0del ataque.<\/p>\n<p>El miedo a que este ataque llegue a territorio israel\u00ed empieza a calar entre sus ciudadanos, quienes en los \u00faltimos d\u00edas han hecho acopio de alimentos.<\/p>\n<p>La preocupaci\u00f3n de la comunidad internacional de que el conflicto en Gaza, que este domingo cumple seis meses, vaya m\u00e1s all\u00e1 de sus fronteras ha sido constante durante este tiempo, por los enfrentamientos entre Israel y algunos pa\u00edses \u00e1rabes, los que su relaci\u00f3n est\u00e1 m\u00e1s tensa que nunca en las \u00faltimas d\u00e9cadas.<\/p><\/div>\n<div><\/div>\n<div><b>Hizbul\u00e1 lanza decenas de cohetes contra Israel<br \/>\n<\/b><br \/>\nEl\u00a0<b>grupo chi\u00ed liban\u00e9s Hizbul\u00e1<\/b>\u00a0anunci\u00f3 este domingo que lanzaron una andanada de cohetes contra bases militares en territorio israel\u00ed en respuesta a un ataque del Estado jud\u00edo contra el noreste del L\u00edbano.<\/p>\n<p>\u201cEn respuesta a los ataques del enemigo en la regi\u00f3n de Bekaa (noreste), los combatientes de la Resistencia Isl\u00e1mica tuvieron como objetivo a las 11.10 (hora local, 8,10 GMT)\u201d\u00a0<b>dos bases militares, una la de Yoav, y otra identificada como \u201cKila\u201d<\/b>, en los Altos del Gol\u00e1n ocupados por Israel, \u201ccon decenas de cohetes tipo \u2018Katyusha&#8217;\u201d, indic\u00f3 el movimiento en un escueto comunicado.<\/p>\n<p>El Ej\u00e9rcito israel\u00ed anunci\u00f3 que atac\u00f3 esta madrugada infraestructura de defensa antia\u00e9rea de Hizbul\u00e1 en el \u00e1rea de Baalbek, el noreste del L\u00edbano, \u201cen respuesta\u201d a un derribo de un dron israel\u00ed reivindicado por el grupo liban\u00e9s tras infiltrarse en su territorio, algo que ocurre a diario.<\/p>\n<p>Hizbul\u00e1, estrecho aliado iran\u00ed, y el Estado jud\u00edo est\u00e1n enzarzados en intensos enfrentamientos fronterizos desde el pasado 8 de octubre, un d\u00eda despu\u00e9s del estallido de la guerra de Gaza.<\/p><\/div>\n<div><\/div>\n<div class=\"pvc_clear\"><\/div>\n<p id=\"pvc_stats_11820\" class=\"pvc_stats all  \" data-element-id=\"11820\" style=\"\"><i class=\"pvc-stats-icon large\" aria-hidden=\"true\"><svg xmlns=\"http:\/\/www.w3.org\/2000\/svg\" version=\"1.0\" viewBox=\"0 0 502 315\" preserveAspectRatio=\"xMidYMid meet\"><g transform=\"translate(0,332) scale(0.1,-0.1)\" fill=\"\" stroke=\"none\"><path d=\"M2394 3279 l-29 -30 -3 -207 c-2 -182 0 -211 15 -242 39 -76 157 -76 196 0 15 31 17 60 15 243 l-3 209 -33 29 c-26 23 -41 29 -80 29 -41 0 -53 -5 -78 -31z\"\/><path d=\"M3085 3251 c-45 -19 -58 -50 -96 -229 -47 -217 -49 -260 -13 -295 52 -53 146 -42 177 20 16 31 87 366 87 410 0 70 -86 122 -155 94z\"\/><path d=\"M1751 3234 c-13 -9 -29 -31 -37 -50 -12 -29 -10 -49 21 -204 19 -94 39 -189 45 -210 14 -50 54 -80 110 -80 34 0 48 6 76 34 21 21 34 44 34 59 0 14 -18 113 -40 219 -37 178 -43 195 -70 221 -36 32 -101 37 -139 11z\"\/><path d=\"M1163 3073 c-36 -7 -73 -59 -73 -102 0 -56 133 -378 171 -413 34 -32 83 -37 129 -13 70 36 67 87 -16 290 -86 209 -89 214 -129 231 -35 14 -42 15 -82 7z\"\/><path d=\"M3689 3066 c-15 -9 -33 -30 -42 -48 -48 -103 -147 -355 -147 -375 0 -98 131 -148 192 -74 13 15 57 108 97 206 80 196 84 226 37 273 -30 30 -99 39 -137 18z\"\/><path d=\"M583 2784 c-38 -19 -67 -74 -58 -113 9 -42 211 -354 242 -373 16 -10 45 -18 66 -18 51 0 107 52 107 100 0 39 -1 41 -124 234 -80 126 -108 162 -133 173 -41 17 -61 16 -100 -3z\"\/><path d=\"M4250 2784 c-14 -9 -74 -91 -133 -183 -95 -150 -107 -173 -107 -213 0 -55 33 -94 87 -104 67 -13 90 8 211 198 130 202 137 225 78 284 -27 27 -42 34 -72 34 -22 0 -50 -8 -64 -16z\"\/><path d=\"M2275 2693 c-553 -48 -1095 -270 -1585 -649 -135 -104 -459 -423 -483 -476 -23 -49 -22 -139 2 -186 73 -142 361 -457 571 -626 285 -228 642 -407 990 -497 242 -63 336 -73 660 -74 310 0 370 5 595 52 535 111 1045 392 1455 803 122 121 250 273 275 326 19 41 19 137 0 174 -41 79 -309 363 -465 492 -447 370 -946 591 -1479 653 -113 14 -422 18 -536 8z m395 -428 c171 -34 330 -124 456 -258 112 -119 167 -219 211 -378 27 -96 24 -300 -5 -401 -72 -255 -236 -447 -474 -557 -132 -62 -201 -76 -368 -76 -167 0 -236 14 -368 76 -213 98 -373 271 -451 485 -162 444 86 934 547 1084 153 49 292 57 452 25z m909 -232 c222 -123 408 -262 593 -441 76 -74 138 -139 138 -144 0 -16 -233 -242 -330 -319 -155 -123 -309 -223 -461 -299 l-81 -41 32 46 c18 26 49 83 70 128 143 306 141 649 -6 957 -25 52 -61 116 -79 142 l-34 47 45 -20 c26 -10 76 -36 113 -56z m-2057 25 c-40 -58 -105 -190 -130 -263 -110 -324 -59 -707 132 -981 25 -35 42 -64 37 -64 -19 0 -241 119 -326 174 -188 122 -406 314 -532 468 l-58 71 108 103 c185 178 428 349 672 473 66 33 121 60 123 61 2 0 -10 -19 -26 -42z\"\/><path d=\"M2375 1950 c-198 -44 -350 -190 -395 -379 -18 -76 -8 -221 19 -290 114 -284 457 -406 731 -260 98 52 188 154 231 260 27 69 37 214 19 290 -38 163 -166 304 -326 360 -67 23 -215 33 -279 19z\"\/><\/g><\/svg><\/i> <img decoding=\"async\" width=\"16\" height=\"16\" alt=\"Loading\" src=\"https:\/\/esviafm.com\/wp-content\/plugins\/page-views-count\/ajax-loader-2x.gif\" border=0 \/><\/p>\n<div class=\"pvc_clear\"><\/div>\n","protected":false},"excerpt":{"rendered":"<p>Durante un discurso este domingo, cuando se cumplen seis meses de guerra en la Franja de Gaza, el primer ministro israel\u00ed asegur\u00f3 que \u00abIsrael no se opone a un acuerdo de tregua y culp\u00f3 a Ham\u00e1s de &#8216;exigencias extremas&#8217;\u00bb. El\u00a0primer ministro israel\u00ed, Benjam\u00edn Netanyahu, reiter\u00f3 este domingo, cuando se cumplen\u00a0seis meses de guerra\u00a0en la\u00a0Franja de [&hellip;]<\/p>\n<div class=\"pvc_clear\"><\/div>\n<p id=\"pvc_stats_11820\" class=\"pvc_stats all  \" data-element-id=\"11820\" style=\"\"><i class=\"pvc-stats-icon large\" aria-hidden=\"true\"><svg xmlns=\"http:\/\/www.w3.org\/2000\/svg\" version=\"1.0\" viewBox=\"0 0 502 315\" preserveAspectRatio=\"xMidYMid meet\"><g transform=\"translate(0,332) scale(0.1,-0.1)\" fill=\"\" stroke=\"none\"><path d=\"M2394 3279 l-29 -30 -3 -207 c-2 -182 0 -211 15 -242 39 -76 157 -76 196 0 15 31 17 60 15 243 l-3 209 -33 29 c-26 23 -41 29 -80 29 -41 0 -53 -5 -78 -31z\"\/><path d=\"M3085 3251 c-45 -19 -58 -50 -96 -229 -47 -217 -49 -260 -13 -295 52 -53 146 -42 177 20 16 31 87 366 87 410 0 70 -86 122 -155 94z\"\/><path d=\"M1751 3234 c-13 -9 -29 -31 -37 -50 -12 -29 -10 -49 21 -204 19 -94 39 -189 45 -210 14 -50 54 -80 110 -80 34 0 48 6 76 34 21 21 34 44 34 59 0 14 -18 113 -40 219 -37 178 -43 195 -70 221 -36 32 -101 37 -139 11z\"\/><path d=\"M1163 3073 c-36 -7 -73 -59 -73 -102 0 -56 133 -378 171 -413 34 -32 83 -37 129 -13 70 36 67 87 -16 290 -86 209 -89 214 -129 231 -35 14 -42 15 -82 7z\"\/><path d=\"M3689 3066 c-15 -9 -33 -30 -42 -48 -48 -103 -147 -355 -147 -375 0 -98 131 -148 192 -74 13 15 57 108 97 206 80 196 84 226 37 273 -30 30 -99 39 -137 18z\"\/><path d=\"M583 2784 c-38 -19 -67 -74 -58 -113 9 -42 211 -354 242 -373 16 -10 45 -18 66 -18 51 0 107 52 107 100 0 39 -1 41 -124 234 -80 126 -108 162 -133 173 -41 17 -61 16 -100 -3z\"\/><path d=\"M4250 2784 c-14 -9 -74 -91 -133 -183 -95 -150 -107 -173 -107 -213 0 -55 33 -94 87 -104 67 -13 90 8 211 198 130 202 137 225 78 284 -27 27 -42 34 -72 34 -22 0 -50 -8 -64 -16z\"\/><path d=\"M2275 2693 c-553 -48 -1095 -270 -1585 -649 -135 -104 -459 -423 -483 -476 -23 -49 -22 -139 2 -186 73 -142 361 -457 571 -626 285 -228 642 -407 990 -497 242 -63 336 -73 660 -74 310 0 370 5 595 52 535 111 1045 392 1455 803 122 121 250 273 275 326 19 41 19 137 0 174 -41 79 -309 363 -465 492 -447 370 -946 591 -1479 653 -113 14 -422 18 -536 8z m395 -428 c171 -34 330 -124 456 -258 112 -119 167 -219 211 -378 27 -96 24 -300 -5 -401 -72 -255 -236 -447 -474 -557 -132 -62 -201 -76 -368 -76 -167 0 -236 14 -368 76 -213 98 -373 271 -451 485 -162 444 86 934 547 1084 153 49 292 57 452 25z m909 -232 c222 -123 408 -262 593 -441 76 -74 138 -139 138 -144 0 -16 -233 -242 -330 -319 -155 -123 -309 -223 -461 -299 l-81 -41 32 46 c18 26 49 83 70 128 143 306 141 649 -6 957 -25 52 -61 116 -79 142 l-34 47 45 -20 c26 -10 76 -36 113 -56z m-2057 25 c-40 -58 -105 -190 -130 -263 -110 -324 -59 -707 132 -981 25 -35 42 -64 37 -64 -19 0 -241 119 -326 174 -188 122 -406 314 -532 468 l-58 71 108 103 c185 178 428 349 672 473 66 33 121 60 123 61 2 0 -10 -19 -26 -42z\"\/><path d=\"M2375 1950 c-198 -44 -350 -190 -395 -379 -18 -76 -8 -221 19 -290 114 -284 457 -406 731 -260 98 52 188 154 231 260 27 69 37 214 19 290 -38 163 -166 304 -326 360 -67 23 -215 33 -279 19z\"\/><\/g><\/svg><\/i> <img decoding=\"async\" width=\"16\" height=\"16\" alt=\"Loading\" src=\"https:\/\/esviafm.com\/wp-content\/plugins\/page-views-count\/ajax-loader-2x.gif\" border=0 \/><\/p>\n<div class=\"pvc_clear\"><\/div>\n","protected":false},"author":1,"featured_media":0,"comment_status":"open","ping_status":"open","sticky":false,"template":"","format":"standard","meta":{"_et_pb_use_builder":"","_et_pb_old_content":"","_et_gb_content_width":"","footnotes":""},"categories":[17],"tags":[],"class_list":["post-11820","post","type-post","status-publish","format-standard","hentry","category-internacionales"],"_links":{"self":[{"href":"https:\/\/esviafm.com\/index.php\/wp-json\/wp\/v2\/posts\/11820","targetHints":{"allow":["GET"]}}],"collection":[{"href":"https:\/\/esviafm.com\/index.php\/wp-json\/wp\/v2\/posts"}],"about":[{"href":"https:\/\/esviafm.com\/index.php\/wp-json\/wp\/v2\/types\/post"}],"author":[{"embeddable":true,"href":"https:\/\/esviafm.com\/index.php\/wp-json\/wp\/v2\/users\/1"}],"replies":[{"embeddable":true,"href":"https:\/\/esviafm.com\/index.php\/wp-json\/wp\/v2\/comments?post=11820"}],"version-history":[{"count":1,"href":"https:\/\/esviafm.com\/index.php\/wp-json\/wp\/v2\/posts\/11820\/revisions"}],"predecessor-version":[{"id":11825,"href":"https:\/\/esviafm.com\/index.php\/wp-json\/wp\/v2\/posts\/11820\/revisions\/11825"}],"wp:attachment":[{"href":"https:\/\/esviafm.com\/index.php\/wp-json\/wp\/v2\/media?parent=11820"}],"wp:term":[{"taxonomy":"category","embeddable":true,"href":"https:\/\/esviafm.com\/index.php\/wp-json\/wp\/v2\/categories?post=11820"},{"taxonomy":"post_tag","embeddable":true,"href":"https:\/\/esviafm.com\/index.php\/wp-json\/wp\/v2\/tags?post=11820"}],"curies":[{"name":"wp","href":"https:\/\/api.w.org\/{rel}","templated":true}]}}